{"id":80660,"date":"2018-09-05T09:40:42","date_gmt":"2018-09-05T12:40:42","guid":{"rendered":"http:\/\/www.hoymercedes.com.ar\/principal\/?p=80660"},"modified":"2018-09-05T09:40:42","modified_gmt":"2018-09-05T12:40:42","slug":"abogados-colocaron-placa-y-arbol-por-su-102-aniversario","status":"publish","type":"post","link":"https:\/\/www.hoymercedes.com.ar\/principal\/2018\/09\/05\/abogados-colocaron-placa-y-arbol-por-su-102-aniversario\/","title":{"rendered":"Abogados colocaron placa y \u00e1rbol por su 102\u00b0 aniversario"},"content":{"rendered":"<p>Exactamente a la hora 16, en la avenida 40 a pocos metros de la rotonda que intercede con la Avenida 1, abogados de la Comisi\u00f3n Directiva del Colegio de Abogados del departamento Judicial Mercedes se hicieron presentes para hacer un peque\u00f1o, breve y sencillo acto en el que descubrieron una placa que recuerda los 102 a\u00f1os de la instituci\u00f3n y plantaron un \u00e1rbol como s\u00edmbolo de su compromiso con la comunidad.<\/p>\n<p><img loading=\"lazy\" decoding=\"async\" data-attachment-id=\"80663\" data-permalink=\"https:\/\/www.hoymercedes.com.ar\/principal\/2018\/09\/05\/abogados-colocaron-placa-y-arbol-por-su-102-aniversario\/05-abogados-3\/#main\" data-orig-file=\"https:\/\/www.hoymercedes.com.ar\/principal\/wp-content\/uploads\/2018\/09\/05-abogados-3.jpg\" data-orig-size=\"772,514\" data-comments-opened=\"0\" data-image-meta=\"{&quot;aperture&quot;:&quot;0&quot;,&quot;credit&quot;:&quot;&quot;,&quot;camera&quot;:&quot;&quot;,&quot;caption&quot;:&quot;&quot;,&quot;created_timestamp&quot;:&quot;0&quot;,&quot;copyright&quot;:&quot;&quot;,&quot;focal_length&quot;:&quot;0&quot;,&quot;iso&quot;:&quot;0&quot;,&quot;shutter_speed&quot;:&quot;0&quot;,&quot;title&quot;:&quot;&quot;,&quot;orientation&quot;:&quot;0&quot;}\" data-image-title=\"05 abogados 3\" data-image-description=\"\" data-image-caption=\"\" data-large-file=\"https:\/\/www.hoymercedes.com.ar\/principal\/wp-content\/uploads\/2018\/09\/05-abogados-3.jpg\" class=\"aligncenter size-medium wp-image-80663\" src=\"https:\/\/www.hoymercedes.com.ar\/principal\/wp-content\/uploads\/2018\/09\/05-abogados-3-630x419.jpg\" alt=\"\" width=\"630\" height=\"419\" srcset=\"https:\/\/www.hoymercedes.com.ar\/principal\/wp-content\/uploads\/2018\/09\/05-abogados-3-630x419.jpg 630w, https:\/\/www.hoymercedes.com.ar\/principal\/wp-content\/uploads\/2018\/09\/05-abogados-3-150x100.jpg 150w, https:\/\/www.hoymercedes.com.ar\/principal\/wp-content\/uploads\/2018\/09\/05-abogados-3.jpg 772w\" sizes=\"auto, (max-width: 630px) 100vw, 630px\" \/><\/p>\n<p>A partir de este a\u00f1o, el Consejo Directivo decidi\u00f3 comenzar con esta acci\u00f3n que se reproducir\u00e1 en cada una de las localidades que integran el Departamento Judicial. El descubrimiento de placa y la plantaci\u00f3n del \u00e1rbol se realiz\u00f3 por primera vez en Mercedes, cabecera y sede central del Colegio de Abogados.<\/p>\n<p>\u201cLa idea es que en cada aniversario plantemos un \u00e1rbol en las comunidades que integran el Departamento Judicial para mostrar, de alguna manera, cu\u00e1l es nuestra voluntad y aporte en la atenci\u00f3n de las voluntades de la gente y con la comunidad entera. El proyecto surgi\u00f3 de la mano de la Dra. Leva y nos encant\u00f3. As\u00ed que este acto fue el primero de varios que haremos en las distintas ciudades del Departamento Judicial\u201d, explic\u00f3 el titular del Colegio de Abogados de Mercedes.<\/p>\n<p><img loading=\"lazy\" decoding=\"async\" data-attachment-id=\"80664\" data-permalink=\"https:\/\/www.hoymercedes.com.ar\/principal\/2018\/09\/05\/abogados-colocaron-placa-y-arbol-por-su-102-aniversario\/05-abogados-4\/#main\" data-orig-file=\"https:\/\/www.hoymercedes.com.ar\/principal\/wp-content\/uploads\/2018\/09\/05-abogados-4.jpg\" data-orig-size=\"750,563\" data-comments-opened=\"0\" data-image-meta=\"{&quot;aperture&quot;:&quot;2&quot;,&quot;credit&quot;:&quot;&quot;,&quot;camera&quot;:&quot;Moto G (5S) Plus&quot;,&quot;caption&quot;:&quot;&quot;,&quot;created_timestamp&quot;:&quot;1536077501&quot;,&quot;copyright&quot;:&quot;&quot;,&quot;focal_length&quot;:&quot;3.59&quot;,&quot;iso&quot;:&quot;100&quot;,&quot;shutter_speed&quot;:&quot;0.00090252707581227&quot;,&quot;title&quot;:&quot;&quot;,&quot;orientation&quot;:&quot;1&quot;}\" data-image-title=\"05 abogados 4\" data-image-description=\"\" data-image-caption=\"\" data-large-file=\"https:\/\/www.hoymercedes.com.ar\/principal\/wp-content\/uploads\/2018\/09\/05-abogados-4.jpg\" class=\"aligncenter size-medium wp-image-80664\" src=\"https:\/\/www.hoymercedes.com.ar\/principal\/wp-content\/uploads\/2018\/09\/05-abogados-4-630x473.jpg\" alt=\"\" width=\"630\" height=\"473\" srcset=\"https:\/\/www.hoymercedes.com.ar\/principal\/wp-content\/uploads\/2018\/09\/05-abogados-4-630x473.jpg 630w, https:\/\/www.hoymercedes.com.ar\/principal\/wp-content\/uploads\/2018\/09\/05-abogados-4-150x113.jpg 150w, https:\/\/www.hoymercedes.com.ar\/principal\/wp-content\/uploads\/2018\/09\/05-abogados-4.jpg 750w\" sizes=\"auto, (max-width: 630px) 100vw, 630px\" \/><\/p>\n<p>En el acto, estuvieron presentes miembros del Consejo Directivo\u00a0 Doctores Mateo Laborde, Lucas Ricardo G\u00f3mez,\u00a0 Julia Elena de Paola, Enrique Omar S\u00e1nchez y Director de la Caja de Previsi\u00f3n Social para abog. Pcia Bs\u00a0 As Dr.\u00a0 Fernando Florella, el gerente Dr. Marcelo Mendiola y la Secretaria Acad\u00e9mica Dra. Patricia Leva.<\/p>\n<p><img loading=\"lazy\" decoding=\"async\" data-attachment-id=\"80661\" data-permalink=\"https:\/\/www.hoymercedes.com.ar\/principal\/2018\/09\/05\/abogados-colocaron-placa-y-arbol-por-su-102-aniversario\/05-abogados-1\/#main\" data-orig-file=\"https:\/\/www.hoymercedes.com.ar\/principal\/wp-content\/uploads\/2018\/09\/05-abogados-1.jpg\" data-orig-size=\"772,514\" data-comments-opened=\"0\" data-image-meta=\"{&quot;aperture&quot;:&quot;0&quot;,&quot;credit&quot;:&quot;&quot;,&quot;camera&quot;:&quot;&quot;,&quot;caption&quot;:&quot;&quot;,&quot;created_timestamp&quot;:&quot;0&quot;,&quot;copyright&quot;:&quot;&quot;,&quot;focal_length&quot;:&quot;0&quot;,&quot;iso&quot;:&quot;0&quot;,&quot;shutter_speed&quot;:&quot;0&quot;,&quot;title&quot;:&quot;&quot;,&quot;orientation&quot;:&quot;0&quot;}\" data-image-title=\"05 abogados 1\" data-image-description=\"\" data-image-caption=\"\" data-large-file=\"https:\/\/www.hoymercedes.com.ar\/principal\/wp-content\/uploads\/2018\/09\/05-abogados-1.jpg\" class=\"aligncenter size-medium wp-image-80661\" src=\"https:\/\/www.hoymercedes.com.ar\/principal\/wp-content\/uploads\/2018\/09\/05-abogados-1-630x419.jpg\" alt=\"\" width=\"630\" height=\"419\" srcset=\"https:\/\/www.hoymercedes.com.ar\/principal\/wp-content\/uploads\/2018\/09\/05-abogados-1-630x419.jpg 630w, https:\/\/www.hoymercedes.com.ar\/principal\/wp-content\/uploads\/2018\/09\/05-abogados-1-150x100.jpg 150w, https:\/\/www.hoymercedes.com.ar\/principal\/wp-content\/uploads\/2018\/09\/05-abogados-1.jpg 772w\" sizes=\"auto, (max-width: 630px) 100vw, 630px\" \/><\/p>\n<p><img loading=\"lazy\" decoding=\"async\" data-attachment-id=\"80662\" data-permalink=\"https:\/\/www.hoymercedes.com.ar\/principal\/2018\/09\/05\/abogados-colocaron-placa-y-arbol-por-su-102-aniversario\/05-abogados-2\/#main\" data-orig-file=\"https:\/\/www.hoymercedes.com.ar\/principal\/wp-content\/uploads\/2018\/09\/05-abogados-2.jpg\" data-orig-size=\"774,1032\" data-comments-opened=\"0\" data-image-meta=\"{&quot;aperture&quot;:&quot;0&quot;,&quot;credit&quot;:&quot;&quot;,&quot;camera&quot;:&quot;&quot;,&quot;caption&quot;:&quot;&quot;,&quot;created_timestamp&quot;:&quot;0&quot;,&quot;copyright&quot;:&quot;&quot;,&quot;focal_length&quot;:&quot;0&quot;,&quot;iso&quot;:&quot;0&quot;,&quot;shutter_speed&quot;:&quot;0&quot;,&quot;title&quot;:&quot;&quot;,&quot;orientation&quot;:&quot;0&quot;}\" data-image-title=\"05 abogados 2\" data-image-description=\"\" data-image-caption=\"\" data-large-file=\"https:\/\/www.hoymercedes.com.ar\/principal\/wp-content\/uploads\/2018\/09\/05-abogados-2-768x1024.jpg\" class=\"aligncenter size-medium wp-image-80662\" src=\"https:\/\/www.hoymercedes.com.ar\/principal\/wp-content\/uploads\/2018\/09\/05-abogados-2-465x620.jpg\" alt=\"\" width=\"465\" height=\"620\" srcset=\"https:\/\/www.hoymercedes.com.ar\/principal\/wp-content\/uploads\/2018\/09\/05-abogados-2-465x620.jpg 465w, https:\/\/www.hoymercedes.com.ar\/principal\/wp-content\/uploads\/2018\/09\/05-abogados-2-113x150.jpg 113w, https:\/\/www.hoymercedes.com.ar\/principal\/wp-content\/uploads\/2018\/09\/05-abogados-2-768x1024.jpg 768w, https:\/\/www.hoymercedes.com.ar\/principal\/wp-content\/uploads\/2018\/09\/05-abogados-2.jpg 774w\" sizes=\"auto, (max-width: 465px) 100vw, 465px\" \/><\/p>\n","protected":false},"excerpt":{"rendered":"<p>Exactamente a la hora 16, en la avenida 40 a pocos metros de la rotonda que intercede con la Avenida &#8230; <a title=\"Abogados colocaron placa y \u00e1rbol por su 102\u00b0 aniversario\" class=\"read-more\" href=\"https:\/\/www.hoymercedes.com.ar\/principal\/2018\/09\/05\/abogados-colocaron-placa-y-arbol-por-su-102-aniversario\/\" aria-label=\"Leer m\u00e1s sobre Abogados colocaron placa y \u00e1rbol por su 102\u00b0 aniversario\">Leer m\u00e1s<\/a><\/p>\n","protected":false},"author":1,"featured_media":80661,"comment_status":"closed","ping_status":"open","sticky":false,"template":"","format":"standard","meta":{"_monsterinsights_skip_tracking":false,"_monsterinsights_sitenote_active":false,"_monsterinsights_sitenote_note":"","_monsterinsights_sitenote_category":0,"jetpack_post_was_ever_published":false,"_jetpack_newsletter_access":"","_jetpack_dont_email_post_to_subs":false,"_jetpack_newsletter_tier_id":0,"_jetpack_memberships_contains_paywalled_content":false,"_jetpack_memberships_contains_paid_content":false,"footnotes":"","jetpack_publicize_message":"","jetpack_publicize_feature_enabled":true,"jetpack_social_post_already_shared":true,"jetpack_social_options":{"image_generator_settings":{"template":"highway","default_image_id":0,"font":"","enabled":false},"version":2},"_wpas_customize_per_network":false},"categories":[8],"tags":[8829,603,2425,7802],"class_list":["post-80660","post","type-post","status-publish","format-standard","has-post-thumbnail","hentry","category-sociedad","tag-aniversario","tag-colegio-de-abogados-mercedes","tag-departamento-judicial-mercedes","tag-sociedad","generate-columns","tablet-grid-50","mobile-grid-100","grid-parent","grid-50"],"jetpack_publicize_connections":[],"jetpack_featured_media_url":"https:\/\/www.hoymercedes.com.ar\/principal\/wp-content\/uploads\/2018\/09\/05-abogados-1.jpg","wps_subtitle":"En la tarde del martes","jetpack_sharing_enabled":true,"_links":{"self":[{"href":"https:\/\/www.hoymercedes.com.ar\/principal\/wp-json\/wp\/v2\/posts\/80660","targetHints":{"allow":["GET"]}}],"collection":[{"href":"https:\/\/www.hoymercedes.com.ar\/principal\/wp-json\/wp\/v2\/posts"}],"about":[{"href":"https:\/\/www.hoymercedes.com.ar\/principal\/wp-json\/wp\/v2\/types\/post"}],"author":[{"embeddable":true,"href":"https:\/\/www.hoymercedes.com.ar\/principal\/wp-json\/wp\/v2\/users\/1"}],"replies":[{"embeddable":true,"href":"https:\/\/www.hoymercedes.com.ar\/principal\/wp-json\/wp\/v2\/comments?post=80660"}],"version-history":[{"count":0,"href":"https:\/\/www.hoymercedes.com.ar\/principal\/wp-json\/wp\/v2\/posts\/80660\/revisions"}],"wp:featuredmedia":[{"embeddable":true,"href":"https:\/\/www.hoymercedes.com.ar\/principal\/wp-json\/wp\/v2\/media\/80661"}],"wp:attachment":[{"href":"https:\/\/www.hoymercedes.com.ar\/principal\/wp-json\/wp\/v2\/media?parent=80660"}],"wp:term":[{"taxonomy":"category","embeddable":true,"href":"https:\/\/www.hoymercedes.com.ar\/principal\/wp-json\/wp\/v2\/categories?post=80660"},{"taxonomy":"post_tag","embeddable":true,"href":"https:\/\/www.hoymercedes.com.ar\/principal\/wp-json\/wp\/v2\/tags?post=80660"}],"curies":[{"name":"wp","href":"https:\/\/api.w.org\/{rel}","templated":true}]}}