{"id":80698,"date":"2018-09-06T22:24:59","date_gmt":"2018-09-07T01:24:59","guid":{"rendered":"http:\/\/www.hoymercedes.com.ar\/principal\/?p=80698"},"modified":"2018-09-06T06:28:38","modified_gmt":"2018-09-06T09:28:38","slug":"el-handball-femenino-viajo-a-bragado","status":"publish","type":"post","link":"https:\/\/www.hoymercedes.com.ar\/principal\/2018\/09\/06\/el-handball-femenino-viajo-a-bragado\/","title":{"rendered":"El handball femenino viaj\u00f3 a Bragado"},"content":{"rendered":"<p>En una nueva fecha de la Copa de la Asociaci\u00f3n de Amigos del Balonmano (AsAmBal), el equipo femenino viaj\u00f3 a la ciudad de Bragado para disputar dos nuevos partidos, mientras que el conjunto masculino tuvo jornada de descanso. Las chicas se presentaron en el Complejo Deportivo Municipal para enfrentar en primera instancia a la Escuela Municipal de 25 de Mayo, al que vencieron por 20 a 13 con una destacada actuaci\u00f3n de Sof\u00eda Albornoz y Emilia Bartolomeo que convirtieron 6 goles cada una de ellas.<\/p>\n<p><img loading=\"lazy\" decoding=\"async\" data-attachment-id=\"80699\" data-permalink=\"https:\/\/www.hoymercedes.com.ar\/principal\/2018\/09\/06\/el-handball-femenino-viajo-a-bragado\/handball-asamball\/#main\" data-orig-file=\"https:\/\/www.hoymercedes.com.ar\/principal\/wp-content\/uploads\/2018\/09\/Handball-Asamball.jpg\" data-orig-size=\"650,409\" data-comments-opened=\"0\" data-image-meta=\"{&quot;aperture&quot;:&quot;0&quot;,&quot;credit&quot;:&quot;&quot;,&quot;camera&quot;:&quot;&quot;,&quot;caption&quot;:&quot;&quot;,&quot;created_timestamp&quot;:&quot;0&quot;,&quot;copyright&quot;:&quot;&quot;,&quot;focal_length&quot;:&quot;0&quot;,&quot;iso&quot;:&quot;0&quot;,&quot;shutter_speed&quot;:&quot;0&quot;,&quot;title&quot;:&quot;&quot;,&quot;orientation&quot;:&quot;0&quot;}\" data-image-title=\"Handball Asamball\" data-image-description=\"\" data-image-caption=\"\" data-large-file=\"https:\/\/www.hoymercedes.com.ar\/principal\/wp-content\/uploads\/2018\/09\/Handball-Asamball.jpg\" class=\"aligncenter size-medium wp-image-80699\" src=\"https:\/\/www.hoymercedes.com.ar\/principal\/wp-content\/uploads\/2018\/09\/Handball-Asamball-630x396.jpg\" alt=\"\" width=\"630\" height=\"396\" srcset=\"https:\/\/www.hoymercedes.com.ar\/principal\/wp-content\/uploads\/2018\/09\/Handball-Asamball-630x396.jpg 630w, https:\/\/www.hoymercedes.com.ar\/principal\/wp-content\/uploads\/2018\/09\/Handball-Asamball-150x94.jpg 150w, https:\/\/www.hoymercedes.com.ar\/principal\/wp-content\/uploads\/2018\/09\/Handball-Asamball.jpg 650w\" sizes=\"auto, (max-width: 630px) 100vw, 630px\" \/><\/p>\n<p>En el segundo partido de la jornada y con solo una hora de descanso, se midieron con el elenco de Navarro, a quienes ya hab\u00edan enfrentado hace unos 7 d\u00edas. Pero las chicas no tuvieron piernas para cerrar el partido y empataron en 11 goles. Las dirigidas por el profesor Leonardo Gonz\u00e1lez cerraron una jornada positiva, sumando 5 unidades que las escalo a la cuarta colocaci\u00f3n en la tabla de posiciones, detr\u00e1s de Riestra y Chivilcoy.<\/p>\n<p>El conjunto mercedino estuvo integrado por Catalina Dom\u00ednguez, Mar\u00eda Ruggia, Josefina Zoni, Rebeca Ayala, Lourdes Contardi, Emilia Bartolomeo, Sof\u00eda Albornoz, Soledad Cornes, Carla Campioni y Sof\u00eda Campioni. Los elencos de mayores tendr\u00e1n su actividad el pr\u00f3ximo fin de semana, pero fuera de la cancha, en donde realizaran una cena solidaria el 8 de septiembre para recaudar dinero y afrontar los gastos de las \u00faltimas fechas de la Copa AsAmBal. La cena se realizar\u00e1 en el gimnasio del CEF N\u00b040, tendr\u00e1 un costo de $180 y contar\u00e1 con incre\u00edbles sorteos y show musical de Lucas Maidana.<\/p>\n","protected":false},"excerpt":{"rendered":"<p>En una nueva fecha de la Copa de la Asociaci\u00f3n de Amigos del Balonmano (AsAmBal), el equipo femenino viaj\u00f3 a &#8230; <a title=\"El handball femenino viaj\u00f3 a Bragado\" class=\"read-more\" href=\"https:\/\/www.hoymercedes.com.ar\/principal\/2018\/09\/06\/el-handball-femenino-viajo-a-bragado\/\" aria-label=\"Leer m\u00e1s sobre El handball femenino viaj\u00f3 a Bragado\">Leer m\u00e1s<\/a><\/p>\n","protected":false},"author":1,"featured_media":80699,"comment_status":"closed","ping_status":"open","sticky":false,"template":"","format":"standard","meta":{"_monsterinsights_skip_tracking":false,"_monsterinsights_sitenote_active":false,"_monsterinsights_sitenote_note":"","_monsterinsights_sitenote_category":0,"jetpack_post_was_ever_published":false,"_jetpack_newsletter_access":"","_jetpack_dont_email_post_to_subs":false,"_jetpack_newsletter_tier_id":0,"_jetpack_memberships_contains_paywalled_content":false,"_jetpack_memberships_contains_paid_content":false,"footnotes":"","jetpack_publicize_message":"","jetpack_publicize_feature_enabled":true,"jetpack_social_post_already_shared":true,"jetpack_social_options":{"image_generator_settings":{"template":"highway","default_image_id":0,"font":"","enabled":false},"version":2},"_wpas_customize_per_network":false},"categories":[21],"tags":[],"class_list":["post-80698","post","type-post","status-publish","format-standard","has-post-thumbnail","hentry","category-deportes","generate-columns","tablet-grid-50","mobile-grid-100","grid-parent","grid-50"],"jetpack_publicize_connections":[],"jetpack_featured_media_url":"https:\/\/www.hoymercedes.com.ar\/principal\/wp-content\/uploads\/2018\/09\/Handball-Asamball.jpg","wps_subtitle":"","jetpack_sharing_enabled":true,"_links":{"self":[{"href":"https:\/\/www.hoymercedes.com.ar\/principal\/wp-json\/wp\/v2\/posts\/80698","targetHints":{"allow":["GET"]}}],"collection":[{"href":"https:\/\/www.hoymercedes.com.ar\/principal\/wp-json\/wp\/v2\/posts"}],"about":[{"href":"https:\/\/www.hoymercedes.com.ar\/principal\/wp-json\/wp\/v2\/types\/post"}],"author":[{"embeddable":true,"href":"https:\/\/www.hoymercedes.com.ar\/principal\/wp-json\/wp\/v2\/users\/1"}],"replies":[{"embeddable":true,"href":"https:\/\/www.hoymercedes.com.ar\/principal\/wp-json\/wp\/v2\/comments?post=80698"}],"version-history":[{"count":0,"href":"https:\/\/www.hoymercedes.com.ar\/principal\/wp-json\/wp\/v2\/posts\/80698\/revisions"}],"wp:featuredmedia":[{"embeddable":true,"href":"https:\/\/www.hoymercedes.com.ar\/principal\/wp-json\/wp\/v2\/media\/80699"}],"wp:attachment":[{"href":"https:\/\/www.hoymercedes.com.ar\/principal\/wp-json\/wp\/v2\/media?parent=80698"}],"wp:term":[{"taxonomy":"category","embeddable":true,"href":"https:\/\/www.hoymercedes.com.ar\/principal\/wp-json\/wp\/v2\/categories?post=80698"},{"taxonomy":"post_tag","embeddable":true,"href":"https:\/\/www.hoymercedes.com.ar\/principal\/wp-json\/wp\/v2\/tags?post=80698"}],"curies":[{"name":"wp","href":"https:\/\/api.w.org\/{rel}","templated":true}]}}