{"id":8072,"date":"2011-10-07T12:59:57","date_gmt":"2011-10-07T12:59:57","guid":{"rendered":"http:\/\/www.hoymercedes.com.ar\/principal\/?p=8072"},"modified":"2011-10-07T12:59:57","modified_gmt":"2011-10-07T12:59:57","slug":"inuguran-la-planta-de-separacion-y-tratamiento-de-residuos-solidos-domiciliarios","status":"publish","type":"post","link":"https:\/\/www.hoymercedes.com.ar\/principal\/2011\/10\/07\/inuguran-la-planta-de-separacion-y-tratamiento-de-residuos-solidos-domiciliarios\/","title":{"rendered":"Inuguran la Planta de Separaci\u00f3n y Tratamiento  de Res\u00edduos S\u00f3lidos Domiciliarios"},"content":{"rendered":"<p><a href=\"https:\/\/www.hoymercedes.com.ar\/principal\/wp-content\/uploads\/2011\/10\/Planta-Clasificacion-Residuos-II.jpg\"><img loading=\"lazy\" decoding=\"async\" data-attachment-id=\"8074\" data-permalink=\"https:\/\/www.hoymercedes.com.ar\/principal\/2011\/10\/07\/inuguran-la-planta-de-separacion-y-tratamiento-de-residuos-solidos-domiciliarios\/planta-clasificacion-residuos-ii\/#main\" data-orig-file=\"https:\/\/www.hoymercedes.com.ar\/principal\/wp-content\/uploads\/2011\/10\/Planta-Clasificacion-Residuos-II.jpg\" data-orig-size=\"612,407\" data-comments-opened=\"1\" data-image-meta=\"{&quot;aperture&quot;:&quot;11&quot;,&quot;credit&quot;:&quot;&quot;,&quot;camera&quot;:&quot;NIKON D50&quot;,&quot;caption&quot;:&quot;&quot;,&quot;created_timestamp&quot;:&quot;1317904682&quot;,&quot;copyright&quot;:&quot;&quot;,&quot;focal_length&quot;:&quot;28&quot;,&quot;iso&quot;:&quot;0&quot;,&quot;shutter_speed&quot;:&quot;0.002&quot;,&quot;title&quot;:&quot;&quot;}\" data-image-title=\"Planta-Clasificacion-Residuos-II\" data-image-description=\"\" data-image-caption=\"\" data-large-file=\"https:\/\/www.hoymercedes.com.ar\/principal\/wp-content\/uploads\/2011\/10\/Planta-Clasificacion-Residuos-II.jpg\" class=\"aligncenter size-full wp-image-8074\" title=\"Planta-Clasificacion-Residuos-II\" src=\"https:\/\/www.hoymercedes.com.ar\/principal\/wp-content\/uploads\/2011\/10\/Planta-Clasificacion-Residuos-II.jpg\" alt=\"\" width=\"612\" height=\"407\" \/><\/a><\/p>\n<p>El acto se concretar\u00e1 a partir de las 15.30h. en el predio de la prolongaci\u00f3n de Avenida 29 antes del cruce con la Ruta Provincial 41. Junto a las autoridades municipales participar\u00e1n de la inauguraci\u00f3n funcionarios de la Provincia de Buenos Aires<\/p>\n<p>El intendente Municipal Carlos Selva acompa\u00f1ado por integrantes de su gabinete, de rerpresentantes de entidades ambientalistas no gubernamentales y funcionarios del gobierno provincial proceder\u00e1 esta tarde a partir de las 15.30 a inaugurar la Planta de Separaci\u00f3n y Tratamiento de Residuos S\u00f3lidos Urbanos que desde hace varios a\u00f1os comenz\u00f3 a construirse junto al basurero municipal a cielo abierto emplazado en el predio.<\/p>\n<p>El jefe comunal de nuestra ciudad sostuvo al referirse al evento <em>\u00abcon la inauguraci\u00f3n protocolar de la planta comenzaremos con las pruebas correspondientes de\u00a0funcionamiento\u00a0para la puesta en marcha definitiva de este verdadero anhelo que nuestra gesti\u00f3n al frente del municipio pretend\u00eda concretar para beneficiar a toda nuestra comunidad, una planta en la que la comuna ha venido invirtiendo dinero a lo largo de los \u00faltimos cuatro a\u00f1os, una obra que tiene que ver con la atenci\u00f3n directa del Medio Ambiente, el \u00fanico tema que ten\u00eda una vinculaci\u00f3n fuerte y directa con el municipio m\u00e1s all\u00e1 que el mismo no sea el \u00fanico tema relacionado con el ambiente que debemos solucionar en nuestra ciudad.\u00a0<\/em><\/p>\n<p><a href=\"https:\/\/www.hoymercedes.com.ar\/principal\/wp-content\/uploads\/2011\/10\/Planta-Clasificacion-Residuos.jpg\"><img loading=\"lazy\" decoding=\"async\" data-attachment-id=\"8075\" data-permalink=\"https:\/\/www.hoymercedes.com.ar\/principal\/2011\/10\/07\/inuguran-la-planta-de-separacion-y-tratamiento-de-residuos-solidos-domiciliarios\/planta-clasificacion-residuos\/#main\" data-orig-file=\"https:\/\/www.hoymercedes.com.ar\/principal\/wp-content\/uploads\/2011\/10\/Planta-Clasificacion-Residuos.jpg\" data-orig-size=\"612,407\" data-comments-opened=\"1\" data-image-meta=\"{&quot;aperture&quot;:&quot;4&quot;,&quot;credit&quot;:&quot;&quot;,&quot;camera&quot;:&quot;NIKON D50&quot;,&quot;caption&quot;:&quot;&quot;,&quot;created_timestamp&quot;:&quot;1317904803&quot;,&quot;copyright&quot;:&quot;&quot;,&quot;focal_length&quot;:&quot;28&quot;,&quot;iso&quot;:&quot;0&quot;,&quot;shutter_speed&quot;:&quot;0.016666666666667&quot;,&quot;title&quot;:&quot;&quot;}\" data-image-title=\"Planta-Clasificacion-Residuos\" data-image-description=\"\" data-image-caption=\"\" data-large-file=\"https:\/\/www.hoymercedes.com.ar\/principal\/wp-content\/uploads\/2011\/10\/Planta-Clasificacion-Residuos.jpg\" class=\"aligncenter size-full wp-image-8075\" title=\"Planta-Clasificacion-Residuos\" src=\"https:\/\/www.hoymercedes.com.ar\/principal\/wp-content\/uploads\/2011\/10\/Planta-Clasificacion-Residuos.jpg\" alt=\"\" width=\"612\" height=\"407\" srcset=\"https:\/\/www.hoymercedes.com.ar\/principal\/wp-content\/uploads\/2011\/10\/Planta-Clasificacion-Residuos.jpg 612w, https:\/\/www.hoymercedes.com.ar\/principal\/wp-content\/uploads\/2011\/10\/Planta-Clasificacion-Residuos-300x199.jpg 300w\" sizes=\"auto, (max-width: 612px) 100vw, 612px\" \/><\/a><\/p>\n<p><em>Lo que espec\u00edficamente nos compet\u00eda como municipio que no hab\u00edamos podido resolver durante la primera gesti\u00f3n de gobierno lo estamos haciendo ahora luego de muchos a\u00f1os, como lo manifest\u00e9 de aportes genuinos del erario municipal para concretar la mayor\u00eda de las cosas que ya existen dentro de la planta junto al basurero a cielo abierto.<\/em><\/p>\n<p><em>Se trata de una obra importante con toda la complejidad que la misma tiene porque eso significa adem\u00e1s de las inversiones econ\u00f3micas que superan los cuatro millones de pesos hubo que dotar al lugar del recurso humano necesario para poder llevar adelantes las tareas previstas y eso fue algo complejo de organizar debido a que quisimos darle la oportunidad a aquellas personas que a lo largo de toda su vida trabajaron en el basurero, que pudiesen cambiar su condici\u00f3n de vida y ello no es f\u00e1cil debido a que se trata de una modificaci\u00f3n en el paradigma de su situaci\u00f3n social dejando de ser el cl\u00e1sico ciruja que busca el recupero de todo aquello que puede serle \u00fatil en lo personal y lo hace r\u00e1oido tratando de estar siempre primero para no perder ese recuerpo con lo cual la tarea que hacian era totalmente competitiva y eso nos para nada bueno, en cambio nosotros planteamos que cada uno de ellos pasar\u00eda a formar parte de una estrictura com\u00fan de trabajo, que iban a tener una obra social, que deb\u00edan cumplir un horario y tambi\u00e9n gozar de los beneficios de la indumentar\u00eda que les provee el municipio y que deber\u00e1n trabajar en conjunto, todo esto nos demand\u00f3 mucho esfuerzo y por ello es que nos demoramos un mes en tener todo listo para poder empezar\u00bb.<\/em><\/p>\n<p>N\u00e1s adelante Carlos Selva sostuvo <em>\u00abya tenemos trodo lo referente a las maquinarias en orden incluso con la \u00faltima aadquisisci\u00f3n que como se recordar\u00e1 cuando la presentamos tiene un costo de alrededopr de los 700 mil peos, todo lo fuimos haciendo poco a poco porque la idea fue siempre hacerlo con una financiacvi\u00f3n propia y eso es lo que finalmente hemos concretado.\u00a0Ahora comenzar\u00e1 otro trabajo que tiene que ver con la selecci\u00f3n y clasificaci\u00f3n de los residuos\u00bb<\/em><\/p>\n","protected":false},"excerpt":{"rendered":"<p>El acto se concretar\u00e1 a partir de las 15.30h. en el predio de la prolongaci\u00f3n de Avenida 29 antes del &#8230; <a title=\"Inuguran la Planta de Separaci\u00f3n y Tratamiento  de Res\u00edduos S\u00f3lidos Domiciliarios\" class=\"read-more\" href=\"https:\/\/www.hoymercedes.com.ar\/principal\/2011\/10\/07\/inuguran-la-planta-de-separacion-y-tratamiento-de-residuos-solidos-domiciliarios\/\" aria-label=\"Leer m\u00e1s sobre Inuguran la Planta de Separaci\u00f3n y Tratamiento  de Res\u00edduos S\u00f3lidos Domiciliarios\">Leer m\u00e1s<\/a><\/p>\n","protected":false},"author":1,"featured_media":0,"comment_status":"open","ping_status":"open","sticky":false,"template":"","format":"standard","meta":{"_monsterinsights_skip_tracking":false,"_monsterinsights_sitenote_active":false,"_monsterinsights_sitenote_note":"","_monsterinsights_sitenote_category":0,"jetpack_post_was_ever_published":false,"_jetpack_newsletter_access":"","_jetpack_dont_email_post_to_subs":false,"_jetpack_newsletter_tier_id":0,"_jetpack_memberships_contains_paywalled_content":false,"_jetpack_memberships_contains_paid_content":false,"footnotes":"","jetpack_publicize_message":"","jetpack_publicize_feature_enabled":true,"jetpack_social_post_already_shared":false,"jetpack_social_options":{"image_generator_settings":{"template":"highway","default_image_id":0,"font":"","enabled":false},"version":2},"_wpas_customize_per_network":false},"categories":[30],"tags":[43,10,1434],"class_list":["post-8072","post","type-post","status-publish","format-standard","hentry","category-municipio","tag-medio-ambiente","tag-mercedes","tag-planta-de-tratamiento-de-residuos","generate-columns","tablet-grid-50","mobile-grid-100","grid-parent","grid-50"],"jetpack_publicize_connections":[],"jetpack_featured_media_url":"","wps_subtitle":"","jetpack_sharing_enabled":true,"_links":{"self":[{"href":"https:\/\/www.hoymercedes.com.ar\/principal\/wp-json\/wp\/v2\/posts\/8072","targetHints":{"allow":["GET"]}}],"collection":[{"href":"https:\/\/www.hoymercedes.com.ar\/principal\/wp-json\/wp\/v2\/posts"}],"about":[{"href":"https:\/\/www.hoymercedes.com.ar\/principal\/wp-json\/wp\/v2\/types\/post"}],"author":[{"embeddable":true,"href":"https:\/\/www.hoymercedes.com.ar\/principal\/wp-json\/wp\/v2\/users\/1"}],"replies":[{"embeddable":true,"href":"https:\/\/www.hoymercedes.com.ar\/principal\/wp-json\/wp\/v2\/comments?post=8072"}],"version-history":[{"count":0,"href":"https:\/\/www.hoymercedes.com.ar\/principal\/wp-json\/wp\/v2\/posts\/8072\/revisions"}],"wp:attachment":[{"href":"https:\/\/www.hoymercedes.com.ar\/principal\/wp-json\/wp\/v2\/media?parent=8072"}],"wp:term":[{"taxonomy":"category","embeddable":true,"href":"https:\/\/www.hoymercedes.com.ar\/principal\/wp-json\/wp\/v2\/categories?post=8072"},{"taxonomy":"post_tag","embeddable":true,"href":"https:\/\/www.hoymercedes.com.ar\/principal\/wp-json\/wp\/v2\/tags?post=8072"}],"curies":[{"name":"wp","href":"https:\/\/api.w.org\/{rel}","templated":true}]}}