{"id":80722,"date":"2018-09-07T10:52:36","date_gmt":"2018-09-07T13:52:36","guid":{"rendered":"http:\/\/www.hoymercedes.com.ar\/principal\/?p=80722"},"modified":"2018-09-06T17:02:48","modified_gmt":"2018-09-06T20:02:48","slug":"mercedinos-corrieron-en-los-21k-de-buenos-aires-y-tambien-en-cucullu","status":"publish","type":"post","link":"https:\/\/www.hoymercedes.com.ar\/principal\/2018\/09\/07\/mercedinos-corrieron-en-los-21k-de-buenos-aires-y-tambien-en-cucullu\/","title":{"rendered":"Mercedinos corrieron en los 21K de Buenos Aires y tambien en Cucull\u00fa"},"content":{"rendered":"<p>En la Media marat\u00f3n de Buenos Aires, con record de inscriptos, hubo muchos mercedinos presentes, entre ellos este grupo del Gimnasio Deport Club de Gast\u00f3n Bello, a qui\u00e9n vemos en la foto junto a Karina Niciforo, Karina Massa, Mart\u00edn Perrone, Rosana Carrizo, Vanina Crivelli y Candelaria R\u00e9vora.<\/p>\n<p><img loading=\"lazy\" decoding=\"async\" data-attachment-id=\"80723\" data-permalink=\"https:\/\/www.hoymercedes.com.ar\/principal\/2018\/09\/07\/mercedinos-corrieron-en-los-21k-de-buenos-aires-y-tambien-en-cucullu\/cucullu-atletismo\/#main\" data-orig-file=\"https:\/\/www.hoymercedes.com.ar\/principal\/wp-content\/uploads\/2018\/09\/Cucull\u00fa-atletismo.jpg\" data-orig-size=\"800,600\" data-comments-opened=\"0\" data-image-meta=\"{&quot;aperture&quot;:&quot;0&quot;,&quot;credit&quot;:&quot;&quot;,&quot;camera&quot;:&quot;&quot;,&quot;caption&quot;:&quot;&quot;,&quot;created_timestamp&quot;:&quot;0&quot;,&quot;copyright&quot;:&quot;&quot;,&quot;focal_length&quot;:&quot;0&quot;,&quot;iso&quot;:&quot;0&quot;,&quot;shutter_speed&quot;:&quot;0&quot;,&quot;title&quot;:&quot;&quot;,&quot;orientation&quot;:&quot;0&quot;}\" data-image-title=\"Cucull\u00fa atletismo\" data-image-description=\"\" data-image-caption=\"\" data-large-file=\"https:\/\/www.hoymercedes.com.ar\/principal\/wp-content\/uploads\/2018\/09\/Cucull\u00fa-atletismo.jpg\" class=\"aligncenter size-medium wp-image-80723\" src=\"https:\/\/www.hoymercedes.com.ar\/principal\/wp-content\/uploads\/2018\/09\/Cucull\u00fa-atletismo-630x473.jpg\" alt=\"\" width=\"630\" height=\"473\" srcset=\"https:\/\/www.hoymercedes.com.ar\/principal\/wp-content\/uploads\/2018\/09\/Cucull\u00fa-atletismo-630x473.jpg 630w, https:\/\/www.hoymercedes.com.ar\/principal\/wp-content\/uploads\/2018\/09\/Cucull\u00fa-atletismo-150x113.jpg 150w, https:\/\/www.hoymercedes.com.ar\/principal\/wp-content\/uploads\/2018\/09\/Cucull\u00fa-atletismo.jpg 800w\" sizes=\"auto, (max-width: 630px) 100vw, 630px\" \/><\/p>\n<div class=\"pvc_clear\">\n<p>Como todos los primeros domingos de septiembre, en alusi\u00f3n a los festejos patronales de la ciudad de Cucullu, se desarroll\u00f3 la 19na marat\u00f3n. Un evento que fue creciendo a\u00f1o a a\u00f1o, comenzando con una modesta participaci\u00f3n de 10 atletas y, a la actual edici\u00f3n, se lleg\u00f3 a la suma de 365 corredores tanto en la prueba principal de 8k como en los 3k participativos.<\/p>\n<p>En tanto, varios deportistas de la ciudad de Mercedes se hicieron presentes en el lugar, logrando algunos podios en las diferentes categor\u00edas que conformaron los 8k. Entre ellos, Romina Fajardo termin\u00f3 2da en los 3k, mientras que la categor\u00eda principal, Roberto Potes fue 1ro en 44 a 49, \u00a0Carlos Robledo 3ro en 55 a 59 y Pablo Morales 2do en 35 a 39. Tambi\u00e9n particip\u00f3 un amplio n\u00famero de mercedinos como Carolina Simonet,\u00a0 Andrea Palleros,\u00a0 Emiliano Antar, Facundo Robledo, Hern\u00e1n Cestari, Dar\u00edo Gallo, Daniel Biale, Roberto Amado, Pedro Lascano, Jorge Santana, Marcelo Z\u00e1rate, H\u00e9ctor Zunino. Emanuel Madrazo, entre otros.<\/p>\n<\/div>\n","protected":false},"excerpt":{"rendered":"<p>En la Media marat\u00f3n de Buenos Aires, con record de inscriptos, hubo muchos mercedinos presentes, entre ellos este grupo del &#8230; <a title=\"Mercedinos corrieron en los 21K de Buenos Aires y tambien en Cucull\u00fa\" class=\"read-more\" href=\"https:\/\/www.hoymercedes.com.ar\/principal\/2018\/09\/07\/mercedinos-corrieron-en-los-21k-de-buenos-aires-y-tambien-en-cucullu\/\" aria-label=\"Leer m\u00e1s sobre Mercedinos corrieron en los 21K de Buenos Aires y tambien en Cucull\u00fa\">Leer m\u00e1s<\/a><\/p>\n","protected":false},"author":1,"featured_media":80723,"comment_status":"closed","ping_status":"open","sticky":false,"template":"","format":"standard","meta":{"_monsterinsights_skip_tracking":false,"_monsterinsights_sitenote_active":false,"_monsterinsights_sitenote_note":"","_monsterinsights_sitenote_category":0,"jetpack_post_was_ever_published":false,"_jetpack_newsletter_access":"","_jetpack_dont_email_post_to_subs":false,"_jetpack_newsletter_tier_id":0,"_jetpack_memberships_contains_paywalled_content":false,"_jetpack_memberships_contains_paid_content":false,"footnotes":"","jetpack_publicize_message":"","jetpack_publicize_feature_enabled":true,"jetpack_social_post_already_shared":true,"jetpack_social_options":{"image_generator_settings":{"template":"highway","default_image_id":0,"font":"","enabled":false},"version":2},"_wpas_customize_per_network":false},"categories":[21],"tags":[9571,803,204],"class_list":["post-80722","post","type-post","status-publish","format-standard","has-post-thumbnail","hentry","category-deportes","tag-21k","tag-atletismo","tag-deportes-2","generate-columns","tablet-grid-50","mobile-grid-100","grid-parent","grid-50"],"jetpack_publicize_connections":[],"jetpack_featured_media_url":"https:\/\/www.hoymercedes.com.ar\/principal\/wp-content\/uploads\/2018\/09\/Cucull\u00fa-atletismo.jpg","wps_subtitle":"Atletismo","jetpack_sharing_enabled":true,"_links":{"self":[{"href":"https:\/\/www.hoymercedes.com.ar\/principal\/wp-json\/wp\/v2\/posts\/80722","targetHints":{"allow":["GET"]}}],"collection":[{"href":"https:\/\/www.hoymercedes.com.ar\/principal\/wp-json\/wp\/v2\/posts"}],"about":[{"href":"https:\/\/www.hoymercedes.com.ar\/principal\/wp-json\/wp\/v2\/types\/post"}],"author":[{"embeddable":true,"href":"https:\/\/www.hoymercedes.com.ar\/principal\/wp-json\/wp\/v2\/users\/1"}],"replies":[{"embeddable":true,"href":"https:\/\/www.hoymercedes.com.ar\/principal\/wp-json\/wp\/v2\/comments?post=80722"}],"version-history":[{"count":0,"href":"https:\/\/www.hoymercedes.com.ar\/principal\/wp-json\/wp\/v2\/posts\/80722\/revisions"}],"wp:featuredmedia":[{"embeddable":true,"href":"https:\/\/www.hoymercedes.com.ar\/principal\/wp-json\/wp\/v2\/media\/80723"}],"wp:attachment":[{"href":"https:\/\/www.hoymercedes.com.ar\/principal\/wp-json\/wp\/v2\/media?parent=80722"}],"wp:term":[{"taxonomy":"category","embeddable":true,"href":"https:\/\/www.hoymercedes.com.ar\/principal\/wp-json\/wp\/v2\/categories?post=80722"},{"taxonomy":"post_tag","embeddable":true,"href":"https:\/\/www.hoymercedes.com.ar\/principal\/wp-json\/wp\/v2\/tags?post=80722"}],"curies":[{"name":"wp","href":"https:\/\/api.w.org\/{rel}","templated":true}]}}