{"id":80726,"date":"2018-09-06T08:10:14","date_gmt":"2018-09-06T11:10:14","guid":{"rendered":"http:\/\/www.hoymercedes.com.ar\/principal\/?p=80726"},"modified":"2018-09-06T08:08:24","modified_gmt":"2018-09-06T11:08:24","slug":"despiste-en-ruta-5-entre-suipacha-y-chivilcoy","status":"publish","type":"post","link":"https:\/\/www.hoymercedes.com.ar\/principal\/2018\/09\/06\/despiste-en-ruta-5-entre-suipacha-y-chivilcoy\/","title":{"rendered":"Despiste en Ruta 5 entre Suipacha y Chivilcoy"},"content":{"rendered":"<p>Cerca de las 20:20 horas del mi\u00e9rcoles, se produjo el despiste de una pick up que remolcaba un tr\u00e1iler, a la altura del km 138 de la ruta nacional 5 , en jurisdicci\u00f3n del partido de Suipacha.<\/p>\n<p>El siniestro se produjo a la altura del km 138, en la subida al puente ubicado sobre el arroyo \u201cLa Salada\u201d cuando una pick up Ford F100, dominio FPE-799, color gris claro que remolcaba un tr\u00e1iler transportando un caballo de carrera, que circulaba en direcci\u00f3n Suipacha-Chivilcoy, conducida por Carlos Espejo, de 52 a\u00f1os quien viajaba acompa\u00f1ado por Raul Eduardo Rodriguez, de 70 a\u00f1os ambos domiciliados en la ciudad de 25 de mayo, al aproximarse a la subida del puente , aparentemente a ra\u00edz de un desperfecto mec\u00e1nico que deja al veh\u00edculo sin direcci\u00f3n, haciendo que se pase a la mano contraria donde luego de embestir el guard raid, cae por el alto terrapl\u00e9n a la zona de pr\u00e9stamo , que se halla con agua.<\/p>\n<p>El veh\u00edculo circulaba proveniente de Capital Federal hacia la ciudad de 25 de mayo.<br \/>\nAfortunadamente a pesar de la magnitud y las caracter\u00edsticas del hecho, \u00fanicamente el acompa\u00f1ante de la pick up fue trasladado por una ambulancia del SAME local al Hospital Municipal Esteban Iribarne de Suipacha, para una revisi\u00f3n de rutina, siendo dado de alta a los pocos minutos., en tanto el conductor y el equino que transportaban resultaron ilesos.<\/p>\n<p>Intervino Polic\u00eda Comunal, Bomberos Voluntarios y Ambulancia del Same de Suipacha.<\/p>\n<p>Colaboraci\u00f3n: Jorge Lasala de Suipacha<\/p>\n","protected":false},"excerpt":{"rendered":"<p>Cerca de las 20:20 horas del mi\u00e9rcoles, se produjo el despiste de una pick up que remolcaba un tr\u00e1iler, a &#8230; <a title=\"Despiste en Ruta 5 entre Suipacha y Chivilcoy\" class=\"read-more\" href=\"https:\/\/www.hoymercedes.com.ar\/principal\/2018\/09\/06\/despiste-en-ruta-5-entre-suipacha-y-chivilcoy\/\" aria-label=\"Leer m\u00e1s sobre Despiste en Ruta 5 entre Suipacha y Chivilcoy\">Leer m\u00e1s<\/a><\/p>\n","protected":false},"author":1,"featured_media":80727,"comment_status":"closed","ping_status":"open","sticky":false,"template":"","format":"standard","meta":{"_monsterinsights_skip_tracking":false,"_monsterinsights_sitenote_active":false,"_monsterinsights_sitenote_note":"","_monsterinsights_sitenote_category":0,"jetpack_post_was_ever_published":false,"_jetpack_newsletter_access":"","_jetpack_dont_email_post_to_subs":false,"_jetpack_newsletter_tier_id":0,"_jetpack_memberships_contains_paywalled_content":false,"_jetpack_memberships_contains_paid_content":false,"footnotes":"","jetpack_publicize_message":"","jetpack_publicize_feature_enabled":true,"jetpack_social_post_already_shared":true,"jetpack_social_options":{"image_generator_settings":{"template":"highway","default_image_id":0,"font":"","enabled":false},"version":2},"_wpas_customize_per_network":false},"categories":[85],"tags":[13679,96,538,559],"class_list":["post-80726","post","type-post","status-publish","format-standard","has-post-thumbnail","hentry","category-policial","tag-despiste","tag-policial-2","tag-ruta-5","tag-suipacha","generate-columns","tablet-grid-50","mobile-grid-100","grid-parent","grid-50"],"jetpack_publicize_connections":[],"jetpack_featured_media_url":"https:\/\/www.hoymercedes.com.ar\/principal\/wp-content\/uploads\/2018\/09\/06-despistte-R5.jpg","wps_subtitle":"","jetpack_sharing_enabled":true,"_links":{"self":[{"href":"https:\/\/www.hoymercedes.com.ar\/principal\/wp-json\/wp\/v2\/posts\/80726","targetHints":{"allow":["GET"]}}],"collection":[{"href":"https:\/\/www.hoymercedes.com.ar\/principal\/wp-json\/wp\/v2\/posts"}],"about":[{"href":"https:\/\/www.hoymercedes.com.ar\/principal\/wp-json\/wp\/v2\/types\/post"}],"author":[{"embeddable":true,"href":"https:\/\/www.hoymercedes.com.ar\/principal\/wp-json\/wp\/v2\/users\/1"}],"replies":[{"embeddable":true,"href":"https:\/\/www.hoymercedes.com.ar\/principal\/wp-json\/wp\/v2\/comments?post=80726"}],"version-history":[{"count":0,"href":"https:\/\/www.hoymercedes.com.ar\/principal\/wp-json\/wp\/v2\/posts\/80726\/revisions"}],"wp:featuredmedia":[{"embeddable":true,"href":"https:\/\/www.hoymercedes.com.ar\/principal\/wp-json\/wp\/v2\/media\/80727"}],"wp:attachment":[{"href":"https:\/\/www.hoymercedes.com.ar\/principal\/wp-json\/wp\/v2\/media?parent=80726"}],"wp:term":[{"taxonomy":"category","embeddable":true,"href":"https:\/\/www.hoymercedes.com.ar\/principal\/wp-json\/wp\/v2\/categories?post=80726"},{"taxonomy":"post_tag","embeddable":true,"href":"https:\/\/www.hoymercedes.com.ar\/principal\/wp-json\/wp\/v2\/tags?post=80726"}],"curies":[{"name":"wp","href":"https:\/\/api.w.org\/{rel}","templated":true}]}}