{"id":80740,"date":"2018-09-06T10:54:49","date_gmt":"2018-09-06T13:54:49","guid":{"rendered":"http:\/\/www.hoymercedes.com.ar\/principal\/?p=80740"},"modified":"2018-09-06T10:58:29","modified_gmt":"2018-09-06T13:58:29","slug":"el-ministro-ferrari-estara-en-mercedes-este-viernes","status":"publish","type":"post","link":"https:\/\/www.hoymercedes.com.ar\/principal\/2018\/09\/06\/el-ministro-ferrari-estara-en-mercedes-este-viernes\/","title":{"rendered":"El Ministro Ferrari estar\u00e1 en Mercedes este viernes"},"content":{"rendered":"<p>El Ministro de Justicia Bonaerense Gustavo Ferrari se har\u00e1 presente este viernes 7 de septiembre en la ciudad de Mercedes.<\/p>\n<p>Desde la ma\u00f1ana har\u00e1 una visita y recorrida por los talleres de panader\u00eda y chapa y pintura de la Unidad 5 del Servicio Penitenciario Bonaerense para luego visitar al Centro de Atenci\u00f3n a la V\u00edctima y Acceso de Justicia CAVAJ.<\/p>\n<p>Cerca de las dos de la tarde participar\u00e1 de una charla en el Colegio de Abogados de Mercedes sobre la reforma integral de la Justicia.<\/p>\n","protected":false},"excerpt":{"rendered":"<p>El Ministro de Justicia Bonaerense Gustavo Ferrari se har\u00e1 presente este viernes 7 de septiembre en la ciudad de Mercedes. &#8230; <a title=\"El Ministro Ferrari estar\u00e1 en Mercedes este viernes\" class=\"read-more\" href=\"https:\/\/www.hoymercedes.com.ar\/principal\/2018\/09\/06\/el-ministro-ferrari-estara-en-mercedes-este-viernes\/\" aria-label=\"Leer m\u00e1s sobre El Ministro Ferrari estar\u00e1 en Mercedes este viernes\">Leer m\u00e1s<\/a><\/p>\n","protected":false},"author":1,"featured_media":80743,"comment_status":"closed","ping_status":"open","sticky":false,"template":"","format":"standard","meta":{"_monsterinsights_skip_tracking":false,"_monsterinsights_sitenote_active":false,"_monsterinsights_sitenote_note":"","_monsterinsights_sitenote_category":0,"jetpack_post_was_ever_published":false,"_jetpack_newsletter_access":"","_jetpack_dont_email_post_to_subs":false,"_jetpack_newsletter_tier_id":0,"_jetpack_memberships_contains_paywalled_content":false,"_jetpack_memberships_contains_paid_content":false,"footnotes":"","jetpack_publicize_message":"","jetpack_publicize_feature_enabled":true,"jetpack_social_post_already_shared":true,"jetpack_social_options":{"image_generator_settings":{"template":"highway","default_image_id":0,"font":"","enabled":false},"version":2},"_wpas_customize_per_network":false},"categories":[8881],"tags":[1011,928,10289,1803],"class_list":["post-80740","post","type-post","status-publish","format-standard","has-post-thumbnail","hentry","category-provincia","tag-carcel","tag-colegio-de-abogados","tag-ministro-de-justicia","tag-provincia","generate-columns","tablet-grid-50","mobile-grid-100","grid-parent","grid-50"],"jetpack_publicize_connections":[],"jetpack_featured_media_url":"https:\/\/www.hoymercedes.com.ar\/principal\/wp-content\/uploads\/2018\/09\/G._Ferrari.jpg","wps_subtitle":"","jetpack_sharing_enabled":true,"_links":{"self":[{"href":"https:\/\/www.hoymercedes.com.ar\/principal\/wp-json\/wp\/v2\/posts\/80740","targetHints":{"allow":["GET"]}}],"collection":[{"href":"https:\/\/www.hoymercedes.com.ar\/principal\/wp-json\/wp\/v2\/posts"}],"about":[{"href":"https:\/\/www.hoymercedes.com.ar\/principal\/wp-json\/wp\/v2\/types\/post"}],"author":[{"embeddable":true,"href":"https:\/\/www.hoymercedes.com.ar\/principal\/wp-json\/wp\/v2\/users\/1"}],"replies":[{"embeddable":true,"href":"https:\/\/www.hoymercedes.com.ar\/principal\/wp-json\/wp\/v2\/comments?post=80740"}],"version-history":[{"count":0,"href":"https:\/\/www.hoymercedes.com.ar\/principal\/wp-json\/wp\/v2\/posts\/80740\/revisions"}],"wp:featuredmedia":[{"embeddable":true,"href":"https:\/\/www.hoymercedes.com.ar\/principal\/wp-json\/wp\/v2\/media\/80743"}],"wp:attachment":[{"href":"https:\/\/www.hoymercedes.com.ar\/principal\/wp-json\/wp\/v2\/media?parent=80740"}],"wp:term":[{"taxonomy":"category","embeddable":true,"href":"https:\/\/www.hoymercedes.com.ar\/principal\/wp-json\/wp\/v2\/categories?post=80740"},{"taxonomy":"post_tag","embeddable":true,"href":"https:\/\/www.hoymercedes.com.ar\/principal\/wp-json\/wp\/v2\/tags?post=80740"}],"curies":[{"name":"wp","href":"https:\/\/api.w.org\/{rel}","templated":true}]}}