{"id":80748,"date":"2018-09-06T15:42:24","date_gmt":"2018-09-06T18:42:24","guid":{"rendered":"http:\/\/www.hoymercedes.com.ar\/principal\/?p=80748"},"modified":"2018-09-06T15:44:09","modified_gmt":"2018-09-06T18:44:09","slug":"habra-una-pena-solidaria-a-beneficio-de-caidim-y-bomberos","status":"publish","type":"post","link":"https:\/\/www.hoymercedes.com.ar\/principal\/2018\/09\/06\/habra-una-pena-solidaria-a-beneficio-de-caidim-y-bomberos\/","title":{"rendered":"Habr\u00e1 una pe\u00f1a solidaria a beneficio de CAIDIM y Bomberos"},"content":{"rendered":"<p>El pr\u00f3ximo domingo 9 de septiembre se llevar\u00e1 adelante una nueva pe\u00f1a solidaria. En esta oportunidad, los beneficiados son el taller protegido CAIDIM y los Bomberos Voluntarios. Desde el mediod\u00eda ser\u00e1 en el predio a cielo abierto del Mart\u00edn Rodr\u00edguez. El costo de entrada es de $50. Habr\u00e1 varios artistas en vivo y atracciones para los m\u00e1s peque\u00f1os.\u00a0En esta pe\u00f1a actuar\u00e1n\u00a0Oscar Rosello, Los L\u00f3pez Heredia, el Ballet Santa Cecilia, un ballet de Luj\u00e1n y m\u00e1s artistas relacionados con el folklore.<\/p>\n<p>&nbsp;<\/p>\n","protected":false},"excerpt":{"rendered":"<p>El pr\u00f3ximo domingo 9 de septiembre se llevar\u00e1 adelante una nueva pe\u00f1a solidaria. En esta oportunidad, los beneficiados son el &#8230; <a title=\"Habr\u00e1 una pe\u00f1a solidaria a beneficio de CAIDIM y Bomberos\" class=\"read-more\" href=\"https:\/\/www.hoymercedes.com.ar\/principal\/2018\/09\/06\/habra-una-pena-solidaria-a-beneficio-de-caidim-y-bomberos\/\" aria-label=\"Leer m\u00e1s sobre Habr\u00e1 una pe\u00f1a solidaria a beneficio de CAIDIM y Bomberos\">Leer m\u00e1s<\/a><\/p>\n","protected":false},"author":1,"featured_media":80749,"comment_status":"closed","ping_status":"open","sticky":false,"template":"","format":"standard","meta":{"_monsterinsights_skip_tracking":false,"_monsterinsights_sitenote_active":false,"_monsterinsights_sitenote_note":"","_monsterinsights_sitenote_category":0,"jetpack_post_was_ever_published":false,"_jetpack_newsletter_access":"","_jetpack_dont_email_post_to_subs":false,"_jetpack_newsletter_tier_id":0,"_jetpack_memberships_contains_paywalled_content":false,"_jetpack_memberships_contains_paid_content":false,"footnotes":"","jetpack_publicize_message":"","jetpack_publicize_feature_enabled":true,"jetpack_social_post_already_shared":true,"jetpack_social_options":{"image_generator_settings":{"template":"highway","default_image_id":0,"font":"","enabled":false},"version":2},"_wpas_customize_per_network":false},"categories":[104],"tags":[4128,2483,7805,10,10138],"class_list":["post-80748","post","type-post","status-publish","format-standard","has-post-thumbnail","hentry","category-cultura","tag-bomberos","tag-caidim","tag-cultura","tag-mercedes","tag-pena-solidaria","generate-columns","tablet-grid-50","mobile-grid-100","grid-parent","grid-50"],"jetpack_publicize_connections":[],"jetpack_featured_media_url":"https:\/\/www.hoymercedes.com.ar\/principal\/wp-content\/uploads\/2018\/09\/06-pe\u00f1a-caidim-bom.jpg","wps_subtitle":"Domingo 9 de septiembre","jetpack_sharing_enabled":true,"_links":{"self":[{"href":"https:\/\/www.hoymercedes.com.ar\/principal\/wp-json\/wp\/v2\/posts\/80748","targetHints":{"allow":["GET"]}}],"collection":[{"href":"https:\/\/www.hoymercedes.com.ar\/principal\/wp-json\/wp\/v2\/posts"}],"about":[{"href":"https:\/\/www.hoymercedes.com.ar\/principal\/wp-json\/wp\/v2\/types\/post"}],"author":[{"embeddable":true,"href":"https:\/\/www.hoymercedes.com.ar\/principal\/wp-json\/wp\/v2\/users\/1"}],"replies":[{"embeddable":true,"href":"https:\/\/www.hoymercedes.com.ar\/principal\/wp-json\/wp\/v2\/comments?post=80748"}],"version-history":[{"count":0,"href":"https:\/\/www.hoymercedes.com.ar\/principal\/wp-json\/wp\/v2\/posts\/80748\/revisions"}],"wp:featuredmedia":[{"embeddable":true,"href":"https:\/\/www.hoymercedes.com.ar\/principal\/wp-json\/wp\/v2\/media\/80749"}],"wp:attachment":[{"href":"https:\/\/www.hoymercedes.com.ar\/principal\/wp-json\/wp\/v2\/media?parent=80748"}],"wp:term":[{"taxonomy":"category","embeddable":true,"href":"https:\/\/www.hoymercedes.com.ar\/principal\/wp-json\/wp\/v2\/categories?post=80748"},{"taxonomy":"post_tag","embeddable":true,"href":"https:\/\/www.hoymercedes.com.ar\/principal\/wp-json\/wp\/v2\/tags?post=80748"}],"curies":[{"name":"wp","href":"https:\/\/api.w.org\/{rel}","templated":true}]}}