{"id":80769,"date":"2018-09-07T16:45:08","date_gmt":"2018-09-07T19:45:08","guid":{"rendered":"http:\/\/www.hoymercedes.com.ar\/principal\/?p=80769"},"modified":"2018-09-07T16:37:55","modified_gmt":"2018-09-07T19:37:55","slug":"premio-caduceo-para-tito-vallese","status":"publish","type":"post","link":"https:\/\/www.hoymercedes.com.ar\/principal\/2018\/09\/07\/premio-caduceo-para-tito-vallese\/","title":{"rendered":"Premio CADUCEO para Tito Vallese"},"content":{"rendered":"<p>En la noche del jueves se entregaron los premios CADUCEO que otorga el Consejo Profesional de Ciencias Econ\u00f3micas de la provincia de Buenos Aires. Este a\u00f1o, el que recibi\u00f3 uno de los premios fue el mercedino Tito Vallese por su programa \u00abSonando, la m\u00fasica creativa\u00bb en la categor\u00eda mejor programa de jazz de la radiofon\u00eda provincial.<\/p>\n<p>El acto realizado en la ciudad de La Plata fue el momento de entrega de todos los premios a los programas radiales destacados de cada una de las localidades bonaerenses. A la hora de los agradecimiento, Vallese subi\u00f3 a recibir el premio por su programa, pero tambi\u00e9n por su trayectoria y compromiso con la radiofon\u00eda mercedina.<\/p>\n<p>Actualmente Tito conduce \u00abSonando, la m\u00fasica creativa\u00bb que se transmite los domingos de 20 a 24 horas por Radio Santa Mar\u00eda FM 88,y se repite de lunes a viernes a las 21 hs.<\/p>\n<p>\u00abUn merecido y justo premio a qui\u00e9n ha difundido con profesionalidad durante 60 a\u00f1os m\u00fasica de calidad interpretativa.\u00a0Felicitaciones Tito.\u00bb expres\u00f3 el responsable de la FM Santa Mar\u00eda, Alfredo Uncal.<\/p>\n","protected":false},"excerpt":{"rendered":"<p>En la noche del jueves se entregaron los premios CADUCEO que otorga el Consejo Profesional de Ciencias Econ\u00f3micas de la &#8230; <a title=\"Premio CADUCEO para Tito Vallese\" class=\"read-more\" href=\"https:\/\/www.hoymercedes.com.ar\/principal\/2018\/09\/07\/premio-caduceo-para-tito-vallese\/\" aria-label=\"Leer m\u00e1s sobre Premio CADUCEO para Tito Vallese\">Leer m\u00e1s<\/a><\/p>\n","protected":false},"author":1,"featured_media":80770,"comment_status":"closed","ping_status":"open","sticky":false,"template":"","format":"standard","meta":{"_monsterinsights_skip_tracking":false,"_monsterinsights_sitenote_active":false,"_monsterinsights_sitenote_note":"","_monsterinsights_sitenote_category":0,"jetpack_post_was_ever_published":false,"_jetpack_newsletter_access":"","_jetpack_dont_email_post_to_subs":false,"_jetpack_newsletter_tier_id":0,"_jetpack_memberships_contains_paywalled_content":false,"_jetpack_memberships_contains_paid_content":false,"footnotes":"","jetpack_publicize_message":"","jetpack_publicize_feature_enabled":true,"jetpack_social_post_already_shared":true,"jetpack_social_options":{"image_generator_settings":{"template":"highway","default_image_id":0,"font":"","enabled":false},"version":2},"_wpas_customize_per_network":false},"categories":[104],"tags":[7805,10,13686,9219,12109],"class_list":["post-80769","post","type-post","status-publish","format-standard","has-post-thumbnail","hentry","category-cultura","tag-cultura","tag-mercedes","tag-premios-caduceo","tag-radio","tag-santa-maria","generate-columns","tablet-grid-50","mobile-grid-100","grid-parent","grid-50"],"jetpack_publicize_connections":[],"jetpack_featured_media_url":"https:\/\/www.hoymercedes.com.ar\/principal\/wp-content\/uploads\/2018\/09\/07-tito-vallese-e1536348252172.jpg","wps_subtitle":"Por su programa radial","jetpack_sharing_enabled":true,"_links":{"self":[{"href":"https:\/\/www.hoymercedes.com.ar\/principal\/wp-json\/wp\/v2\/posts\/80769","targetHints":{"allow":["GET"]}}],"collection":[{"href":"https:\/\/www.hoymercedes.com.ar\/principal\/wp-json\/wp\/v2\/posts"}],"about":[{"href":"https:\/\/www.hoymercedes.com.ar\/principal\/wp-json\/wp\/v2\/types\/post"}],"author":[{"embeddable":true,"href":"https:\/\/www.hoymercedes.com.ar\/principal\/wp-json\/wp\/v2\/users\/1"}],"replies":[{"embeddable":true,"href":"https:\/\/www.hoymercedes.com.ar\/principal\/wp-json\/wp\/v2\/comments?post=80769"}],"version-history":[{"count":0,"href":"https:\/\/www.hoymercedes.com.ar\/principal\/wp-json\/wp\/v2\/posts\/80769\/revisions"}],"wp:featuredmedia":[{"embeddable":true,"href":"https:\/\/www.hoymercedes.com.ar\/principal\/wp-json\/wp\/v2\/media\/80770"}],"wp:attachment":[{"href":"https:\/\/www.hoymercedes.com.ar\/principal\/wp-json\/wp\/v2\/media?parent=80769"}],"wp:term":[{"taxonomy":"category","embeddable":true,"href":"https:\/\/www.hoymercedes.com.ar\/principal\/wp-json\/wp\/v2\/categories?post=80769"},{"taxonomy":"post_tag","embeddable":true,"href":"https:\/\/www.hoymercedes.com.ar\/principal\/wp-json\/wp\/v2\/tags?post=80769"}],"curies":[{"name":"wp","href":"https:\/\/api.w.org\/{rel}","templated":true}]}}