{"id":80776,"date":"2018-09-07T18:00:33","date_gmt":"2018-09-07T21:00:33","guid":{"rendered":"http:\/\/www.hoymercedes.com.ar\/principal\/?p=80776"},"modified":"2018-09-07T17:42:10","modified_gmt":"2018-09-07T20:42:10","slug":"estreno-de-la-monja-en-el-cine-mercedes","status":"publish","type":"post","link":"https:\/\/www.hoymercedes.com.ar\/principal\/2018\/09\/07\/estreno-de-la-monja-en-el-cine-mercedes\/","title":{"rendered":"Estreno de La Monja en el Cine Mercedes"},"content":{"rendered":"<p>Esperada pel\u00edcula de terror se estrena este viernes 7 de septiembre en el Cine Mercedes. Hasta el pr\u00f3ximo martes 11, podr\u00e1 verse en dos funciones por d\u00eda (19 y 21 horas) y el s\u00e1bado habr\u00e1 una funci\u00f3n m\u00e1s a la hora 23. Para los m\u00e1s peque\u00f1os, el s\u00e1bado y domingo vuelven a presentar la pel\u00edcula animada \u00abCoco\u00bb (16:45 horas).<\/p>\n<p><img loading=\"lazy\" decoding=\"async\" data-attachment-id=\"80777\" data-permalink=\"https:\/\/www.hoymercedes.com.ar\/principal\/2018\/09\/07\/estreno-de-la-monja-en-el-cine-mercedes\/07-cine-la-monja\/#main\" data-orig-file=\"https:\/\/www.hoymercedes.com.ar\/principal\/wp-content\/uploads\/2018\/09\/07-cine-la-monja.jpg\" data-orig-size=\"790,440\" data-comments-opened=\"0\" data-image-meta=\"{&quot;aperture&quot;:&quot;0&quot;,&quot;credit&quot;:&quot;&quot;,&quot;camera&quot;:&quot;&quot;,&quot;caption&quot;:&quot;&quot;,&quot;created_timestamp&quot;:&quot;0&quot;,&quot;copyright&quot;:&quot;&quot;,&quot;focal_length&quot;:&quot;0&quot;,&quot;iso&quot;:&quot;0&quot;,&quot;shutter_speed&quot;:&quot;0&quot;,&quot;title&quot;:&quot;&quot;,&quot;orientation&quot;:&quot;0&quot;}\" data-image-title=\"07 cine la monja\" data-image-description=\"\" data-image-caption=\"\" data-large-file=\"https:\/\/www.hoymercedes.com.ar\/principal\/wp-content\/uploads\/2018\/09\/07-cine-la-monja.jpg\" class=\"aligncenter size-medium wp-image-80777\" src=\"https:\/\/www.hoymercedes.com.ar\/principal\/wp-content\/uploads\/2018\/09\/07-cine-la-monja-630x351.jpg\" alt=\"\" width=\"630\" height=\"351\" srcset=\"https:\/\/www.hoymercedes.com.ar\/principal\/wp-content\/uploads\/2018\/09\/07-cine-la-monja-630x351.jpg 630w, https:\/\/www.hoymercedes.com.ar\/principal\/wp-content\/uploads\/2018\/09\/07-cine-la-monja-150x84.jpg 150w, https:\/\/www.hoymercedes.com.ar\/principal\/wp-content\/uploads\/2018\/09\/07-cine-la-monja.jpg 790w\" sizes=\"auto, (max-width: 630px) 100vw, 630px\" \/><\/p>\n<p>\u00abLa Monja\u00bb (+13) Del viernes 7 al martes 11 de septiembre. Funciones:\u00a019:00 hs. (2D &#8211; castellano) y\u00a021:00 hs. (2D &#8211; castellano) y s\u00e1bado trasnoche:\u00a023:00 hs. (2D &#8211; subtitulado)\u00a0Sinopsis:\u00a0Spin-off de El Conjuro. Cuando una joven monja en un convento de clausura en Rumania se quita la vida, El Vaticano env\u00eda para investigar el caso a un sacerdote con un pasado que lo atormenta y a una novicia que est\u00e1 en el umbral de sus votos finales. Juntos deber\u00e1n develar el secreto profano de la orden. Ambos se enfrentar\u00e1n, arriesgando no solo sus vidas sino adem\u00e1s su f\u00e9 y sus propias almas, a una fuerza maligna bajo la forma de la misma monja demon\u00edaca que ya aterroriz\u00f3 al p\u00fablico en \u201cEl Conjuro 2,\u201d mientras el convento se convierte en un campo de batalla entre los vivos y los condenados. G\u00e9nero: Terror.\u00a0Actores: Taissa Farmiga, Bonnie Aarons, Demi\u00e1n Bichir.\u00a0Director: Corin Hardy.\u00a0Calificaci\u00f3n: Apta para mayores de 13 a\u00f1os.\u00a0Duraci\u00f3n: 96 Minutos.\u00a0Origen: Estados Unidos.<\/p>\n<p>\u00abCoco\u00bb (ATP) S\u00e1bado 8 y domingo 9 de septiembre. Funci\u00f3n:\u00a016:45 hs. (2D &#8211; castellano)\u00a0Sinopsis: A pesar de la incomprensible prohibici\u00f3n de la m\u00fasica desde hace varias generaciones en su familia, Miguel sue\u00f1a con convertirse en un m\u00fasico consagrado, como su \u00eddolo Ernesto de la Cruz. Desesperado por probar su talento, Miguel se encuentra en la impresionante y colorida Tierra de los Muertos como resultado de una misteriosa cadena de eventos. En el camino, encuentra al simp\u00e1tico timador H\u00e9ctor, y juntos se embarcan en una extraordinaria traves\u00eda para develar la verdadera raz\u00f3n detr\u00e1s de la historia familiar de Miguel.\u00a0G\u00e9nero: Familiar, Animaci\u00f3n.\u00a0\u00a0Director: Lee Unkrich, Adrian Molina.\u00a0Calificaci\u00f3n: Apta para todo p\u00fablico.\u00a0Duraci\u00f3n: 105 Minutos\u00a0Or\u00edgen: Estados Unidos.<\/p>\n","protected":false},"excerpt":{"rendered":"<p>Esperada pel\u00edcula de terror se estrena este viernes 7 de septiembre en el Cine Mercedes. Hasta el pr\u00f3ximo martes 11, &#8230; <a title=\"Estreno de La Monja en el Cine Mercedes\" class=\"read-more\" href=\"https:\/\/www.hoymercedes.com.ar\/principal\/2018\/09\/07\/estreno-de-la-monja-en-el-cine-mercedes\/\" aria-label=\"Leer m\u00e1s sobre Estreno de La Monja en el Cine Mercedes\">Leer m\u00e1s<\/a><\/p>\n","protected":false},"author":1,"featured_media":80777,"comment_status":"closed","ping_status":"open","sticky":false,"template":"","format":"standard","meta":{"_monsterinsights_skip_tracking":false,"_monsterinsights_sitenote_active":false,"_monsterinsights_sitenote_note":"","_monsterinsights_sitenote_category":0,"jetpack_post_was_ever_published":false,"_jetpack_newsletter_access":"","_jetpack_dont_email_post_to_subs":false,"_jetpack_newsletter_tier_id":0,"_jetpack_memberships_contains_paywalled_content":false,"_jetpack_memberships_contains_paid_content":false,"footnotes":"","jetpack_publicize_message":"","jetpack_publicize_feature_enabled":true,"jetpack_social_post_already_shared":true,"jetpack_social_options":{"image_generator_settings":{"template":"highway","default_image_id":0,"font":"","enabled":false},"version":2},"_wpas_customize_per_network":false},"categories":[104],"tags":[984,7805,8643,13687,8642],"class_list":["post-80776","post","type-post","status-publish","format-standard","has-post-thumbnail","hentry","category-cultura","tag-cine-mercedes","tag-cultura","tag-estreno","tag-pelicula-de-terror","tag-programacion","generate-columns","tablet-grid-50","mobile-grid-100","grid-parent","grid-50"],"jetpack_publicize_connections":[],"jetpack_featured_media_url":"https:\/\/www.hoymercedes.com.ar\/principal\/wp-content\/uploads\/2018\/09\/07-cine-la-monja.jpg","wps_subtitle":"Desde el viernes hasta el martes","jetpack_sharing_enabled":true,"_links":{"self":[{"href":"https:\/\/www.hoymercedes.com.ar\/principal\/wp-json\/wp\/v2\/posts\/80776","targetHints":{"allow":["GET"]}}],"collection":[{"href":"https:\/\/www.hoymercedes.com.ar\/principal\/wp-json\/wp\/v2\/posts"}],"about":[{"href":"https:\/\/www.hoymercedes.com.ar\/principal\/wp-json\/wp\/v2\/types\/post"}],"author":[{"embeddable":true,"href":"https:\/\/www.hoymercedes.com.ar\/principal\/wp-json\/wp\/v2\/users\/1"}],"replies":[{"embeddable":true,"href":"https:\/\/www.hoymercedes.com.ar\/principal\/wp-json\/wp\/v2\/comments?post=80776"}],"version-history":[{"count":0,"href":"https:\/\/www.hoymercedes.com.ar\/principal\/wp-json\/wp\/v2\/posts\/80776\/revisions"}],"wp:featuredmedia":[{"embeddable":true,"href":"https:\/\/www.hoymercedes.com.ar\/principal\/wp-json\/wp\/v2\/media\/80777"}],"wp:attachment":[{"href":"https:\/\/www.hoymercedes.com.ar\/principal\/wp-json\/wp\/v2\/media?parent=80776"}],"wp:term":[{"taxonomy":"category","embeddable":true,"href":"https:\/\/www.hoymercedes.com.ar\/principal\/wp-json\/wp\/v2\/categories?post=80776"},{"taxonomy":"post_tag","embeddable":true,"href":"https:\/\/www.hoymercedes.com.ar\/principal\/wp-json\/wp\/v2\/tags?post=80776"}],"curies":[{"name":"wp","href":"https:\/\/api.w.org\/{rel}","templated":true}]}}