{"id":80779,"date":"2018-09-10T09:57:24","date_gmt":"2018-09-10T12:57:24","guid":{"rendered":"http:\/\/www.hoymercedes.com.ar\/principal\/?p=80779"},"modified":"2018-09-07T18:42:43","modified_gmt":"2018-09-07T21:42:43","slug":"heroes-anonimos-desde-el-lente-de-walter-villa","status":"publish","type":"post","link":"https:\/\/www.hoymercedes.com.ar\/principal\/2018\/09\/10\/heroes-anonimos-desde-el-lente-de-walter-villa\/","title":{"rendered":"H\u00e9roes An\u00f3nimos desde el lente de Walter Villa"},"content":{"rendered":"<p>La c\u00e1mara fotogr\u00e1fica de Walter Villa retrat\u00f3 la actividad permanente de los Bomberos Voluntarios de Mercedes y con esas im\u00e1genes arm\u00f3 una muestra titulada \u00ab\u201cH\u00e9roes an\u00f3nimos\u201d.\u00a0M\u00e1s de 15 im\u00e1genes est\u00e1n en la muestra y dejar\u00e1n al espectador inmerso en un mundo socialmente naturalizado y a la vez ciertamente desconocido. La muestra se inaugura el s\u00e1bado 15 de septiembre, 19:30 horas, en el Museo de Arte \u00abMunicipalidad de Mercedes\u00bb.<\/p>\n<p><img loading=\"lazy\" decoding=\"async\" data-attachment-id=\"80780\" data-permalink=\"https:\/\/www.hoymercedes.com.ar\/principal\/2018\/09\/10\/heroes-anonimos-desde-el-lente-de-walter-villa\/10-hroes-bn\/#main\" data-orig-file=\"https:\/\/www.hoymercedes.com.ar\/principal\/wp-content\/uploads\/2018\/09\/10-Hroes-BN.jpg\" data-orig-size=\"708,750\" data-comments-opened=\"0\" data-image-meta=\"{&quot;aperture&quot;:&quot;0&quot;,&quot;credit&quot;:&quot;&quot;,&quot;camera&quot;:&quot;&quot;,&quot;caption&quot;:&quot;&quot;,&quot;created_timestamp&quot;:&quot;1535532647&quot;,&quot;copyright&quot;:&quot;&quot;,&quot;focal_length&quot;:&quot;0&quot;,&quot;iso&quot;:&quot;0&quot;,&quot;shutter_speed&quot;:&quot;0&quot;,&quot;title&quot;:&quot;&quot;,&quot;orientation&quot;:&quot;1&quot;}\" data-image-title=\"10 Hroes BN\" data-image-description=\"\" data-image-caption=\"\" data-large-file=\"https:\/\/www.hoymercedes.com.ar\/principal\/wp-content\/uploads\/2018\/09\/10-Hroes-BN.jpg\" class=\"aligncenter size-medium wp-image-80780\" src=\"https:\/\/www.hoymercedes.com.ar\/principal\/wp-content\/uploads\/2018\/09\/10-Hroes-BN-585x620.jpg\" alt=\"\" width=\"585\" height=\"620\" srcset=\"https:\/\/www.hoymercedes.com.ar\/principal\/wp-content\/uploads\/2018\/09\/10-Hroes-BN-585x620.jpg 585w, https:\/\/www.hoymercedes.com.ar\/principal\/wp-content\/uploads\/2018\/09\/10-Hroes-BN-142x150.jpg 142w, https:\/\/www.hoymercedes.com.ar\/principal\/wp-content\/uploads\/2018\/09\/10-Hroes-BN.jpg 708w\" sizes=\"auto, (max-width: 585px) 100vw, 585px\" \/><\/p>\n<p>El fot\u00f3grafo mercedino Walter Villa guarda dentro suyo el deseo y la pasi\u00f3n que trasmiten los bomberos de nuestra ciudad. Hombres que en la cotidianidad de los d\u00edas son como cualquier otro, pero que a la hora de responder a un llamado, dejan, sin dudar un instante, la vida por los dem\u00e1s.<\/p>\n<p>Hace tres a\u00f1os, en un trabajo conjunto con los responsables del cuartel de bomberos, el artista comenz\u00f3 a experimentar c\u00f3mo se vive desde adentro la acci\u00f3n en el campo mismo de trabajo. Incendios, accidentes de transito, rescates, adrenalina en estado puro. Junto al recordado Roberto Ferrari, por entonces jefe de bomberos, decidieron tomar registro para presentar en el 75\u00ba aniversario que se cumplir\u00e1 el pr\u00f3ximo 20 de septiembre.<\/p>\n<p>\u201cMe vi envuelto en una mezcla de sentimientos variados, no es f\u00e1cil de explicar lo que vive un bombero por dentro. Mi tarea es intentar compartirlo a trav\u00e9s de las im\u00e1genes\u201d, dice Villa.<\/p>\n<p>Con sus 47 a\u00f1os, sabe que su \u00fanico l\u00edmite es la imaginaci\u00f3n. Y por eso se volc\u00f3, desde hace alg\u00fan tiempo, a la fotograf\u00eda art\u00edstica. A\u00fan as\u00ed, acept\u00f3 la compleja tarea de devolver a los bomberos algo de todo lo que ellos hacen por los vecinos de la ciudad, porque entiende que cada vez que toma su c\u00e1mara, lo hace para superarse como profesional.<\/p>\n<p>\u201cEl desaf\u00edo fue dif\u00edcil t\u00e9cnica y emocionalmente. Ten\u00e9s que saber manejarte con frialdad en momentos donde el coraz\u00f3n late muy veloz. El momento es irrepetible y no te da tiempo a calibrar la m\u00e1quina, poner los par\u00e1metros perfectos para obtener la mejor foto. Ah\u00ed entend\u00e9s que las decisiones deben tomarse en un m\u00ednimo de tiempo porque, en el caso de los bomberos, la vida de los dem\u00e1s, incluso la suya misma, est\u00e1 en serio peligro\u201d.<\/p>\n<p>Acostumbrado a participar de distintos salones de fotograf\u00eda, tanto en nuestra ciudad como en ciudades vecinas y de participar en muestras colectivas en diversos reductos culturales, \u201cH\u00e9roes An\u00f3nimos\u201d marcar\u00e1 su debut como \u00fanico expositor en un trabajo\u00a0 destacado por su calidad emotiva y realista.<\/p>\n<p>El 15 de septiembre pr\u00f3ximo, en las salas C y D del Museo de Arte de la Municipalidad de Mercedes, a las 19.30, Walter Villa rendir\u00e1 culto a la labor de quienes m\u00e1s arriesgan por el pr\u00f3jimo. \u201cLos bomberos voluntarios viven intensamente cada minuto de sus vidas. Saben que lo dan todo y pueden no volver a casa en cualquier momento. A veces naturalizamos el paso de un autobomba, con sus sirenas estridentes dejando el eco sonoro de la incertidumbre por las calles. Por eso creo que merecen este reconocimiento. Porque a ellos no les sobra tiempo, les sobra coraz\u00f3n\u201d.<\/p>\n<p>&nbsp;<\/p>\n<p>Prensa: MAMM<\/p>\n","protected":false},"excerpt":{"rendered":"<p>La c\u00e1mara fotogr\u00e1fica de Walter Villa retrat\u00f3 la actividad permanente de los Bomberos Voluntarios de Mercedes y con esas im\u00e1genes &#8230; <a title=\"H\u00e9roes An\u00f3nimos desde el lente de Walter Villa\" class=\"read-more\" href=\"https:\/\/www.hoymercedes.com.ar\/principal\/2018\/09\/10\/heroes-anonimos-desde-el-lente-de-walter-villa\/\" aria-label=\"Leer m\u00e1s sobre H\u00e9roes An\u00f3nimos desde el lente de Walter Villa\">Leer m\u00e1s<\/a><\/p>\n","protected":false},"author":1,"featured_media":80780,"comment_status":"closed","ping_status":"open","sticky":false,"template":"","format":"standard","meta":{"_monsterinsights_skip_tracking":false,"_monsterinsights_sitenote_active":false,"_monsterinsights_sitenote_note":"","_monsterinsights_sitenote_category":0,"jetpack_post_was_ever_published":false,"_jetpack_newsletter_access":"","_jetpack_dont_email_post_to_subs":false,"_jetpack_newsletter_tier_id":0,"_jetpack_memberships_contains_paywalled_content":false,"_jetpack_memberships_contains_paid_content":false,"footnotes":"","jetpack_publicize_message":"","jetpack_publicize_feature_enabled":true,"jetpack_social_post_already_shared":true,"jetpack_social_options":{"image_generator_settings":{"template":"highway","default_image_id":0,"font":"","enabled":false},"version":2},"_wpas_customize_per_network":false},"categories":[104],"tags":[7805,8679,8674,10869,13688],"class_list":["post-80779","post","type-post","status-publish","format-standard","has-post-thumbnail","hentry","category-cultura","tag-cultura","tag-fotografias","tag-mamm","tag-museo-de-arte","tag-walter-vila","generate-columns","tablet-grid-50","mobile-grid-100","grid-parent","grid-50"],"jetpack_publicize_connections":[],"jetpack_featured_media_url":"https:\/\/www.hoymercedes.com.ar\/principal\/wp-content\/uploads\/2018\/09\/10-Hroes-BN.jpg","wps_subtitle":"Muestra fotogr\u00e1fica en el MAMM","jetpack_sharing_enabled":true,"_links":{"self":[{"href":"https:\/\/www.hoymercedes.com.ar\/principal\/wp-json\/wp\/v2\/posts\/80779","targetHints":{"allow":["GET"]}}],"collection":[{"href":"https:\/\/www.hoymercedes.com.ar\/principal\/wp-json\/wp\/v2\/posts"}],"about":[{"href":"https:\/\/www.hoymercedes.com.ar\/principal\/wp-json\/wp\/v2\/types\/post"}],"author":[{"embeddable":true,"href":"https:\/\/www.hoymercedes.com.ar\/principal\/wp-json\/wp\/v2\/users\/1"}],"replies":[{"embeddable":true,"href":"https:\/\/www.hoymercedes.com.ar\/principal\/wp-json\/wp\/v2\/comments?post=80779"}],"version-history":[{"count":0,"href":"https:\/\/www.hoymercedes.com.ar\/principal\/wp-json\/wp\/v2\/posts\/80779\/revisions"}],"wp:featuredmedia":[{"embeddable":true,"href":"https:\/\/www.hoymercedes.com.ar\/principal\/wp-json\/wp\/v2\/media\/80780"}],"wp:attachment":[{"href":"https:\/\/www.hoymercedes.com.ar\/principal\/wp-json\/wp\/v2\/media?parent=80779"}],"wp:term":[{"taxonomy":"category","embeddable":true,"href":"https:\/\/www.hoymercedes.com.ar\/principal\/wp-json\/wp\/v2\/categories?post=80779"},{"taxonomy":"post_tag","embeddable":true,"href":"https:\/\/www.hoymercedes.com.ar\/principal\/wp-json\/wp\/v2\/tags?post=80779"}],"curies":[{"name":"wp","href":"https:\/\/api.w.org\/{rel}","templated":true}]}}