{"id":80806,"date":"2018-09-08T16:12:41","date_gmt":"2018-09-08T19:12:41","guid":{"rendered":"http:\/\/www.hoymercedes.com.ar\/principal\/?p=80806"},"modified":"2018-09-08T14:54:54","modified_gmt":"2018-09-08T17:54:54","slug":"anunciaron-espectaculos-y-propuestas-para-la-fiesta-del-salame-quintero","status":"publish","type":"post","link":"https:\/\/www.hoymercedes.com.ar\/principal\/2018\/09\/08\/anunciaron-espectaculos-y-propuestas-para-la-fiesta-del-salame-quintero\/","title":{"rendered":"Anunciaron espect\u00e1culos y propuestas para la Fiesta del Salame Quintero"},"content":{"rendered":"<p>El pr\u00f3ximo fin de semana &#8211; 14, 15 y 16 de septiembre &#8211; se llevar\u00e1 a cabo la 44\u00b0 Fiesta Nacional del Salame Quintero. Como cada a\u00f1o se homenajear\u00e1 a nuestros productores, pero adem\u00e1s habr\u00e1 muchos atractivos para todas las familias y turistas que se hagan presentes. Carpa de productores, patio cervecero, pe\u00f1a folkl\u00f3rica, artesanos, representaciones institucionales y empresariales ser\u00e1n parte de la convocatoria. La grilla incluye a El Pepo y la S\u00faper banda pondr\u00e1n el ritmo tropical del viernes, N\u00e9stor Garnica, la revelaci\u00f3n del momento el s\u00e1bado y el cl\u00e1sico de Bruno Arias el domingo.<\/p>\n<p>En el predio a cielo abierto habr\u00e1 picadas, artesanos, gastronom\u00eda, patio cervecero, cantinas solidarias, exposici\u00f3n, sorteos, y por supuesto, la elecci\u00f3n del productor del a\u00f1o se llevar\u00e1 a cabo durante las tres jornadas.<\/p>\n<p>Las entradas est\u00e1n a la venta: Para el d\u00eda viernes $100, s\u00e1bado y domingo $150 en boleter\u00eda, para jubilados ser\u00e1 de $80 mientras que anticipadas en la Direcci\u00f3n de Turismo tiene un valor de $100. Menores de 12 gratis.<\/p>\n<p>Grilla completa de espect\u00e1culos:<\/p>\n<p>Viernes 14 (desde las 19 hs):<\/p>\n<ul>\n<li>19.30 Ballet Municipal Estrella del Sur<\/li>\n<li>20.15 Pablo Aschero y Mamabora<\/li>\n<li>21.15 Santa Milonguita + Taller de Percusi\u00f3n Municipal<\/li>\n<li>22.00 La Clave<\/li>\n<li>23.00 EL Peppo y la s\u00faper banda<\/li>\n<li>S\u00e1bado 15<\/li>\n<\/ul>\n<p>Pe\u00f1a Folkl\u00f3rica\u00a0(desde las 13 hs):<\/p>\n<ul>\n<li>13.00 Tr\u00edo Los Amigos<\/li>\n<li>13.30 Hugo Ponce de Le\u00f3n<\/li>\n<li>14.00 Cantores de Pueblo Chico<\/li>\n<li>14.30 Escuela de Integraci\u00f3n Eva duarte, del centro cultural la Oleada<\/li>\n<li>15.00 Marisa Acosta + Sebasti\u00e1n Neiro<\/li>\n<li>15.30 Yoni Mi\u00f1o y su banda chamamecera<\/li>\n<li>16.00 H\u00e9ctor G\u00f3mez<\/li>\n<li>16.30 Semilla Agreste<\/li>\n<li>17.00 Talleres Municipales \/Fantas\u00eda Malambo<\/li>\n<li>17.30 Fernando Pazos<\/li>\n<\/ul>\n<p>Escenario Mayor\u00a0(desde las 16 hs)<\/p>\n<ul>\n<li>16:00 Los del Pedregal<\/li>\n<li>16:45 Ballet Peumayen<\/li>\n<li>17:20 Vocal Mercedes<\/li>\n<li>18:10 Ballet Ayekan<\/li>\n<li>18:30 Oscar Rosello<\/li>\n<li>19.15 Revoluci\u00f3n Folklore<\/li>\n<li>20.00 Ballet Municipal Estrella del Sur<\/li>\n<li>20.30 Ivana Cestari<\/li>\n<li>21.15 L\u00f3pez Heredia<\/li>\n<li>22:15 N\u00e9stor Garnica<\/li>\n<\/ul>\n<p>Domingo 16<\/p>\n<p>Patio folkl\u00f3rico\u00a0(desde las 11 hs)<\/p>\n<ul>\n<li>11:00 &#8211; Ballet A\u00f1oranzas de mi Tierra<\/li>\n<li>11.30 &#8211; Ballet Virgencita de Luj\u00e1n + Integraci\u00f3n<\/li>\n<li>12.00 -Ballet El Bagual<\/li>\n<li>12.30 &#8211; Ballet Ra\u00edces Mercedinas<\/li>\n<li>13.00 &#8211; Ballet Enlazando Sue\u00f1os<\/li>\n<li>13.30 &#8211; Escuela Ballet Salta<\/li>\n<li>14.00 &#8211; Ballet Herederos de mi Tierra<\/li>\n<li>14.30 &#8211; ARAMI<\/li>\n<li>15.00 &#8211; Ballet Santa Cecilia<\/li>\n<li>15.30 &#8211; Ballet Herencia Atamisque\u00f1a<\/li>\n<li>16.00 &#8211; Ballet Almas de mi Pueblo<\/li>\n<li>16.30 &#8211; Ballet Nuestra Sra de las Mercedes<\/li>\n<li>17.00 &#8211; Ballet Patria Coraz\u00f3n<\/li>\n<li>17.30 &#8211; Ballet Almafuerte<\/li>\n<\/ul>\n<p>Escenario Mayor\u00a0(desde las 14 hs)<\/p>\n<ul>\n<li>14.00 &#8211; Soko Larralde + Gonzalo Jes\u00fas<\/li>\n<li>14.45 &#8211; Martin Soler<\/li>\n<li>15.30 &#8211; Sachapampa<\/li>\n<li>16.15 &#8211; Ballet Municipal Estrella del Sur<\/li>\n<li>16.45 \u2013 Premiaci\u00f3n y remate<\/li>\n<li>17.15 &#8211; Lucas Maidana<\/li>\n<li>18.30 Bruno Arias<\/li>\n<li><\/li>\n<\/ul>\n<p>Fuente: Prensa Municipal<\/p>\n","protected":false},"excerpt":{"rendered":"<p>El pr\u00f3ximo fin de semana &#8211; 14, 15 y 16 de septiembre &#8211; se llevar\u00e1 a cabo la 44\u00b0 Fiesta &#8230; <a title=\"Anunciaron espect\u00e1culos y propuestas para la Fiesta del Salame Quintero\" class=\"read-more\" href=\"https:\/\/www.hoymercedes.com.ar\/principal\/2018\/09\/08\/anunciaron-espectaculos-y-propuestas-para-la-fiesta-del-salame-quintero\/\" aria-label=\"Leer m\u00e1s sobre Anunciaron espect\u00e1culos y propuestas para la Fiesta del Salame Quintero\">Leer m\u00e1s<\/a><\/p>\n","protected":false},"author":1,"featured_media":80807,"comment_status":"closed","ping_status":"open","sticky":false,"template":"","format":"standard","meta":{"_monsterinsights_skip_tracking":false,"_monsterinsights_sitenote_active":false,"_monsterinsights_sitenote_note":"","_monsterinsights_sitenote_category":0,"jetpack_post_was_ever_published":false,"_jetpack_newsletter_access":"","_jetpack_dont_email_post_to_subs":false,"_jetpack_newsletter_tier_id":0,"_jetpack_memberships_contains_paywalled_content":false,"_jetpack_memberships_contains_paid_content":false,"footnotes":"","jetpack_publicize_message":"","jetpack_publicize_feature_enabled":true,"jetpack_social_post_already_shared":true,"jetpack_social_options":{"image_generator_settings":{"template":"highway","default_image_id":0,"font":"","enabled":false},"version":2},"_wpas_customize_per_network":false},"categories":[30],"tags":[2692,10950,10,244],"class_list":["post-80806","post","type-post","status-publish","format-standard","has-post-thumbnail","hentry","category-municipio","tag-fiesta-del-salame-quintero","tag-grilla","tag-mercedes","tag-municipio-2","generate-columns","tablet-grid-50","mobile-grid-100","grid-parent","grid-50"],"jetpack_publicize_connections":[],"jetpack_featured_media_url":"https:\/\/www.hoymercedes.com.ar\/principal\/wp-content\/uploads\/2018\/09\/08-salame-2.jpg","wps_subtitle":"Pr\u00f3ximo fin de semana","jetpack_sharing_enabled":true,"_links":{"self":[{"href":"https:\/\/www.hoymercedes.com.ar\/principal\/wp-json\/wp\/v2\/posts\/80806","targetHints":{"allow":["GET"]}}],"collection":[{"href":"https:\/\/www.hoymercedes.com.ar\/principal\/wp-json\/wp\/v2\/posts"}],"about":[{"href":"https:\/\/www.hoymercedes.com.ar\/principal\/wp-json\/wp\/v2\/types\/post"}],"author":[{"embeddable":true,"href":"https:\/\/www.hoymercedes.com.ar\/principal\/wp-json\/wp\/v2\/users\/1"}],"replies":[{"embeddable":true,"href":"https:\/\/www.hoymercedes.com.ar\/principal\/wp-json\/wp\/v2\/comments?post=80806"}],"version-history":[{"count":0,"href":"https:\/\/www.hoymercedes.com.ar\/principal\/wp-json\/wp\/v2\/posts\/80806\/revisions"}],"wp:featuredmedia":[{"embeddable":true,"href":"https:\/\/www.hoymercedes.com.ar\/principal\/wp-json\/wp\/v2\/media\/80807"}],"wp:attachment":[{"href":"https:\/\/www.hoymercedes.com.ar\/principal\/wp-json\/wp\/v2\/media?parent=80806"}],"wp:term":[{"taxonomy":"category","embeddable":true,"href":"https:\/\/www.hoymercedes.com.ar\/principal\/wp-json\/wp\/v2\/categories?post=80806"},{"taxonomy":"post_tag","embeddable":true,"href":"https:\/\/www.hoymercedes.com.ar\/principal\/wp-json\/wp\/v2\/tags?post=80806"}],"curies":[{"name":"wp","href":"https:\/\/api.w.org\/{rel}","templated":true}]}}