{"id":80816,"date":"2018-09-08T14:52:12","date_gmt":"2018-09-08T17:52:12","guid":{"rendered":"http:\/\/www.hoymercedes.com.ar\/principal\/?p=80816"},"modified":"2018-09-08T14:52:12","modified_gmt":"2018-09-08T17:52:12","slug":"cambiemos-propone-la-creacion-de-una-planta-reciclado-de-neumaticos","status":"publish","type":"post","link":"https:\/\/www.hoymercedes.com.ar\/principal\/2018\/09\/08\/cambiemos-propone-la-creacion-de-una-planta-reciclado-de-neumaticos\/","title":{"rendered":"Cambiemos propone la creaci\u00f3n de una planta reciclado de neum\u00e1ticos"},"content":{"rendered":"<p>En el marco de la pr\u00f3xima sesi\u00f3n\u00a0del Concejo Deliberante de Mercedes, el bloque del Frente Cambiemos presenta un proyecto de ordenanza que tiene como fin crear una planta de reciclado de neum\u00e1ticos.<\/p>\n<p>El Concejal Jos\u00e9 Mar\u00eda \u201cSes\u00f3n\u201d Comesa\u00f1a explic\u00f3 que la idea surgi\u00f3 al ver el gran volumen de neum\u00e1ticos acumulados y que algunas personas lo entierran o queman, produciendo alta contaminaci\u00f3n ambiental.<\/p>\n<p>\u201cLa idea es que se cree una planta de reciclado para utilizar esos neum\u00e1ticos como materia prima de superficies deportivas. Los pisos de gomas para ciertos deportes es importante y utilizando esos neum\u00e1ticos, ser\u00e1 una forma de responder a una necesidad de los clubes\u201d cont\u00f3 el concejal.<\/p>\n<p>\u201cEl proyecto de ordenanza\u00a0faculta al Departamento Ejecutivo a crear un sector de reciclado ya sea de la comuna o que haga un convenio con privados para que se haga la recolecci\u00f3n y picado de la goma para despu\u00e9s hacer pisos u otras estructuras de goma\u201d, agreg\u00f3 Comesa\u00f1a.<\/p>\n<p>\u201cEs una \u00a0tambi\u00e9n de que se tome conciencia sobre la problem\u00e1tica del medio ambiente. Instituciones como CAIDIM hacen un excelente trabajo en el reciclado de papeles y aceite pero no puede hacer el reciclado del vidrio por cuestiones de seguridad. El reciclado es bueno no solo para la ciudad de Mercedes sino para el planeta. La goma es un trastorno. Lo que podamos reutilizar o reciclar es muy bueno\u201d, resalt\u00f3 el concejal del Frente Cambiemos ante un proyecto de ordenanza que ingresar\u00e1 al recinto este lunes y que ser\u00e1 analizado por las comisiones de trabajo del HCD.<\/p>\n","protected":false},"excerpt":{"rendered":"<p>En el marco de la pr\u00f3xima sesi\u00f3n\u00a0del Concejo Deliberante de Mercedes, el bloque del Frente Cambiemos presenta un proyecto de &#8230; <a title=\"Cambiemos propone la creaci\u00f3n de una planta reciclado de neum\u00e1ticos\" class=\"read-more\" href=\"https:\/\/www.hoymercedes.com.ar\/principal\/2018\/09\/08\/cambiemos-propone-la-creacion-de-una-planta-reciclado-de-neumaticos\/\" aria-label=\"Leer m\u00e1s sobre Cambiemos propone la creaci\u00f3n de una planta reciclado de neum\u00e1ticos\">Leer m\u00e1s<\/a><\/p>\n","protected":false},"author":1,"featured_media":78718,"comment_status":"closed","ping_status":"open","sticky":false,"template":"","format":"standard","meta":{"_monsterinsights_skip_tracking":false,"_monsterinsights_sitenote_active":false,"_monsterinsights_sitenote_note":"","_monsterinsights_sitenote_category":0,"jetpack_post_was_ever_published":false,"_jetpack_newsletter_access":"","_jetpack_dont_email_post_to_subs":false,"_jetpack_newsletter_tier_id":0,"_jetpack_memberships_contains_paywalled_content":false,"_jetpack_memberships_contains_paid_content":false,"footnotes":"","jetpack_publicize_message":"","jetpack_publicize_feature_enabled":true,"jetpack_social_post_already_shared":true,"jetpack_social_options":{"image_generator_settings":{"template":"highway","default_image_id":0,"font":"","enabled":false},"version":2},"_wpas_customize_per_network":false},"categories":[5],"tags":[7492,15,13689,5319,8666],"class_list":["post-80816","post","type-post","status-publish","format-standard","has-post-thumbnail","hentry","category-politica","tag-frente-cambiemos","tag-hcd","tag-jose-comesana","tag-politica-2","tag-proyecto","generate-columns","tablet-grid-50","mobile-grid-100","grid-parent","grid-50"],"jetpack_publicize_connections":[],"jetpack_featured_media_url":"https:\/\/www.hoymercedes.com.ar\/principal\/wp-content\/uploads\/2018\/07\/17-seson-comesana.jpg","wps_subtitle":"El proyecto ingresa al HCD","jetpack_sharing_enabled":true,"_links":{"self":[{"href":"https:\/\/www.hoymercedes.com.ar\/principal\/wp-json\/wp\/v2\/posts\/80816","targetHints":{"allow":["GET"]}}],"collection":[{"href":"https:\/\/www.hoymercedes.com.ar\/principal\/wp-json\/wp\/v2\/posts"}],"about":[{"href":"https:\/\/www.hoymercedes.com.ar\/principal\/wp-json\/wp\/v2\/types\/post"}],"author":[{"embeddable":true,"href":"https:\/\/www.hoymercedes.com.ar\/principal\/wp-json\/wp\/v2\/users\/1"}],"replies":[{"embeddable":true,"href":"https:\/\/www.hoymercedes.com.ar\/principal\/wp-json\/wp\/v2\/comments?post=80816"}],"version-history":[{"count":0,"href":"https:\/\/www.hoymercedes.com.ar\/principal\/wp-json\/wp\/v2\/posts\/80816\/revisions"}],"wp:featuredmedia":[{"embeddable":true,"href":"https:\/\/www.hoymercedes.com.ar\/principal\/wp-json\/wp\/v2\/media\/78718"}],"wp:attachment":[{"href":"https:\/\/www.hoymercedes.com.ar\/principal\/wp-json\/wp\/v2\/media?parent=80816"}],"wp:term":[{"taxonomy":"category","embeddable":true,"href":"https:\/\/www.hoymercedes.com.ar\/principal\/wp-json\/wp\/v2\/categories?post=80816"},{"taxonomy":"post_tag","embeddable":true,"href":"https:\/\/www.hoymercedes.com.ar\/principal\/wp-json\/wp\/v2\/tags?post=80816"}],"curies":[{"name":"wp","href":"https:\/\/api.w.org\/{rel}","templated":true}]}}