{"id":80885,"date":"2018-09-12T16:28:15","date_gmt":"2018-09-12T19:28:15","guid":{"rendered":"http:\/\/www.hoymercedes.com.ar\/principal\/?p=80885"},"modified":"2018-09-12T15:21:42","modified_gmt":"2018-09-12T18:21:42","slug":"club-mercedes-participo-de-la-segunda-fecha-de-ciepa","status":"publish","type":"post","link":"https:\/\/www.hoymercedes.com.ar\/principal\/2018\/09\/12\/club-mercedes-participo-de-la-segunda-fecha-de-ciepa\/","title":{"rendered":"Club Mercedes particip\u00f3 de la segunda fecha de CIEPA"},"content":{"rendered":"<p>El domingo 9 de septiembre se llev\u00f3 a cabo la segunda fecha de la liga CIEPA, en el Club SITAS de El Palomar, donde el Club Mercedes a cargo de la t\u00e9cnica nacional Mar\u00eda Laura Brunello, present\u00f3 a 34 patinadoras, en esta oportunidad, obteniendo excelentes resultados y realizando brillantes rutinas.<\/p>\n<p><img loading=\"lazy\" decoding=\"async\" data-attachment-id=\"80886\" data-permalink=\"https:\/\/www.hoymercedes.com.ar\/principal\/2018\/09\/12\/club-mercedes-participo-de-la-segunda-fecha-de-ciepa\/41452242_2218993381475590_5671804274883952640_n\/#main\" data-orig-file=\"https:\/\/www.hoymercedes.com.ar\/principal\/wp-content\/uploads\/2018\/09\/41452242_2218993381475590_5671804274883952640_n.jpg\" data-orig-size=\"4032,3024\" data-comments-opened=\"0\" data-image-meta=\"{&quot;aperture&quot;:&quot;0&quot;,&quot;credit&quot;:&quot;&quot;,&quot;camera&quot;:&quot;&quot;,&quot;caption&quot;:&quot;&quot;,&quot;created_timestamp&quot;:&quot;0&quot;,&quot;copyright&quot;:&quot;&quot;,&quot;focal_length&quot;:&quot;0&quot;,&quot;iso&quot;:&quot;0&quot;,&quot;shutter_speed&quot;:&quot;0&quot;,&quot;title&quot;:&quot;&quot;,&quot;orientation&quot;:&quot;0&quot;}\" data-image-title=\"41452242_2218993381475590_5671804274883952640_n\" data-image-description=\"\" data-image-caption=\"\" data-large-file=\"https:\/\/www.hoymercedes.com.ar\/principal\/wp-content\/uploads\/2018\/09\/41452242_2218993381475590_5671804274883952640_n-1024x768.jpg\" class=\"aligncenter size-medium wp-image-80886\" src=\"https:\/\/www.hoymercedes.com.ar\/principal\/wp-content\/uploads\/2018\/09\/41452242_2218993381475590_5671804274883952640_n-630x473.jpg\" alt=\"\" width=\"630\" height=\"473\" srcset=\"https:\/\/www.hoymercedes.com.ar\/principal\/wp-content\/uploads\/2018\/09\/41452242_2218993381475590_5671804274883952640_n-630x473.jpg 630w, https:\/\/www.hoymercedes.com.ar\/principal\/wp-content\/uploads\/2018\/09\/41452242_2218993381475590_5671804274883952640_n-150x113.jpg 150w, https:\/\/www.hoymercedes.com.ar\/principal\/wp-content\/uploads\/2018\/09\/41452242_2218993381475590_5671804274883952640_n-1024x768.jpg 1024w\" sizes=\"auto, (max-width: 630px) 100vw, 630px\" \/><\/p>\n<p>Dicho torneo estuvo fiscalizado por el Colegio de \u00c1rbitros de la Confederaci\u00f3n Argentina de Pat\u00edn.<\/p>\n<p>Los clubes que participaron fueron club Apolo, Lamadrid, Star Patin, Club SITAS, Vemme, SUVA, Estudiantes, French, Skate Queen, CASVA y Club Mercedes.<\/p>\n<p>Los resultados obtenidos fueron los siguientes:<\/p>\n<p><img decoding=\"async\" class=\"_1ift _2560 img\" src=\"https:\/\/static.xx.fbcdn.net\/images\/emoji.php\/v9\/f6d\/1\/16\/2600.png\" alt=\"\u2600\ufe0f\" \/>Categor\u00eda Incentivo:<br \/>\n<img decoding=\"async\" class=\"_1ift _2560 img\" src=\"https:\/\/static.xx.fbcdn.net\/images\/emoji.php\/v9\/fac\/1\/16\/1f4cc.png\" alt=\"\ud83d\udccc\" \/>8 a\u00f1os: Musso ana paula, 1er puesto, Zamitto ana, 2do puesto<br \/>\n<img decoding=\"async\" class=\"_1ift _2560 img\" src=\"https:\/\/static.xx.fbcdn.net\/images\/emoji.php\/v9\/fac\/1\/16\/1f4cc.png\" alt=\"\ud83d\udccc\" \/>9 a\u00f1os: gallardo Malaida, 1 er puesto<br \/>\n<img decoding=\"async\" class=\"_1ift _2560 img\" src=\"https:\/\/static.xx.fbcdn.net\/images\/emoji.php\/v9\/fac\/1\/16\/1f4cc.png\" alt=\"\ud83d\udccc\" \/>10 a\u00f1os: Araya Catalina, 2do puesto<\/p>\n<p><img decoding=\"async\" class=\"_1ift _2560 img\" src=\"https:\/\/static.xx.fbcdn.net\/images\/emoji.php\/v9\/f6d\/1\/16\/2600.png\" alt=\"\u2600\ufe0f\" \/>Categor\u00eda Escuela Formativa:<br \/>\n<img decoding=\"async\" class=\"_1ift _2560 img\" src=\"https:\/\/static.xx.fbcdn.net\/images\/emoji.php\/v9\/fac\/1\/16\/1f4cc.png\" alt=\"\ud83d\udccc\" \/>7 a\u00f1os: cateluchi sofia 1er puesto<br \/>\n<img decoding=\"async\" class=\"_1ift _2560 img\" src=\"https:\/\/static.xx.fbcdn.net\/images\/emoji.php\/v9\/fac\/1\/16\/1f4cc.png\" alt=\"\ud83d\udccc\" \/> 10 a\u00f1os: Mateuchi Mar\u00eda paz, 1er puesto, Parodi Martina (m\u00e9rito)<br \/>\n<img decoding=\"async\" class=\"_1ift _2560 img\" src=\"https:\/\/static.xx.fbcdn.net\/images\/emoji.php\/v9\/fac\/1\/16\/1f4cc.png\" alt=\"\ud83d\udccc\" \/>11 a\u00f1os: Speranza Antonella, 5to puesto.<br \/>\n<img decoding=\"async\" class=\"_1ift _2560 img\" src=\"https:\/\/static.xx.fbcdn.net\/images\/emoji.php\/v9\/fac\/1\/16\/1f4cc.png\" alt=\"\ud83d\udccc\" \/>12 a\u00f1os: sanchez sofia, 1er puesto.<\/p>\n<p>&nbsp;<\/p>\n<p><img loading=\"lazy\" decoding=\"async\" data-attachment-id=\"80887\" data-permalink=\"https:\/\/www.hoymercedes.com.ar\/principal\/2018\/09\/12\/club-mercedes-participo-de-la-segunda-fecha-de-ciepa\/41384955_245999296103143_6969851968508395520_n\/#main\" data-orig-file=\"https:\/\/www.hoymercedes.com.ar\/principal\/wp-content\/uploads\/2018\/09\/41384955_245999296103143_6969851968508395520_n.jpg\" data-orig-size=\"1032,581\" data-comments-opened=\"0\" data-image-meta=\"{&quot;aperture&quot;:&quot;0&quot;,&quot;credit&quot;:&quot;&quot;,&quot;camera&quot;:&quot;&quot;,&quot;caption&quot;:&quot;&quot;,&quot;created_timestamp&quot;:&quot;0&quot;,&quot;copyright&quot;:&quot;&quot;,&quot;focal_length&quot;:&quot;0&quot;,&quot;iso&quot;:&quot;0&quot;,&quot;shutter_speed&quot;:&quot;0&quot;,&quot;title&quot;:&quot;&quot;,&quot;orientation&quot;:&quot;0&quot;}\" data-image-title=\"41384955_245999296103143_6969851968508395520_n\" data-image-description=\"\" data-image-caption=\"\" data-large-file=\"https:\/\/www.hoymercedes.com.ar\/principal\/wp-content\/uploads\/2018\/09\/41384955_245999296103143_6969851968508395520_n-1024x576.jpg\" class=\"aligncenter size-medium wp-image-80887\" src=\"https:\/\/www.hoymercedes.com.ar\/principal\/wp-content\/uploads\/2018\/09\/41384955_245999296103143_6969851968508395520_n-630x355.jpg\" alt=\"\" width=\"630\" height=\"355\" srcset=\"https:\/\/www.hoymercedes.com.ar\/principal\/wp-content\/uploads\/2018\/09\/41384955_245999296103143_6969851968508395520_n-630x355.jpg 630w, https:\/\/www.hoymercedes.com.ar\/principal\/wp-content\/uploads\/2018\/09\/41384955_245999296103143_6969851968508395520_n-150x84.jpg 150w, https:\/\/www.hoymercedes.com.ar\/principal\/wp-content\/uploads\/2018\/09\/41384955_245999296103143_6969851968508395520_n-1024x576.jpg 1024w, https:\/\/www.hoymercedes.com.ar\/principal\/wp-content\/uploads\/2018\/09\/41384955_245999296103143_6969851968508395520_n.jpg 1032w\" sizes=\"auto, (max-width: 630px) 100vw, 630px\" \/><\/p>\n<p><img decoding=\"async\" class=\"_1ift _2560 img\" src=\"https:\/\/static.xx.fbcdn.net\/images\/emoji.php\/v9\/f6d\/1\/16\/2600.png\" alt=\"\u2600\ufe0f\" \/>Categor\u00eda 5ta C:<br \/>\n<img decoding=\"async\" class=\"_1ift _2560 img\" src=\"https:\/\/static.xx.fbcdn.net\/images\/emoji.php\/v9\/fac\/1\/16\/1f4cc.png\" alt=\"\ud83d\udccc\" \/>6 a\u00f1os: Montenegro Lola 1er puesto<br \/>\n<img decoding=\"async\" class=\"_1ift _2560 img\" src=\"https:\/\/static.xx.fbcdn.net\/images\/emoji.php\/v9\/fac\/1\/16\/1f4cc.png\" alt=\"\ud83d\udccc\" \/>8 y 9a\u00f1os: marcos luz 2do puesto, dorati sofia 4to puesto y Aguirre Valentina 6to puesto.<br \/>\n<img decoding=\"async\" class=\"_1ift _2560 img\" src=\"https:\/\/static.xx.fbcdn.net\/images\/emoji.php\/v9\/fac\/1\/16\/1f4cc.png\" alt=\"\ud83d\udccc\" \/>10 a\u00f1os: Andr\u00e9s lucia, 1er puesto, pin delfina 2do puesto,Scoti Carmela 4to puesto.<br \/>\n<img decoding=\"async\" class=\"_1ift _2560 img\" src=\"https:\/\/static.xx.fbcdn.net\/images\/emoji.php\/v9\/fac\/1\/16\/1f4cc.png\" alt=\"\ud83d\udccc\" \/>12 a\u00f1os: rey pruzo maria paz, 4to puesto.<br \/>\n<img decoding=\"async\" class=\"_1ift _2560 img\" src=\"https:\/\/static.xx.fbcdn.net\/images\/emoji.php\/v9\/fac\/1\/16\/1f4cc.png\" alt=\"\ud83d\udccc\" \/>15 a\u00f1os: benedetti Ludmila, 3er puesto<\/p>\n<p><img decoding=\"async\" class=\"_1ift _2560 img\" src=\"https:\/\/static.xx.fbcdn.net\/images\/emoji.php\/v9\/f6d\/1\/16\/2600.png\" alt=\"\u2600\ufe0f\" \/>Categor\u00eda 4ta C:<br \/>\n<img decoding=\"async\" class=\"_1ift _2560 img\" src=\"https:\/\/static.xx.fbcdn.net\/images\/emoji.php\/v9\/fac\/1\/16\/1f4cc.png\" alt=\"\ud83d\udccc\" \/>9 y 10 a\u00f1os: marcos abril, 1er puesto, Ballesteros Emma 2do puesto y Albanece Lola 3er puesto.<br \/>\n<img decoding=\"async\" class=\"_1ift _2560 img\" src=\"https:\/\/static.xx.fbcdn.net\/images\/emoji.php\/v9\/fac\/1\/16\/1f4cc.png\" alt=\"\ud83d\udccc\" \/>11 a\u00f1os: Caram Camila 1er puesto y Falabella Guillermina 2do puesto.<br \/>\n<img decoding=\"async\" class=\"_1ift _2560 img\" src=\"https:\/\/static.xx.fbcdn.net\/images\/emoji.php\/v9\/fac\/1\/16\/1f4cc.png\" alt=\"\ud83d\udccc\" \/>14 a\u00f1os: Longanero Lara 1er puesto y mateuchi celina 3er puesto.<\/p>\n<p><img decoding=\"async\" class=\"_1ift _2560 img\" src=\"https:\/\/static.xx.fbcdn.net\/images\/emoji.php\/v9\/f6d\/1\/16\/2600.png\" alt=\"\u2600\ufe0f\" \/>Categor\u00eda 3rac:<br \/>\n<img decoding=\"async\" class=\"_1ift _2560 img\" src=\"https:\/\/static.xx.fbcdn.net\/images\/emoji.php\/v9\/fac\/1\/16\/1f4cc.png\" alt=\"\ud83d\udccc\" \/>10 a\u00f1os: marcos Martina, 1er puesto<br \/>\n<img decoding=\"async\" class=\"_1ift _2560 img\" src=\"https:\/\/static.xx.fbcdn.net\/images\/emoji.php\/v9\/fac\/1\/16\/1f4cc.png\" alt=\"\ud83d\udccc\" \/>13 a\u00f1os Carbone Julia 2do puesto<\/p>\n<p><img decoding=\"async\" class=\"_1ift _2560 img\" src=\"https:\/\/static.xx.fbcdn.net\/images\/emoji.php\/v9\/f6d\/1\/16\/2600.png\" alt=\"\u2600\ufe0f\" \/>Categor\u00eda 2da C :<br \/>\n<img decoding=\"async\" class=\"_1ift _2560 img\" src=\"https:\/\/static.xx.fbcdn.net\/images\/emoji.php\/v9\/fac\/1\/16\/1f4cc.png\" alt=\"\ud83d\udccc\" \/>12 a\u00f1os: Capurro Camila 2do puesto<br \/>\n<img decoding=\"async\" class=\"_1ift _2560 img\" src=\"https:\/\/static.xx.fbcdn.net\/images\/emoji.php\/v9\/fac\/1\/16\/1f4cc.png\" alt=\"\ud83d\udccc\" \/>13 a\u00f1os : alvarez lucia 1er puesto y revora belen 3era puesto<\/p>\n<p><img decoding=\"async\" class=\"_1ift _2560 img\" src=\"https:\/\/static.xx.fbcdn.net\/images\/emoji.php\/v9\/f6d\/1\/16\/2600.png\" alt=\"\u2600\ufe0f\" \/>Categor\u00eda 1ra C<br \/>\n<img decoding=\"async\" class=\"_1ift _2560 img\" src=\"https:\/\/static.xx.fbcdn.net\/images\/emoji.php\/v9\/fac\/1\/16\/1f4cc.png\" alt=\"\ud83d\udccc\" \/>14 a\u00f1os: Ricca delfina 1er puesto y Gomez Valentina 3er puesto<\/p>\n<p><img decoding=\"async\" class=\"_1ift _2560 img\" src=\"https:\/\/static.xx.fbcdn.net\/images\/emoji.php\/v9\/f6d\/1\/16\/2600.png\" alt=\"\u2600\ufe0f\" \/>Categor\u00eda Promo B<br \/>\n<img decoding=\"async\" class=\"_1ift _2560 img\" src=\"https:\/\/static.xx.fbcdn.net\/images\/emoji.php\/v9\/fac\/1\/16\/1f4cc.png\" alt=\"\ud83d\udccc\" \/>12 a\u00f1os: Silva Pazos serena 2do puesto<\/p>\n<p><img decoding=\"async\" class=\"_1ift _2560 img\" src=\"https:\/\/static.xx.fbcdn.net\/images\/emoji.php\/v9\/f6d\/1\/16\/2600.png\" alt=\"\u2600\ufe0f\" \/>Categor\u00eda Tercera B<br \/>\n<img decoding=\"async\" class=\"_1ift _2560 img\" src=\"https:\/\/static.xx.fbcdn.net\/images\/emoji.php\/v9\/fac\/1\/16\/1f4cc.png\" alt=\"\ud83d\udccc\" \/>Mayores: Ocampo Catalina 1er puesto<\/p>\n<p>Desde la instituci\u00f3n y su grupo t\u00e9cnico felicitan a todas las peque\u00f1as por su exelente actuaci\u00f3n y les desean \u00e9xitos a Capurro Camila, serena Silva Pazos, Ricca delfina y Vigolongo alma que nos estar\u00e1n representando la semana pr\u00f3xima en rosario en el campeonato Nacional.<\/p>\n","protected":false},"excerpt":{"rendered":"<p>El domingo 9 de septiembre se llev\u00f3 a cabo la segunda fecha de la liga CIEPA, en el Club SITAS &#8230; <a title=\"Club Mercedes particip\u00f3 de la segunda fecha de CIEPA\" class=\"read-more\" href=\"https:\/\/www.hoymercedes.com.ar\/principal\/2018\/09\/12\/club-mercedes-participo-de-la-segunda-fecha-de-ciepa\/\" aria-label=\"Leer m\u00e1s sobre Club Mercedes particip\u00f3 de la segunda fecha de CIEPA\">Leer m\u00e1s<\/a><\/p>\n","protected":false},"author":1,"featured_media":80886,"comment_status":"closed","ping_status":"open","sticky":false,"template":"","format":"standard","meta":{"_monsterinsights_skip_tracking":false,"_monsterinsights_sitenote_active":false,"_monsterinsights_sitenote_note":"","_monsterinsights_sitenote_category":0,"jetpack_post_was_ever_published":false,"_jetpack_newsletter_access":"","_jetpack_dont_email_post_to_subs":false,"_jetpack_newsletter_tier_id":0,"_jetpack_memberships_contains_paywalled_content":false,"_jetpack_memberships_contains_paid_content":false,"footnotes":"","jetpack_publicize_message":"","jetpack_publicize_feature_enabled":true,"jetpack_social_post_already_shared":true,"jetpack_social_options":{"image_generator_settings":{"template":"highway","default_image_id":0,"font":"","enabled":false},"version":2},"_wpas_customize_per_network":false},"categories":[21],"tags":[13698,122,204,6702],"class_list":["post-80885","post","type-post","status-publish","format-standard","has-post-thumbnail","hentry","category-deportes","tag-ciepa","tag-club-mercedes","tag-deportes-2","tag-patin","generate-columns","tablet-grid-50","mobile-grid-100","grid-parent","grid-50"],"jetpack_publicize_connections":[],"jetpack_featured_media_url":"https:\/\/www.hoymercedes.com.ar\/principal\/wp-content\/uploads\/2018\/09\/41452242_2218993381475590_5671804274883952640_n.jpg","wps_subtitle":"Pat\u00edn","jetpack_sharing_enabled":true,"_links":{"self":[{"href":"https:\/\/www.hoymercedes.com.ar\/principal\/wp-json\/wp\/v2\/posts\/80885","targetHints":{"allow":["GET"]}}],"collection":[{"href":"https:\/\/www.hoymercedes.com.ar\/principal\/wp-json\/wp\/v2\/posts"}],"about":[{"href":"https:\/\/www.hoymercedes.com.ar\/principal\/wp-json\/wp\/v2\/types\/post"}],"author":[{"embeddable":true,"href":"https:\/\/www.hoymercedes.com.ar\/principal\/wp-json\/wp\/v2\/users\/1"}],"replies":[{"embeddable":true,"href":"https:\/\/www.hoymercedes.com.ar\/principal\/wp-json\/wp\/v2\/comments?post=80885"}],"version-history":[{"count":0,"href":"https:\/\/www.hoymercedes.com.ar\/principal\/wp-json\/wp\/v2\/posts\/80885\/revisions"}],"wp:featuredmedia":[{"embeddable":true,"href":"https:\/\/www.hoymercedes.com.ar\/principal\/wp-json\/wp\/v2\/media\/80886"}],"wp:attachment":[{"href":"https:\/\/www.hoymercedes.com.ar\/principal\/wp-json\/wp\/v2\/media?parent=80885"}],"wp:term":[{"taxonomy":"category","embeddable":true,"href":"https:\/\/www.hoymercedes.com.ar\/principal\/wp-json\/wp\/v2\/categories?post=80885"},{"taxonomy":"post_tag","embeddable":true,"href":"https:\/\/www.hoymercedes.com.ar\/principal\/wp-json\/wp\/v2\/tags?post=80885"}],"curies":[{"name":"wp","href":"https:\/\/api.w.org\/{rel}","templated":true}]}}