{"id":80936,"date":"2018-09-10T22:01:14","date_gmt":"2018-09-11T01:01:14","guid":{"rendered":"http:\/\/www.hoymercedes.com.ar\/principal\/?p=80936"},"modified":"2018-09-10T22:01:14","modified_gmt":"2018-09-11T01:01:14","slug":"policia-comunal-no-ceso-su-investigacion-y-tras-allanamientos-logro-detener-estafadores","status":"publish","type":"post","link":"https:\/\/www.hoymercedes.com.ar\/principal\/2018\/09\/10\/policia-comunal-no-ceso-su-investigacion-y-tras-allanamientos-logro-detener-estafadores\/","title":{"rendered":"Polic\u00eda Comunal no ces\u00f3 su investigaci\u00f3n y tras allanamientos logr\u00f3 detener estafadores"},"content":{"rendered":"<p><img loading=\"lazy\" decoding=\"async\" data-attachment-id=\"80939\" data-permalink=\"https:\/\/www.hoymercedes.com.ar\/principal\/2018\/09\/10\/policia-comunal-no-ceso-su-investigacion-y-tras-allanamientos-logro-detener-estafadores\/policial\/#main\" data-orig-file=\"https:\/\/www.hoymercedes.com.ar\/principal\/wp-content\/uploads\/2018\/09\/policial.jpeg\" data-orig-size=\"730,560\" data-comments-opened=\"0\" data-image-meta=\"{&quot;aperture&quot;:&quot;0&quot;,&quot;credit&quot;:&quot;&quot;,&quot;camera&quot;:&quot;&quot;,&quot;caption&quot;:&quot;&quot;,&quot;created_timestamp&quot;:&quot;0&quot;,&quot;copyright&quot;:&quot;&quot;,&quot;focal_length&quot;:&quot;0&quot;,&quot;iso&quot;:&quot;0&quot;,&quot;shutter_speed&quot;:&quot;0&quot;,&quot;title&quot;:&quot;&quot;,&quot;orientation&quot;:&quot;0&quot;}\" data-image-title=\"policial\" data-image-description=\"\" data-image-caption=\"\" data-large-file=\"https:\/\/www.hoymercedes.com.ar\/principal\/wp-content\/uploads\/2018\/09\/policial.jpeg\" class=\"aligncenter size-medium wp-image-80939\" src=\"https:\/\/www.hoymercedes.com.ar\/principal\/wp-content\/uploads\/2018\/09\/policial-630x483.jpeg\" alt=\"\" width=\"630\" height=\"483\" srcset=\"https:\/\/www.hoymercedes.com.ar\/principal\/wp-content\/uploads\/2018\/09\/policial-630x483.jpeg 630w, https:\/\/www.hoymercedes.com.ar\/principal\/wp-content\/uploads\/2018\/09\/policial-150x115.jpeg 150w, https:\/\/www.hoymercedes.com.ar\/principal\/wp-content\/uploads\/2018\/09\/policial.jpeg 730w\" sizes=\"auto, (max-width: 630px) 100vw, 630px\" \/><\/p>\n<p>En una nueva intervenci\u00f3n de la Polic\u00eda Comunal de nuestra ciudad se logr\u00f3 la detenci\u00f3n de sujetos que buscaban realizar una estaba bancaria. Los dirigidos por el Comisario Macedo lograron poner a disposici\u00f3n de la justicia a los aprehendidos quienes ten\u00edan armas de fuego y reiteradas causas por estafa.<\/p>\n<p>Personal del Gabinete Criminol\u00f3gico con apoyo de personal de la Delegaci\u00f3n de Gowland continuando con la investigaci\u00f3n desplegada por estafas en entidades bancarias, y por orden de allanamiento, se constituyeron en la localidad de Del Viso, Pilar, donde se detuvo a un sujeto de apellido Acu\u00f1a, mayor de edad, quien ten\u00eda dinero y arma de fuego, adem\u00e1s ticket bancarios que ahora son parte de las pruebas judiciales.<\/p>\n<p>Tambi\u00e9n se identific\u00f3 un autom\u00f3vil marca Chevrolet corsa rojo que era utilizado para los il\u00edcitos.<\/p>\n<p>En la misma pesquisa, se intervino en el Tala, donde se detuvo al masculino de apellido San Pablo, mayor de edad, donde tambi\u00e9n se secuestraron elementos de pruebas, como ticket bancarios, chip telef\u00f3nicos, cbu, dinero en efectivo, quedando todo a disposici\u00f3n de la Fiscal\u00eda N\u00b03 y el Juzgado de Garant\u00edas del Departamento Judicial Mercedes.<\/p>\n<p>Por su parte, el Comisario Sergio Macedo agradeci\u00f3 a todo el personal por el valioso trabajo desarrollado, a la vez que destac\u00f3 el constante apoyo recibido por parte de la Justicia local, donde a partir del trabajo conjunto han sido muchos los casos resueltos en el \u00faltimo tiempo, algunos de r\u00e1pida y efectiva acci\u00f3n poniendo a los responsables tras las rejas, en temas de estafas, intentos de il\u00edcitos y robos.<\/p>\n<p>&nbsp;<\/p>\n<p>&nbsp;<\/p>\n","protected":false},"excerpt":{"rendered":"<p>En una nueva intervenci\u00f3n de la Polic\u00eda Comunal de nuestra ciudad se logr\u00f3 la detenci\u00f3n de sujetos que buscaban realizar &#8230; <a title=\"Polic\u00eda Comunal no ces\u00f3 su investigaci\u00f3n y tras allanamientos logr\u00f3 detener estafadores\" class=\"read-more\" href=\"https:\/\/www.hoymercedes.com.ar\/principal\/2018\/09\/10\/policia-comunal-no-ceso-su-investigacion-y-tras-allanamientos-logro-detener-estafadores\/\" aria-label=\"Leer m\u00e1s sobre Polic\u00eda Comunal no ces\u00f3 su investigaci\u00f3n y tras allanamientos logr\u00f3 detener estafadores\">Leer m\u00e1s<\/a><\/p>\n","protected":false},"author":1,"featured_media":80939,"comment_status":"closed","ping_status":"open","sticky":false,"template":"","format":"standard","meta":{"_monsterinsights_skip_tracking":false,"_monsterinsights_sitenote_active":false,"_monsterinsights_sitenote_note":"","_monsterinsights_sitenote_category":0,"jetpack_post_was_ever_published":false,"_jetpack_newsletter_access":"","_jetpack_dont_email_post_to_subs":false,"_jetpack_newsletter_tier_id":0,"_jetpack_memberships_contains_paywalled_content":false,"_jetpack_memberships_contains_paid_content":false,"footnotes":"","jetpack_publicize_message":"","jetpack_publicize_feature_enabled":true,"jetpack_social_post_already_shared":true,"jetpack_social_options":{"image_generator_settings":{"template":"highway","default_image_id":0,"font":"","enabled":false},"version":2},"_wpas_customize_per_network":false},"categories":[85],"tags":[1752,10277],"class_list":["post-80936","post","type-post","status-publish","format-standard","has-post-thumbnail","hentry","category-policial","tag-policia-comunal-mercedes","tag-sergio-macedo","generate-columns","tablet-grid-50","mobile-grid-100","grid-parent","grid-50"],"jetpack_publicize_connections":[],"jetpack_featured_media_url":"https:\/\/www.hoymercedes.com.ar\/principal\/wp-content\/uploads\/2018\/09\/policial.jpeg","wps_subtitle":"Estafadores","jetpack_sharing_enabled":true,"_links":{"self":[{"href":"https:\/\/www.hoymercedes.com.ar\/principal\/wp-json\/wp\/v2\/posts\/80936","targetHints":{"allow":["GET"]}}],"collection":[{"href":"https:\/\/www.hoymercedes.com.ar\/principal\/wp-json\/wp\/v2\/posts"}],"about":[{"href":"https:\/\/www.hoymercedes.com.ar\/principal\/wp-json\/wp\/v2\/types\/post"}],"author":[{"embeddable":true,"href":"https:\/\/www.hoymercedes.com.ar\/principal\/wp-json\/wp\/v2\/users\/1"}],"replies":[{"embeddable":true,"href":"https:\/\/www.hoymercedes.com.ar\/principal\/wp-json\/wp\/v2\/comments?post=80936"}],"version-history":[{"count":0,"href":"https:\/\/www.hoymercedes.com.ar\/principal\/wp-json\/wp\/v2\/posts\/80936\/revisions"}],"wp:featuredmedia":[{"embeddable":true,"href":"https:\/\/www.hoymercedes.com.ar\/principal\/wp-json\/wp\/v2\/media\/80939"}],"wp:attachment":[{"href":"https:\/\/www.hoymercedes.com.ar\/principal\/wp-json\/wp\/v2\/media?parent=80936"}],"wp:term":[{"taxonomy":"category","embeddable":true,"href":"https:\/\/www.hoymercedes.com.ar\/principal\/wp-json\/wp\/v2\/categories?post=80936"},{"taxonomy":"post_tag","embeddable":true,"href":"https:\/\/www.hoymercedes.com.ar\/principal\/wp-json\/wp\/v2\/tags?post=80936"}],"curies":[{"name":"wp","href":"https:\/\/api.w.org\/{rel}","templated":true}]}}