{"id":80966,"date":"2018-09-12T16:00:26","date_gmt":"2018-09-12T19:00:26","guid":{"rendered":"http:\/\/www.hoymercedes.com.ar\/principal\/?p=80966"},"modified":"2018-09-12T15:52:46","modified_gmt":"2018-09-12T18:52:46","slug":"el-acoso-callejero-incluido-como-falta-en-el-codigo-de-faltas-de-mercedes","status":"publish","type":"post","link":"https:\/\/www.hoymercedes.com.ar\/principal\/2018\/09\/12\/el-acoso-callejero-incluido-como-falta-en-el-codigo-de-faltas-de-mercedes\/","title":{"rendered":"El Acoso Callejero incluido como falta en el C\u00f3digo de Faltas de Mercedes"},"content":{"rendered":"<p>En la sesi\u00f3n del \u00faltimo lunes, el Concejo Deliberante aprob\u00f3 una ordenanza derivada del proyecto presentado en febrero del a\u00f1o pasado. Se trata de una modificaci\u00f3n en el C\u00f3digo de Faltas (Ordenanza 5650\/03), al incorporar \u201ccomo falta\u201d el acoso callejero. Y establece que quien incurra en esta falta, tras la denuncia de la persona perjudicada, podr\u00e1 ser sancionado con una multa monetaria que variar\u00eda entre los 10 y 50 m\u00f3dulos \u201csiempre y cuando los hechos denunciados no sean considerados delitos\u201d tipificados en el C\u00f3digo Penal.<\/p>\n<p><img loading=\"lazy\" decoding=\"async\" data-attachment-id=\"81021\" data-permalink=\"https:\/\/www.hoymercedes.com.ar\/principal\/2018\/09\/12\/el-acoso-callejero-incluido-como-falta-en-el-codigo-de-faltas-de-mercedes\/11-sesion-hcd\/#main\" data-orig-file=\"https:\/\/www.hoymercedes.com.ar\/principal\/wp-content\/uploads\/2018\/09\/11-sesion-HCD.jpg\" data-orig-size=\"750,500\" data-comments-opened=\"0\" data-image-meta=\"{&quot;aperture&quot;:&quot;3.5&quot;,&quot;credit&quot;:&quot;&quot;,&quot;camera&quot;:&quot;NIKON D3100&quot;,&quot;caption&quot;:&quot;&quot;,&quot;created_timestamp&quot;:&quot;1536609677&quot;,&quot;copyright&quot;:&quot;&quot;,&quot;focal_length&quot;:&quot;18&quot;,&quot;iso&quot;:&quot;720&quot;,&quot;shutter_speed&quot;:&quot;0.016666666666667&quot;,&quot;title&quot;:&quot;&quot;,&quot;orientation&quot;:&quot;1&quot;}\" data-image-title=\"11 sesion HCD\" data-image-description=\"\" data-image-caption=\"\" data-large-file=\"https:\/\/www.hoymercedes.com.ar\/principal\/wp-content\/uploads\/2018\/09\/11-sesion-HCD.jpg\" class=\"aligncenter size-medium wp-image-81021\" src=\"https:\/\/www.hoymercedes.com.ar\/principal\/wp-content\/uploads\/2018\/09\/11-sesion-HCD-630x420.jpg\" alt=\"\" width=\"630\" height=\"420\" srcset=\"https:\/\/www.hoymercedes.com.ar\/principal\/wp-content\/uploads\/2018\/09\/11-sesion-HCD-630x420.jpg 630w, https:\/\/www.hoymercedes.com.ar\/principal\/wp-content\/uploads\/2018\/09\/11-sesion-HCD-150x100.jpg 150w, https:\/\/www.hoymercedes.com.ar\/principal\/wp-content\/uploads\/2018\/09\/11-sesion-HCD.jpg 750w\" sizes=\"auto, (max-width: 630px) 100vw, 630px\" \/><\/p>\n<p><!--more-->En el recinto, los Concejales de distintos bloques destacaron su benepl\u00e1cito por la incorporaci\u00f3n del \u201cacoso callejero\u201d como falta en el C\u00f3digo de Faltas con la posibilidad de que la persona afectada pueda hacer la denuncia en el 147 o el 0800 666 9940 (violencia) de la Municipalidad de Mercedes, as\u00ed como v\u00eda el sitio web de la comuna en su secci\u00f3n de denuncias de seguridad. Con esas denuncias se dar\u00e1 intervenci\u00f3n a los Juzgados de Faltas de la Comuna, as\u00ed como a otros organismos en caso de que se sucedan otros delitos.<\/p>\n<p>\u201cAgradecemos a tanto trabajo realizado y a la posibilidad de visualizar la realidad que hoy nos toca como sociedad. Como toda norma nueva seguramente ser\u00e1 perfectible y seguramente habr\u00e1 que mejorarla y continuar el debate. Pero el Concejo Deliberante est\u00e1 marcando una se\u00f1al clara de lo que pensamos sobre la agresi\u00f3n y el acoso callejero. Son situaciones que se est\u00e1n viviendo. Las actitudes de estos individuos, desde los cultural, desde lo racional, tendr\u00e1 que ser entendido por todos quienes formamos parte de esta sociedad\u201d, destac\u00f3 el Concejal Carlos Milhomme.<\/p>\n<p>Por su parte, la Concejala Mariana San Mart\u00edn, destac\u00f3 que en la legislatura bonaerense existen proyectos similares para considerar el acoso callejero como un delito. Con media sanci\u00f3n de la C\u00e1mara de Senadores, espera que Diputados lo trate para darle car\u00e1cter de ley en la provincia. \u201cEn la Comisi\u00f3n est\u00e1bamos esperando que se sancione la ley provincial, pero al no aprobarse a\u00fan, llegamos a la conclusi\u00f3n de que no ten\u00edamos que esperar al ser un pedido de la ciudadan\u00eda y en particular de las mujeres. Teniendo en cuenta que todos los bloques est\u00e1bamos de acuerdo para aprobarlo. Algunas cabezas est\u00e1n cambiando, pero hay que aprender que cuando las mujeres, por ejemplo, decimos que \u2018no\u2019, es \u2018no\u2019. Esta herramienta nos permitir\u00e1 a que muchas personas aprendan y que se trasmita a los m\u00e1s chicos, varones y mujeres, a que cuando se dice \u2018no\u2019 es \u2018no\u2019.<\/p>\n<p>El proyecto original no fue modificado. La misma ordenanza define al \u201cacoso callejero\u201d como \u201ctodo abordaje de una o varias personas en contra de una o varias personas en \u00e1mbito p\u00fablico y\/o de acceso p\u00fablico de forma verbal o f\u00edsica, manifestaciones inmorales de \u00edndole sexual a trav\u00e9s de palabras, alusiones o gestos, que causen agravios, y\/o de alg\u00fan modo produzcan, degradaci\u00f3n, humillaci\u00f3n o de alg\u00fan modo ofendan a la moral o integridad de las personas. Pudiendo manifestarse en comentarios sexuales \u00a0hacia el cuerpo, fotograf\u00edas o grabaciones no consentidas, contacto f\u00edsico indebido o no consentido, persecuci\u00f3n, masturbaci\u00f3n, gestos obscenos o cualquier forma de expresi\u00f3n de esta \u00edndole, actos discriminatorios que tiendan a la exclusi\u00f3n por razones de razas, etnia, g\u00e9nero, orientaci\u00f3n sexual, religi\u00f3n, caracter\u00edsticas f\u00edsicas, o de cualquier tipo que produzcan distinci\u00f3n impidiendo el pleno desarrollo de una persona, su integraci\u00f3n o su efectiva participaci\u00f3n en la vida pol\u00edtica, social y cultural de la comunidad\u201d.<\/p>\n<p>En el art\u00edculo 3 se define al \u201cacosador\u201d como \u201cpersona, cualquiera sea su g\u00e9nero, que realiza acoso en la v\u00eda p\u00fablica y\/o lugares de acceso p\u00fablico\u201d y al \u201cacosado\u201d como \u201cpersona, cualquiera sea su g\u00e9nero y\/o identidad, v\u00edctima de algunos de los hechos descriptos en el art\u00edculo 2\u201d.<\/p>\n","protected":false},"excerpt":{"rendered":"<p>En la sesi\u00f3n del \u00faltimo lunes, el Concejo Deliberante aprob\u00f3 una ordenanza derivada del proyecto presentado en febrero del a\u00f1o &#8230; <a title=\"El Acoso Callejero incluido como falta en el C\u00f3digo de Faltas de Mercedes\" class=\"read-more\" href=\"https:\/\/www.hoymercedes.com.ar\/principal\/2018\/09\/12\/el-acoso-callejero-incluido-como-falta-en-el-codigo-de-faltas-de-mercedes\/\" aria-label=\"Leer m\u00e1s sobre El Acoso Callejero incluido como falta en el C\u00f3digo de Faltas de Mercedes\">Leer m\u00e1s<\/a><\/p>\n","protected":false},"author":1,"featured_media":81021,"comment_status":"closed","ping_status":"open","sticky":false,"template":"","format":"standard","meta":{"_monsterinsights_skip_tracking":false,"_monsterinsights_sitenote_active":false,"_monsterinsights_sitenote_note":"","_monsterinsights_sitenote_category":0,"jetpack_post_was_ever_published":false,"_jetpack_newsletter_access":"","_jetpack_dont_email_post_to_subs":false,"_jetpack_newsletter_tier_id":0,"_jetpack_memberships_contains_paywalled_content":false,"_jetpack_memberships_contains_paid_content":false,"footnotes":"","jetpack_publicize_message":"","jetpack_publicize_feature_enabled":true,"jetpack_social_post_already_shared":true,"jetpack_social_options":{"image_generator_settings":{"template":"highway","default_image_id":0,"font":"","enabled":false},"version":2},"_wpas_customize_per_network":false},"categories":[5],"tags":[12719,12720,10,5319,8979],"class_list":["post-80966","post","type-post","status-publish","format-standard","has-post-thumbnail","hentry","category-politica","tag-acoso-callejero","tag-codigo-de-faltas","tag-mercedes","tag-politica-2","tag-sesion-hcd","generate-columns","tablet-grid-50","mobile-grid-100","grid-parent","grid-50"],"jetpack_publicize_connections":[],"jetpack_featured_media_url":"https:\/\/www.hoymercedes.com.ar\/principal\/wp-content\/uploads\/2018\/09\/11-sesion-HCD.jpg","wps_subtitle":"Ordenanza aprobada","jetpack_sharing_enabled":true,"_links":{"self":[{"href":"https:\/\/www.hoymercedes.com.ar\/principal\/wp-json\/wp\/v2\/posts\/80966","targetHints":{"allow":["GET"]}}],"collection":[{"href":"https:\/\/www.hoymercedes.com.ar\/principal\/wp-json\/wp\/v2\/posts"}],"about":[{"href":"https:\/\/www.hoymercedes.com.ar\/principal\/wp-json\/wp\/v2\/types\/post"}],"author":[{"embeddable":true,"href":"https:\/\/www.hoymercedes.com.ar\/principal\/wp-json\/wp\/v2\/users\/1"}],"replies":[{"embeddable":true,"href":"https:\/\/www.hoymercedes.com.ar\/principal\/wp-json\/wp\/v2\/comments?post=80966"}],"version-history":[{"count":0,"href":"https:\/\/www.hoymercedes.com.ar\/principal\/wp-json\/wp\/v2\/posts\/80966\/revisions"}],"wp:featuredmedia":[{"embeddable":true,"href":"https:\/\/www.hoymercedes.com.ar\/principal\/wp-json\/wp\/v2\/media\/81021"}],"wp:attachment":[{"href":"https:\/\/www.hoymercedes.com.ar\/principal\/wp-json\/wp\/v2\/media?parent=80966"}],"wp:term":[{"taxonomy":"category","embeddable":true,"href":"https:\/\/www.hoymercedes.com.ar\/principal\/wp-json\/wp\/v2\/categories?post=80966"},{"taxonomy":"post_tag","embeddable":true,"href":"https:\/\/www.hoymercedes.com.ar\/principal\/wp-json\/wp\/v2\/tags?post=80966"}],"curies":[{"name":"wp","href":"https:\/\/api.w.org\/{rel}","templated":true}]}}