{"id":80968,"date":"2018-09-11T14:15:09","date_gmt":"2018-09-11T17:15:09","guid":{"rendered":"http:\/\/www.hoymercedes.com.ar\/principal\/?p=80968"},"modified":"2018-09-11T13:20:51","modified_gmt":"2018-09-11T16:20:51","slug":"concejo-deliberante-declaro-como-ciudadanos-destacados-a-seis-artistas-plasticos","status":"publish","type":"post","link":"https:\/\/www.hoymercedes.com.ar\/principal\/2018\/09\/11\/concejo-deliberante-declaro-como-ciudadanos-destacados-a-seis-artistas-plasticos\/","title":{"rendered":"Concejo Deliberante declar\u00f3 como \u201cciudadanos destacados\u201d a seis artistas pl\u00e1sticos"},"content":{"rendered":"<p>Por TeCleArte &#8211; Por iniciativa de Susana Spano y Marcelo Uncal, directores de Radio F\u00e9nix (FM 93,9 mhz), en la sesi\u00f3n del HCD, los legisladores aprobaron un decreto legislativo que nombra a seis artistas pl\u00e1sticos de Mercedes como \u201cciudadanos destacados\u201d. Se trata de los artistas Betty Campi, Marcela Cueto, Jorge Blanco, Sebasti\u00e1n Bocca, C\u00e9sar Lalla y Pablo Russo. Las distinciones se entregar\u00edan en la pr\u00f3xima sesi\u00f3n del Concejo Deliberante.<\/p>\n<figure id=\"attachment_80973\" aria-describedby=\"caption-attachment-80973\" style=\"width: 620px\" class=\"wp-caption aligncenter\"><img loading=\"lazy\" decoding=\"async\" data-attachment-id=\"80973\" data-permalink=\"https:\/\/www.hoymercedes.com.ar\/principal\/2018\/09\/11\/concejo-deliberante-declaro-como-ciudadanos-destacados-a-seis-artistas-plasticos\/11-betty-campi\/#main\" data-orig-file=\"https:\/\/www.hoymercedes.com.ar\/principal\/wp-content\/uploads\/2018\/09\/11-Betty-Campi.jpg\" data-orig-size=\"750,500\" data-comments-opened=\"0\" data-image-meta=\"{&quot;aperture&quot;:&quot;3.8&quot;,&quot;credit&quot;:&quot;&quot;,&quot;camera&quot;:&quot;NIKON D3100&quot;,&quot;caption&quot;:&quot;&quot;,&quot;created_timestamp&quot;:&quot;1465071800&quot;,&quot;copyright&quot;:&quot;&quot;,&quot;focal_length&quot;:&quot;23&quot;,&quot;iso&quot;:&quot;900&quot;,&quot;shutter_speed&quot;:&quot;0.016666666666667&quot;,&quot;title&quot;:&quot;&quot;,&quot;orientation&quot;:&quot;1&quot;}\" data-image-title=\"11 Betty Campi\" data-image-description=\"\" data-image-caption=\"&lt;p&gt;La artista pl\u00e1stica Betty Campi ser\u00e1 distinguida junto a otros cinco artistas locales. &lt;\/p&gt;\n\" data-large-file=\"https:\/\/www.hoymercedes.com.ar\/principal\/wp-content\/uploads\/2018\/09\/11-Betty-Campi.jpg\" class=\"size-medium wp-image-80973\" src=\"https:\/\/www.hoymercedes.com.ar\/principal\/wp-content\/uploads\/2018\/09\/11-Betty-Campi-630x420.jpg\" alt=\"\" width=\"630\" height=\"420\" srcset=\"https:\/\/www.hoymercedes.com.ar\/principal\/wp-content\/uploads\/2018\/09\/11-Betty-Campi-630x420.jpg 630w, https:\/\/www.hoymercedes.com.ar\/principal\/wp-content\/uploads\/2018\/09\/11-Betty-Campi-150x100.jpg 150w, https:\/\/www.hoymercedes.com.ar\/principal\/wp-content\/uploads\/2018\/09\/11-Betty-Campi.jpg 750w\" sizes=\"auto, (max-width: 630px) 100vw, 630px\" \/><figcaption id=\"caption-attachment-80973\" class=\"wp-caption-text\">La artista pl\u00e1stica Betty Campi ser\u00e1 distinguida junto a otros cinco artistas locales.<\/figcaption><\/figure>\n<p>Los seis artistas pl\u00e1sticos que Radio F\u00e9nix solicit\u00f3 destacar, y que en la sesi\u00f3n del lunes pasado se aprob\u00f3 por unanimidad, son referentes de la cultura mercedina que representan a la ciudad en distintos puntos del pa\u00eds y del mundo, adem\u00e1s de ser multipremiados y reconocidos por sus cuadros, pinturas y dibujos.<\/p>\n<p>\u201cNuestro pedido se fundament\u00f3 en la creencia de que los valores est\u00e9ticos y culturales de los artistas pl\u00e1sticos se han proyectado dentro y fuera de nuestra ciudad, posicion\u00e1ndolos de manera significativa. Cada uno de ellos, a trav\u00e9s de la particularidad de su estilo, fue distinguido en distintos Salones de Pintura nacionales e internacionales, incluso, lo que los convierte en verdaderos embajadores de la cultura mercedina\u201d, explicaron Susana Spano y Marcelo Uncal.<\/p>\n<p>Para luego agradecer a los concejales por hacer afectivo la petici\u00f3n particular solicitada por los directivos de\u00a0 Radio F\u00e9nix de distinguir como Ciudadanos Destacados, \u201cpor su labor en el campo de las Artes Pl\u00e1sticas\u201d a Betty Campi, Marcela Cueto, Jorge Blanco, Sebasti\u00e1n Bocca, C\u00e9sar Lalla y Pablo Russo.<\/p>\n<p>\u00abEstamos muy contentos que nuestra petici\u00f3n haya tenido un fallo favorable del HCD de Mercedes y agradecemos a los concejales que lo aprobaron. Creemos que es un justo reconocimiento a nuestros artistas\u00a0que tan dignamente nos han representado en distintos salones de pintura.\u00a0Mercedes es una ciudad muy notable en manifestaciones art\u00edsticas y, muchas veces, la cercan\u00eda con tantos artistas nos hace perder de vista su verdadero valor. Por esa raz\u00f3n nuestra radio, que siempre apoya la cultura, en todas sus manifestaciones, crey\u00f3 oportuno elevar esta moci\u00f3n pues creo que cada uno de los artistas mencionados, lo merece largamente\u00bb, enfatiz\u00f3 Susana Spano, periodista del magazine matutino de Radio F\u00e9nix.<\/p>\n<p>Las distinciones se har\u00edan en la pr\u00f3xima sesi\u00f3n del Concejo Deliberante. Teniendo en cuenta que la sesi\u00f3n venidera tiene como fecha el 24 de septiembre, asueto local, la sesi\u00f3n se realizar\u00eda el d\u00eda 25, 19 horas, en el recinto del HCD, primer piso del Palacio Municipal.<\/p>\n<p>&nbsp;<\/p>\n","protected":false},"excerpt":{"rendered":"<p>Por TeCleArte &#8211; Por iniciativa de Susana Spano y Marcelo Uncal, directores de Radio F\u00e9nix (FM 93,9 mhz), en la &#8230; <a title=\"Concejo Deliberante declar\u00f3 como \u201cciudadanos destacados\u201d a seis artistas pl\u00e1sticos\" class=\"read-more\" href=\"https:\/\/www.hoymercedes.com.ar\/principal\/2018\/09\/11\/concejo-deliberante-declaro-como-ciudadanos-destacados-a-seis-artistas-plasticos\/\" aria-label=\"Leer m\u00e1s sobre Concejo Deliberante declar\u00f3 como \u201cciudadanos destacados\u201d a seis artistas pl\u00e1sticos\">Leer m\u00e1s<\/a><\/p>\n","protected":false},"author":1,"featured_media":80973,"comment_status":"closed","ping_status":"open","sticky":false,"template":"","format":"standard","meta":{"_monsterinsights_skip_tracking":false,"_monsterinsights_sitenote_active":false,"_monsterinsights_sitenote_note":"","_monsterinsights_sitenote_category":0,"jetpack_post_was_ever_published":false,"_jetpack_newsletter_access":"","_jetpack_dont_email_post_to_subs":false,"_jetpack_newsletter_tier_id":0,"_jetpack_memberships_contains_paywalled_content":false,"_jetpack_memberships_contains_paid_content":false,"footnotes":"","jetpack_publicize_message":"","jetpack_publicize_feature_enabled":true,"jetpack_social_post_already_shared":true,"jetpack_social_options":{"image_generator_settings":{"template":"highway","default_image_id":0,"font":"","enabled":false},"version":2},"_wpas_customize_per_network":false},"categories":[104],"tags":[13706,13705,7805,15,10,13334],"class_list":["post-80968","post","type-post","status-publish","format-standard","has-post-thumbnail","hentry","category-cultura","tag-artistas-plasticos","tag-ciudadanos-destacados","tag-cultura","tag-hcd","tag-mercedes","tag-radio-fenix","generate-columns","tablet-grid-50","mobile-grid-100","grid-parent","grid-50"],"jetpack_publicize_connections":[],"jetpack_featured_media_url":"https:\/\/www.hoymercedes.com.ar\/principal\/wp-content\/uploads\/2018\/09\/11-Betty-Campi.jpg","wps_subtitle":"Decreto legislativo aprobado por unanimidad","jetpack_sharing_enabled":true,"_links":{"self":[{"href":"https:\/\/www.hoymercedes.com.ar\/principal\/wp-json\/wp\/v2\/posts\/80968","targetHints":{"allow":["GET"]}}],"collection":[{"href":"https:\/\/www.hoymercedes.com.ar\/principal\/wp-json\/wp\/v2\/posts"}],"about":[{"href":"https:\/\/www.hoymercedes.com.ar\/principal\/wp-json\/wp\/v2\/types\/post"}],"author":[{"embeddable":true,"href":"https:\/\/www.hoymercedes.com.ar\/principal\/wp-json\/wp\/v2\/users\/1"}],"replies":[{"embeddable":true,"href":"https:\/\/www.hoymercedes.com.ar\/principal\/wp-json\/wp\/v2\/comments?post=80968"}],"version-history":[{"count":0,"href":"https:\/\/www.hoymercedes.com.ar\/principal\/wp-json\/wp\/v2\/posts\/80968\/revisions"}],"wp:featuredmedia":[{"embeddable":true,"href":"https:\/\/www.hoymercedes.com.ar\/principal\/wp-json\/wp\/v2\/media\/80973"}],"wp:attachment":[{"href":"https:\/\/www.hoymercedes.com.ar\/principal\/wp-json\/wp\/v2\/media?parent=80968"}],"wp:term":[{"taxonomy":"category","embeddable":true,"href":"https:\/\/www.hoymercedes.com.ar\/principal\/wp-json\/wp\/v2\/categories?post=80968"},{"taxonomy":"post_tag","embeddable":true,"href":"https:\/\/www.hoymercedes.com.ar\/principal\/wp-json\/wp\/v2\/tags?post=80968"}],"curies":[{"name":"wp","href":"https:\/\/api.w.org\/{rel}","templated":true}]}}