{"id":8098,"date":"2011-10-07T14:16:54","date_gmt":"2011-10-07T14:16:54","guid":{"rendered":"http:\/\/www.hoymercedes.com.ar\/principal\/?p=8098"},"modified":"2011-10-07T14:16:54","modified_gmt":"2011-10-07T14:16:54","slug":"%c2%bfque-necesitan-gowland-y-agote","status":"publish","type":"post","link":"https:\/\/www.hoymercedes.com.ar\/principal\/2011\/10\/07\/%c2%bfque-necesitan-gowland-y-agote\/","title":{"rendered":"\u00bfQu\u00e9 necesitan Gowland y Agote?"},"content":{"rendered":"<p><span style=\"color: #003366;\"><strong>Por Alejandro Francisco Molle<\/strong><\/span><br \/>\n<span style=\"color: #003366;\"><strong>(Candidato a Concejal Frente Popular)<\/strong><\/span><\/p>\n<p>Atenci\u00f3n. Simplemente: atenci\u00f3n, no otra cosa. Ambas localidades han crecido en modo sustancial y el poder pol\u00edtico municipal no les ha prestado el suficiente concurso.<\/p>\n<p>En estos tiempos pululan las promesas y s\u00f3lo cabe esperar que alguna de ellas llegue a concretarse.<\/p>\n<p>Estoy en la lista que postula a Juan Carlos Benitez como candidato a Intendente municipal y ambas localidades las hemos recorrido. Sabemos en qu\u00e9 podremos mitigar las falencias. No ofrecemos regalos ni nada que se parezca, porque s\u00f3lo nos comprometemos con aquello que desde nuestro espacio sea posible.<\/p>\n<p>Sabemos que hace falta agua potable e insistiremos en poder lograrlo. Es cierto, hay gas natural en buena parte, pero resta todav\u00eda m\u00e1s extensi\u00f3n del servicio. Piden riego. Es natural. Piden el arreglo de sus calles y cunetas. La consolidaci\u00f3n de las calles. La numeraci\u00f3n domiciliaria; para ello es cuesti\u00f3n de sentarse y diagramar cu\u00e1l es el n\u00famero que le corresponde a cada vivienda. Respecto de la sala m\u00e9dico asistencial mayor concurrencia de profesionales.<\/p>\n<p>En cuanto al alumbrado p\u00fablico que exista m\u00e1s n\u00famero de luminarias y de mayor potencia en sus calles. Otro acuciante tema es el de la regularizaci\u00f3n dominial de las propiedades, el cual es, quiz\u00e1s, el m\u00e1s complejo porque en la mayor\u00eda de los casos ser\u00e1 materia de intervenci\u00f3n de la justicia departamental y sin olvidar el costo que acarrea. No es moco de pavo iniciar una demanda por posesi\u00f3n veintia\u00f1al, no obstante habr\u00e1 que verle la vuelta, vuelta en la que entre todos los afectados pueda obtenerse una salida.<\/p>\n<p>Est\u00e1, tambi\u00e9n, la potencial construcci\u00f3n de una c\u00e1rcel federal en el predio adquirido en 1980 para Mercado Nacional de Hacienda. En realidad no ha habido mucho pataleo pero \u00bfsabemos a ciencia cierta qu\u00e9 tipo de impacto (en general) reportar\u00e1?. No. Hace ya m\u00e1s de sesenta d\u00edas que Juan Carlos Benitez, junto a sus compa\u00f1eros concejales el Dr. Carlos Aristi y la Dra. Mar\u00eda Ruth Muraca ingresaron al Concejo deliberante un proyecto proponiendo la constituci\u00f3n de una Comisi\u00f3n que analizara lo referente al impacto que provocar\u00e1 la construcci\u00f3n de la c\u00e1rcel, sin embargo hasta ahora nada se ha realizado y menos a\u00fan escuchado la voz de los vecinos que ser\u00e1n los que habr\u00e1n de cargar sobre sus espaldas a los nuevos visitantes. Veamos, por ejemplo, \u00bfdesde ruta 5 y hasta el predio, el \u00fanico camino ser\u00e1 la calle 505?. La calle que es la que conduce hacia una importante empresa y ya muestra la endeblez de su calzada. Ah\u00ed nom\u00e1s hay que pensar en construir otro ingreso o, en su defecto la b\u00fasqueda de alternativa hacia la ruta 7 ya que la c\u00e1rcel alojar\u00e1 personas procesadas a disposici\u00f3n de la justicia nacional, cuyos tribunales \u2013 salvo el Federal de calle 21 \u2013 est\u00e1n situados en la ciudad de Buenos Aires. Es un tema para charlar el de la potencial construcci\u00f3n. El vecino debe reclamar ser o\u00eddo y el poder pol\u00edtico no puede ser sordo y menos hacerse el sordo<\/p>\n<p>Adem\u00e1s, la zona requiere un Delegado municipal que sea quien preste debida atenci\u00f3n, tenga a su cargo la responsabilidad y conducci\u00f3n de los servicios municipales (agua, luz p\u00fablica, riego, recolecci\u00f3n de residuos, parque vehicular, herramientas y maquinarias, etc.), promueva mejoras y tenga el ojo atento a la seguridad ciudadana.<\/p>\n<p>&nbsp;<\/p>\n","protected":false},"excerpt":{"rendered":"<p>Por Alejandro Francisco Molle (Candidato a Concejal Frente Popular) Atenci\u00f3n. Simplemente: atenci\u00f3n, no otra cosa. Ambas localidades han crecido en &#8230; <a title=\"\u00bfQu\u00e9 necesitan Gowland y Agote?\" class=\"read-more\" href=\"https:\/\/www.hoymercedes.com.ar\/principal\/2011\/10\/07\/%c2%bfque-necesitan-gowland-y-agote\/\" aria-label=\"Leer m\u00e1s sobre \u00bfQu\u00e9 necesitan Gowland y Agote?\">Leer m\u00e1s<\/a><\/p>\n","protected":false},"author":1,"featured_media":0,"comment_status":"open","ping_status":"open","sticky":false,"template":"","format":"standard","meta":{"_monsterinsights_skip_tracking":false,"_monsterinsights_sitenote_active":false,"_monsterinsights_sitenote_note":"","_monsterinsights_sitenote_category":0,"jetpack_post_was_ever_published":false,"_jetpack_newsletter_access":"","_jetpack_dont_email_post_to_subs":false,"_jetpack_newsletter_tier_id":0,"_jetpack_memberships_contains_paywalled_content":false,"_jetpack_memberships_contains_paid_content":false,"footnotes":"","jetpack_publicize_message":"","jetpack_publicize_feature_enabled":true,"jetpack_social_post_already_shared":false,"jetpack_social_options":{"image_generator_settings":{"template":"highway","default_image_id":0,"font":"","enabled":false},"version":2},"_wpas_customize_per_network":false},"categories":[1],"tags":[1438],"class_list":["post-8098","post","type-post","status-publish","format-standard","hentry","category-opinion","tag-alejando-molle","generate-columns","tablet-grid-50","mobile-grid-100","grid-parent","grid-50"],"jetpack_publicize_connections":[],"jetpack_featured_media_url":"","wps_subtitle":"","jetpack_sharing_enabled":true,"_links":{"self":[{"href":"https:\/\/www.hoymercedes.com.ar\/principal\/wp-json\/wp\/v2\/posts\/8098","targetHints":{"allow":["GET"]}}],"collection":[{"href":"https:\/\/www.hoymercedes.com.ar\/principal\/wp-json\/wp\/v2\/posts"}],"about":[{"href":"https:\/\/www.hoymercedes.com.ar\/principal\/wp-json\/wp\/v2\/types\/post"}],"author":[{"embeddable":true,"href":"https:\/\/www.hoymercedes.com.ar\/principal\/wp-json\/wp\/v2\/users\/1"}],"replies":[{"embeddable":true,"href":"https:\/\/www.hoymercedes.com.ar\/principal\/wp-json\/wp\/v2\/comments?post=8098"}],"version-history":[{"count":0,"href":"https:\/\/www.hoymercedes.com.ar\/principal\/wp-json\/wp\/v2\/posts\/8098\/revisions"}],"wp:attachment":[{"href":"https:\/\/www.hoymercedes.com.ar\/principal\/wp-json\/wp\/v2\/media?parent=8098"}],"wp:term":[{"taxonomy":"category","embeddable":true,"href":"https:\/\/www.hoymercedes.com.ar\/principal\/wp-json\/wp\/v2\/categories?post=8098"},{"taxonomy":"post_tag","embeddable":true,"href":"https:\/\/www.hoymercedes.com.ar\/principal\/wp-json\/wp\/v2\/tags?post=8098"}],"curies":[{"name":"wp","href":"https:\/\/api.w.org\/{rel}","templated":true}]}}