{"id":80983,"date":"2018-09-11T20:47:28","date_gmt":"2018-09-11T23:47:28","guid":{"rendered":"http:\/\/www.hoymercedes.com.ar\/principal\/?p=80983"},"modified":"2018-09-11T20:47:28","modified_gmt":"2018-09-11T23:47:28","slug":"dia-del-maestro-homenaje-protocolar-a-todos-los-docentes-mercedinos","status":"publish","type":"post","link":"https:\/\/www.hoymercedes.com.ar\/principal\/2018\/09\/11\/dia-del-maestro-homenaje-protocolar-a-todos-los-docentes-mercedinos\/","title":{"rendered":"D\u00eda del Maestro: homenaje protocolar a todos los docentes mercedinos"},"content":{"rendered":"<p>Por Hoy Mercedes &#8211; Promediando la tarde de este 11 de septiembre, se llev\u00f3 adelante el acto protocolar en homenaje a Domingo Faustino Sarmiento y a los\/as maestros\/as en su d\u00eda. En la intersecci\u00f3n de 30 y 29, donde el busto del ex presidente que inst\u00f3 a la creaci\u00f3n de escuelas para formar maestros \u2013 entre ellas la Escuela Normal de Mercedes &#8211; y a la promoci\u00f3n \u00a0de la primera ley de educaci\u00f3n en 1884, se hizo el acto. All\u00ed, en la esquina de la Biblioteca Popular que el mismo Sarmiento autoriz\u00f3 a bautizar en su nombre en 1887.<\/p>\n<p><img loading=\"lazy\" decoding=\"async\" data-attachment-id=\"80986\" data-permalink=\"https:\/\/www.hoymercedes.com.ar\/principal\/2018\/09\/11\/dia-del-maestro-homenaje-protocolar-a-todos-los-docentes-mercedinos\/11-dia-del-maestro3\/#main\" data-orig-file=\"https:\/\/www.hoymercedes.com.ar\/principal\/wp-content\/uploads\/2018\/09\/11-dia-del-maestro3.jpg\" data-orig-size=\"750,500\" data-comments-opened=\"0\" data-image-meta=\"{&quot;aperture&quot;:&quot;8&quot;,&quot;credit&quot;:&quot;&quot;,&quot;camera&quot;:&quot;NIKON D3100&quot;,&quot;caption&quot;:&quot;&quot;,&quot;created_timestamp&quot;:&quot;1536684510&quot;,&quot;copyright&quot;:&quot;&quot;,&quot;focal_length&quot;:&quot;24&quot;,&quot;iso&quot;:&quot;100&quot;,&quot;shutter_speed&quot;:&quot;0.004&quot;,&quot;title&quot;:&quot;&quot;,&quot;orientation&quot;:&quot;1&quot;}\" data-image-title=\"11 dia-del-maestro3\" data-image-description=\"\" data-image-caption=\"\" data-large-file=\"https:\/\/www.hoymercedes.com.ar\/principal\/wp-content\/uploads\/2018\/09\/11-dia-del-maestro3.jpg\" class=\"aligncenter size-medium wp-image-80986\" src=\"https:\/\/www.hoymercedes.com.ar\/principal\/wp-content\/uploads\/2018\/09\/11-dia-del-maestro3-630x420.jpg\" alt=\"\" width=\"630\" height=\"420\" srcset=\"https:\/\/www.hoymercedes.com.ar\/principal\/wp-content\/uploads\/2018\/09\/11-dia-del-maestro3-630x420.jpg 630w, https:\/\/www.hoymercedes.com.ar\/principal\/wp-content\/uploads\/2018\/09\/11-dia-del-maestro3-150x100.jpg 150w, https:\/\/www.hoymercedes.com.ar\/principal\/wp-content\/uploads\/2018\/09\/11-dia-del-maestro3.jpg 750w\" sizes=\"auto, (max-width: 630px) 100vw, 630px\" \/><\/p>\n<p>Breve acto protocolar se realiz\u00f3 en donde se encuentra el busto de Sarmiento. Abanderados de la Escuela Normal (ISFD N\u00b0 137), de la Secundaria N\u00b0 13, del Instituto Santa Mar\u00eda, de Bomberos Voluntarios, del Servicio Penitenciario y de la Alianza Francesa se hicieron presentes.<\/p>\n<p>Tras el Himno Nacional Argentino, habl\u00f3 ante los presentes la Presidenta de la Biblioteca Sarmiento, Lic. Leonor Ocampo. En nombre de la instituci\u00f3n que recientemente celebr\u00f3 los 131 a\u00f1os, aprovech\u00f3 la oportunidad para evocar los a\u00f1os de juventud de Sarmiento para darle paso al recuerdo de los a\u00f1os en la presidencia.<\/p>\n<p>\u201cSu concepto de la educaci\u00f3n para el desarrollo y la educaci\u00f3n como una de las mejores inversiones que pueden hacer los Estados, se adelant\u00f3 a casi un siglo a lo que la UNESCO establece en la materia. Para tal fin se preocupa por la preparaci\u00f3n de los recursos humanos adecuados: los docentes. Con la creaci\u00f3n de las escuelas normales y el incentivo a la creaci\u00f3n de las Bibliotecas Populares\u201d, expres\u00f3 Leonor Ocampo al evocar la presidencia de Sarmiento.<\/p>\n<p><img loading=\"lazy\" decoding=\"async\" data-attachment-id=\"80985\" data-permalink=\"https:\/\/www.hoymercedes.com.ar\/principal\/2018\/09\/11\/dia-del-maestro-homenaje-protocolar-a-todos-los-docentes-mercedinos\/11-dia-del-maestro2\/#main\" data-orig-file=\"https:\/\/www.hoymercedes.com.ar\/principal\/wp-content\/uploads\/2018\/09\/11-dia-del-maestro2.jpg\" data-orig-size=\"750,500\" data-comments-opened=\"0\" data-image-meta=\"{&quot;aperture&quot;:&quot;8&quot;,&quot;credit&quot;:&quot;&quot;,&quot;camera&quot;:&quot;NIKON D3100&quot;,&quot;caption&quot;:&quot;&quot;,&quot;created_timestamp&quot;:&quot;1536684609&quot;,&quot;copyright&quot;:&quot;&quot;,&quot;focal_length&quot;:&quot;55&quot;,&quot;iso&quot;:&quot;100&quot;,&quot;shutter_speed&quot;:&quot;0.004&quot;,&quot;title&quot;:&quot;&quot;,&quot;orientation&quot;:&quot;1&quot;}\" data-image-title=\"11 dia-del-maestro2\" data-image-description=\"\" data-image-caption=\"\" data-large-file=\"https:\/\/www.hoymercedes.com.ar\/principal\/wp-content\/uploads\/2018\/09\/11-dia-del-maestro2.jpg\" class=\"aligncenter size-medium wp-image-80985\" src=\"https:\/\/www.hoymercedes.com.ar\/principal\/wp-content\/uploads\/2018\/09\/11-dia-del-maestro2-630x420.jpg\" alt=\"\" width=\"630\" height=\"420\" srcset=\"https:\/\/www.hoymercedes.com.ar\/principal\/wp-content\/uploads\/2018\/09\/11-dia-del-maestro2-630x420.jpg 630w, https:\/\/www.hoymercedes.com.ar\/principal\/wp-content\/uploads\/2018\/09\/11-dia-del-maestro2-150x100.jpg 150w, https:\/\/www.hoymercedes.com.ar\/principal\/wp-content\/uploads\/2018\/09\/11-dia-del-maestro2.jpg 750w\" sizes=\"auto, (max-width: 630px) 100vw, 630px\" \/><\/p>\n<p>\u201cSarmiento insist\u00eda que la educaci\u00f3n del soberano era la \u00fanica que pod\u00eda hacer de nuestra patria una naci\u00f3n libre e independiente y un ciudadano con el ejercicio pleno de sus derechos\u201d, agreg\u00f3 Ocampo. \u201cEn la actualidad, los estudios demuestra que la tasa de analfabetismo (1,9%) que llega a 1400000 personas de m\u00e1s de 40 a\u00f1os en t\u00e9rminos de comportamiento ciudadano, se traduce en la imposibilidad de decodificar bien los mensajes que se escuchan o se leen lo que provoca que el hombre que quede afuera de una aut\u00e9ntica participaci\u00f3n c\u00edvica b\u00e1sica\u201d, agreg\u00f3.<\/p>\n<p>\u201cNo creo que debamos quedarnos solo en elogios por lo que Sarmiento hizo, sino que, parafraseando al poeta Navarro Puentes, me permito decir: Mercedes hace un alto en la jornada. Hagamos nuestro examen de conciencia. \u00bfSeguimos sus ejemplos de car\u00e1cter, de actividad y de civismo? Y las lecciones sabias del gran muerto en su tumba que debiera ser c\u00e1tedra, duermen con sus cenizas sus ideas. Pero si a 130 a\u00f1os de su muerte, Sarmiento contemplara, ver\u00eda que su labor no fue del todo vana. Ni in\u00fatiles sus grandes sufrimientos. Que la Patria est\u00e1 sembrada de alfabetos con m\u00e1s libros que armas y m\u00e1s escuelas, muchas m\u00e1s que c\u00e1rceles\u201d, resalt\u00f3 para luego concluir: \u201cEscuchemos la voz de la conciencia, que no yerra ni enga\u00f1a. No hagamos de un homenaje s\u00f3lo la enumeraci\u00f3n de logros, sino el cotidiano ejercicio de lo que \u00e9l nos legara. T entonces el Maestro viendo en nosotros su obra realizada. Se sentir\u00e1 m\u00e1s grande y m\u00e1s firme en su estatua\u201d.<\/p>\n<p>El cierre fue con el Himno a Sarmiento luego de las palabras del Jefe de Gobierno, Juan Pablo L\u00f3pez Baggio que resalt\u00f3 la ley de 1884 que permiti\u00f3 que en todo el pa\u00eds exista una educaci\u00f3n com\u00fan y que se funden miles de escuelas. Asimismo, record\u00f3 y resalt\u00f3 la labor de los docentes que \u201chacen patria\u201d ante \u201csituaciones adversas\u201d poniendo de ejemplo a la docente y al auxiliar que fallecieron en Moreno semanas atr\u00e1s.<\/p>\n<p>Se colocaron ofrendas florales en nombre de la Municipalidad de Mercedes, del\u00a0 Concejo Deliberante, de la Biblioteca Popular Domingo F. Sarmiento, de la Asociaci\u00f3n de Educadores Jubilados y Retirados de la provincia de Buenos Aires, del Frente de Unidad Docente Bonaerense y del Colegio de Escribanos.<\/p>\n<p><img loading=\"lazy\" decoding=\"async\" data-attachment-id=\"80984\" data-permalink=\"https:\/\/www.hoymercedes.com.ar\/principal\/2018\/09\/11\/dia-del-maestro-homenaje-protocolar-a-todos-los-docentes-mercedinos\/11-dia-maestro-1\/#main\" data-orig-file=\"https:\/\/www.hoymercedes.com.ar\/principal\/wp-content\/uploads\/2018\/09\/11-dia-maestro-1.jpg\" data-orig-size=\"750,500\" data-comments-opened=\"0\" data-image-meta=\"{&quot;aperture&quot;:&quot;8&quot;,&quot;credit&quot;:&quot;&quot;,&quot;camera&quot;:&quot;NIKON D3100&quot;,&quot;caption&quot;:&quot;&quot;,&quot;created_timestamp&quot;:&quot;1536684790&quot;,&quot;copyright&quot;:&quot;&quot;,&quot;focal_length&quot;:&quot;18&quot;,&quot;iso&quot;:&quot;100&quot;,&quot;shutter_speed&quot;:&quot;0.005&quot;,&quot;title&quot;:&quot;&quot;,&quot;orientation&quot;:&quot;1&quot;}\" data-image-title=\"11 dia maestro 1\" data-image-description=\"\" data-image-caption=\"\" data-large-file=\"https:\/\/www.hoymercedes.com.ar\/principal\/wp-content\/uploads\/2018\/09\/11-dia-maestro-1.jpg\" class=\"aligncenter size-medium wp-image-80984\" src=\"https:\/\/www.hoymercedes.com.ar\/principal\/wp-content\/uploads\/2018\/09\/11-dia-maestro-1-630x420.jpg\" alt=\"\" width=\"630\" height=\"420\" srcset=\"https:\/\/www.hoymercedes.com.ar\/principal\/wp-content\/uploads\/2018\/09\/11-dia-maestro-1-630x420.jpg 630w, https:\/\/www.hoymercedes.com.ar\/principal\/wp-content\/uploads\/2018\/09\/11-dia-maestro-1-150x100.jpg 150w, https:\/\/www.hoymercedes.com.ar\/principal\/wp-content\/uploads\/2018\/09\/11-dia-maestro-1.jpg 750w\" sizes=\"auto, (max-width: 630px) 100vw, 630px\" \/><\/p>\n","protected":false},"excerpt":{"rendered":"<p>Por Hoy Mercedes &#8211; Promediando la tarde de este 11 de septiembre, se llev\u00f3 adelante el acto protocolar en homenaje &#8230; <a title=\"D\u00eda del Maestro: homenaje protocolar a todos los docentes mercedinos\" class=\"read-more\" href=\"https:\/\/www.hoymercedes.com.ar\/principal\/2018\/09\/11\/dia-del-maestro-homenaje-protocolar-a-todos-los-docentes-mercedinos\/\" aria-label=\"Leer m\u00e1s sobre D\u00eda del Maestro: homenaje protocolar a todos los docentes mercedinos\">Leer m\u00e1s<\/a><\/p>\n","protected":false},"author":1,"featured_media":80984,"comment_status":"closed","ping_status":"open","sticky":false,"template":"","format":"standard","meta":{"_monsterinsights_skip_tracking":false,"_monsterinsights_sitenote_active":false,"_monsterinsights_sitenote_note":"","_monsterinsights_sitenote_category":0,"jetpack_post_was_ever_published":false,"_jetpack_newsletter_access":"","_jetpack_dont_email_post_to_subs":false,"_jetpack_newsletter_tier_id":0,"_jetpack_memberships_contains_paywalled_content":false,"_jetpack_memberships_contains_paid_content":false,"footnotes":"","jetpack_publicize_message":"","jetpack_publicize_feature_enabled":true,"jetpack_social_post_already_shared":true,"jetpack_social_options":{"image_generator_settings":{"template":"highway","default_image_id":0,"font":"","enabled":false},"version":2},"_wpas_customize_per_network":false},"categories":[8],"tags":[8833,13707,13708,244,9988],"class_list":["post-80983","post","type-post","status-publish","format-standard","has-post-thumbnail","hentry","category-sociedad","tag-acto-protocolar","tag-biblioteca","tag-dia-del-maestros","tag-municipio-2","tag-sarmiento","generate-columns","tablet-grid-50","mobile-grid-100","grid-parent","grid-50"],"jetpack_publicize_connections":[],"jetpack_featured_media_url":"https:\/\/www.hoymercedes.com.ar\/principal\/wp-content\/uploads\/2018\/09\/11-dia-maestro-1.jpg","wps_subtitle":"Acto en el busto de Sarmiento","jetpack_sharing_enabled":true,"_links":{"self":[{"href":"https:\/\/www.hoymercedes.com.ar\/principal\/wp-json\/wp\/v2\/posts\/80983","targetHints":{"allow":["GET"]}}],"collection":[{"href":"https:\/\/www.hoymercedes.com.ar\/principal\/wp-json\/wp\/v2\/posts"}],"about":[{"href":"https:\/\/www.hoymercedes.com.ar\/principal\/wp-json\/wp\/v2\/types\/post"}],"author":[{"embeddable":true,"href":"https:\/\/www.hoymercedes.com.ar\/principal\/wp-json\/wp\/v2\/users\/1"}],"replies":[{"embeddable":true,"href":"https:\/\/www.hoymercedes.com.ar\/principal\/wp-json\/wp\/v2\/comments?post=80983"}],"version-history":[{"count":0,"href":"https:\/\/www.hoymercedes.com.ar\/principal\/wp-json\/wp\/v2\/posts\/80983\/revisions"}],"wp:featuredmedia":[{"embeddable":true,"href":"https:\/\/www.hoymercedes.com.ar\/principal\/wp-json\/wp\/v2\/media\/80984"}],"wp:attachment":[{"href":"https:\/\/www.hoymercedes.com.ar\/principal\/wp-json\/wp\/v2\/media?parent=80983"}],"wp:term":[{"taxonomy":"category","embeddable":true,"href":"https:\/\/www.hoymercedes.com.ar\/principal\/wp-json\/wp\/v2\/categories?post=80983"},{"taxonomy":"post_tag","embeddable":true,"href":"https:\/\/www.hoymercedes.com.ar\/principal\/wp-json\/wp\/v2\/tags?post=80983"}],"curies":[{"name":"wp","href":"https:\/\/api.w.org\/{rel}","templated":true}]}}