{"id":80996,"date":"2018-09-12T08:31:10","date_gmt":"2018-09-12T11:31:10","guid":{"rendered":"http:\/\/www.hoymercedes.com.ar\/principal\/?p=80996"},"modified":"2018-09-12T08:31:10","modified_gmt":"2018-09-12T11:31:10","slug":"nueva-reunion-entre-los-vecinos-de-la-ruta-5-y-vialidad-nacional","status":"publish","type":"post","link":"https:\/\/www.hoymercedes.com.ar\/principal\/2018\/09\/12\/nueva-reunion-entre-los-vecinos-de-la-ruta-5-y-vialidad-nacional\/","title":{"rendered":"Nueva reuni\u00f3n entre los Vecinos de la Ruta 5 y Vialidad Nacional"},"content":{"rendered":"<p>En la ma\u00f1ana del d\u00eda martes, un grupo de vecinos de las localidades de Suipacha, 9 de Julio y Mercedes \u2013 representando a Chivilcoy tambi\u00e9n \u2013 mantuvieron un encuentro con las autoridades de Vialidad Nacional para dar cuenta de los avances de obras en la Ruta Nacional N\u00b0 5 \u2013 hoy \u201cCorredor B\u201d.<\/p>\n<p><img loading=\"lazy\" decoding=\"async\" data-attachment-id=\"81001\" data-permalink=\"https:\/\/www.hoymercedes.com.ar\/principal\/2018\/09\/12\/nueva-reunion-entre-los-vecinos-de-la-ruta-5-y-vialidad-nacional\/12-vecinos-ruta-5\/#main\" data-orig-file=\"https:\/\/www.hoymercedes.com.ar\/principal\/wp-content\/uploads\/2018\/09\/12-vecinos-ruta-5.jpg\" data-orig-size=\"750,500\" data-comments-opened=\"0\" data-image-meta=\"{&quot;aperture&quot;:&quot;0&quot;,&quot;credit&quot;:&quot;&quot;,&quot;camera&quot;:&quot;&quot;,&quot;caption&quot;:&quot;&quot;,&quot;created_timestamp&quot;:&quot;0&quot;,&quot;copyright&quot;:&quot;&quot;,&quot;focal_length&quot;:&quot;0&quot;,&quot;iso&quot;:&quot;0&quot;,&quot;shutter_speed&quot;:&quot;0&quot;,&quot;title&quot;:&quot;&quot;,&quot;orientation&quot;:&quot;0&quot;}\" data-image-title=\"12 vecinos ruta 5\" data-image-description=\"\" data-image-caption=\"\" data-large-file=\"https:\/\/www.hoymercedes.com.ar\/principal\/wp-content\/uploads\/2018\/09\/12-vecinos-ruta-5.jpg\" class=\"aligncenter size-medium wp-image-81001\" src=\"https:\/\/www.hoymercedes.com.ar\/principal\/wp-content\/uploads\/2018\/09\/12-vecinos-ruta-5-630x420.jpg\" alt=\"\" width=\"630\" height=\"420\" srcset=\"https:\/\/www.hoymercedes.com.ar\/principal\/wp-content\/uploads\/2018\/09\/12-vecinos-ruta-5-630x420.jpg 630w, https:\/\/www.hoymercedes.com.ar\/principal\/wp-content\/uploads\/2018\/09\/12-vecinos-ruta-5-150x100.jpg 150w, https:\/\/www.hoymercedes.com.ar\/principal\/wp-content\/uploads\/2018\/09\/12-vecinos-ruta-5.jpg 750w\" sizes=\"auto, (max-width: 630px) 100vw, 630px\" \/><\/p>\n<p>Durante el encuentro, se convers\u00f3 sobre distintos cuestiones y proyectos. Los funcionarios nacionales fueron consultados por el inicio de obras, las variantes, las tarifas de peajes, los beneficios para usuarios de la zona, las colectoras, la expropiaci\u00f3n de tierras, las obras necesarias para la seguridad vial, sobre la Avenida 2 de Mercedes, el recupero del impuesto al gas oil que vialidad dispondr\u00eda para obras, entre otros.<\/p>\n<p>Tras la reuni\u00f3n, Carlos Mosso de Mercedes cont\u00f3 que les informaron que las obras empezar\u00edan en noviembre con el corrimiento de alambrados y la instalaci\u00f3n de obradores para que en el primer trimestre de 2019 las m\u00e1quinas inicien la construcci\u00f3n de la autopista hasta Bragado, Rutas Seguras hasta Anguil y nuevamente autopista hasta Santa Rosa, contemplando cruces en altura, tercer carril, cabinas de peajes, cabinas de control de peso y cargas, re-acondicionando la traza existente, demarcaci\u00f3n horizontal y vertical.<\/p>\n<p>\u201cLa \u00fanica nueva cabina de peajes que se incorpora al corredor, se instalar\u00e1 en la variante de la ciudad de Chivilcoy, lo cual quienes no quieran pagar peaje, podr\u00e1n transitar por la traza existente en la actualidad\u201d, dijo Mosso. \u201cYa est\u00e1n trabajando funcionarios de Vialidad respecto a expropiaciones, buscando la firma de aceptaci\u00f3n por parte de varios frentistas. Este trabajo demanda varios meses. Tambi\u00e9n, se est\u00e1n tomando muestras de tierras para ser usadas en los alteos correspondientes\u201d, agreg\u00f3.<\/p>\n<p>\u201cRealmente volvimos complacidos y ansiosos por ver lo que todos esperamos, agradeciendo la excelente atenci\u00f3n y predisposici\u00f3n, quedando a la espera de un nuevo encuentro muy pronto, cuando se definan algunas cuestiones t\u00e9cnicas\u201d, resalt\u00f3 Mosso para luego agradecer al Jefe Comunal de Mercedes, Juan Ignacio Ustarroz por la colaboraci\u00f3n a los vecinos que se hicieron presentes en Vialidad Nacional.<\/p>\n<p>Del encuentro participaron: los vecinos Guillermo Esain de Suipacha, Julio Mascheroni de 9 de Julio, y Jorge Retegui y Carlos Mosso de Mercedes. Por parte de Vialidad Nacional se hicieron presentes: la Asistente T\u00e9cnica de la Administradora Sonia Pilar Orelogia, el Coordinador de Gesti\u00f3n Eduardo Plasencia, la Subgerente de Prensa B\u00e1rbara Soto y el Subgerente de Atenci\u00f3n al Usuario Martin Zangirolamo.<\/p>\n<p>&nbsp;<\/p>\n","protected":false},"excerpt":{"rendered":"<p>En la ma\u00f1ana del d\u00eda martes, un grupo de vecinos de las localidades de Suipacha, 9 de Julio y Mercedes &#8230; <a title=\"Nueva reuni\u00f3n entre los Vecinos de la Ruta 5 y Vialidad Nacional\" class=\"read-more\" href=\"https:\/\/www.hoymercedes.com.ar\/principal\/2018\/09\/12\/nueva-reunion-entre-los-vecinos-de-la-ruta-5-y-vialidad-nacional\/\" aria-label=\"Leer m\u00e1s sobre Nueva reuni\u00f3n entre los Vecinos de la Ruta 5 y Vialidad Nacional\">Leer m\u00e1s<\/a><\/p>\n","protected":false},"author":1,"featured_media":81001,"comment_status":"closed","ping_status":"open","sticky":false,"template":"","format":"standard","meta":{"_monsterinsights_skip_tracking":false,"_monsterinsights_sitenote_active":false,"_monsterinsights_sitenote_note":"","_monsterinsights_sitenote_category":0,"jetpack_post_was_ever_published":false,"_jetpack_newsletter_access":"","_jetpack_dont_email_post_to_subs":false,"_jetpack_newsletter_tier_id":0,"_jetpack_memberships_contains_paywalled_content":false,"_jetpack_memberships_contains_paid_content":false,"footnotes":"","jetpack_publicize_message":"","jetpack_publicize_feature_enabled":true,"jetpack_social_post_already_shared":true,"jetpack_social_options":{"image_generator_settings":{"template":"highway","default_image_id":0,"font":"","enabled":false},"version":2},"_wpas_customize_per_network":false},"categories":[8],"tags":[2467,62,10,1014,2858,559,9036,3516],"class_list":["post-80996","post","type-post","status-publish","format-standard","has-post-thumbnail","hentry","category-sociedad","tag-9-de-julio","tag-chivilcoy","tag-mercedes","tag-obras","tag-ruta-nacional-5","tag-suipacha","tag-vecinos","tag-vialidad-nacional","generate-columns","tablet-grid-50","mobile-grid-100","grid-parent","grid-50"],"jetpack_publicize_connections":[],"jetpack_featured_media_url":"https:\/\/www.hoymercedes.com.ar\/principal\/wp-content\/uploads\/2018\/09\/12-vecinos-ruta-5.jpg","wps_subtitle":"El martes \u00faltimo","jetpack_sharing_enabled":true,"_links":{"self":[{"href":"https:\/\/www.hoymercedes.com.ar\/principal\/wp-json\/wp\/v2\/posts\/80996","targetHints":{"allow":["GET"]}}],"collection":[{"href":"https:\/\/www.hoymercedes.com.ar\/principal\/wp-json\/wp\/v2\/posts"}],"about":[{"href":"https:\/\/www.hoymercedes.com.ar\/principal\/wp-json\/wp\/v2\/types\/post"}],"author":[{"embeddable":true,"href":"https:\/\/www.hoymercedes.com.ar\/principal\/wp-json\/wp\/v2\/users\/1"}],"replies":[{"embeddable":true,"href":"https:\/\/www.hoymercedes.com.ar\/principal\/wp-json\/wp\/v2\/comments?post=80996"}],"version-history":[{"count":0,"href":"https:\/\/www.hoymercedes.com.ar\/principal\/wp-json\/wp\/v2\/posts\/80996\/revisions"}],"wp:featuredmedia":[{"embeddable":true,"href":"https:\/\/www.hoymercedes.com.ar\/principal\/wp-json\/wp\/v2\/media\/81001"}],"wp:attachment":[{"href":"https:\/\/www.hoymercedes.com.ar\/principal\/wp-json\/wp\/v2\/media?parent=80996"}],"wp:term":[{"taxonomy":"category","embeddable":true,"href":"https:\/\/www.hoymercedes.com.ar\/principal\/wp-json\/wp\/v2\/categories?post=80996"},{"taxonomy":"post_tag","embeddable":true,"href":"https:\/\/www.hoymercedes.com.ar\/principal\/wp-json\/wp\/v2\/tags?post=80996"}],"curies":[{"name":"wp","href":"https:\/\/api.w.org\/{rel}","templated":true}]}}