{"id":81006,"date":"2018-09-12T09:32:24","date_gmt":"2018-09-12T12:32:24","guid":{"rendered":"http:\/\/www.hoymercedes.com.ar\/principal\/?p=81006"},"modified":"2018-09-12T08:37:25","modified_gmt":"2018-09-12T11:37:25","slug":"jonatan-alvarado-y-su-ensamble-musical-vuelven-a-presentarse-en-mercedes","status":"publish","type":"post","link":"https:\/\/www.hoymercedes.com.ar\/principal\/2018\/09\/12\/jonatan-alvarado-y-su-ensamble-musical-vuelven-a-presentarse-en-mercedes\/","title":{"rendered":"Jonatan Alvarado y su Ensamble musical vuelven a presentarse en Mercedes"},"content":{"rendered":"<p><em><strong>El int\u00e9rprete mercedino\u00a0 Jonatan Alvarado retorna a la ciudad para presentar el Ensamble Seconda Pratica. Se realizar\u00e1 el s\u00e1bado 15 de septiembre a la hora 20, en el Sal\u00f3n de Actos de la Escuela Normal, con entrada libre y gratuita.<\/strong><\/em><\/p>\n<p><img loading=\"lazy\" decoding=\"async\" data-attachment-id=\"80999\" data-permalink=\"https:\/\/www.hoymercedes.com.ar\/principal\/2018\/09\/12\/nueva-reunion-entre-los-vecinos-de-la-ruta-5-y-vialidad-nacional\/12-ensamble-alvarado\/#main\" data-orig-file=\"https:\/\/www.hoymercedes.com.ar\/principal\/wp-content\/uploads\/2018\/09\/12-ensamble-alvarado.jpg\" data-orig-size=\"750,528\" data-comments-opened=\"0\" data-image-meta=\"{&quot;aperture&quot;:&quot;0&quot;,&quot;credit&quot;:&quot;&quot;,&quot;camera&quot;:&quot;&quot;,&quot;caption&quot;:&quot;&quot;,&quot;created_timestamp&quot;:&quot;0&quot;,&quot;copyright&quot;:&quot;&quot;,&quot;focal_length&quot;:&quot;0&quot;,&quot;iso&quot;:&quot;0&quot;,&quot;shutter_speed&quot;:&quot;0&quot;,&quot;title&quot;:&quot;&quot;,&quot;orientation&quot;:&quot;0&quot;}\" data-image-title=\"12 ensamble alvarado\" data-image-description=\"\" data-image-caption=\"\" data-large-file=\"https:\/\/www.hoymercedes.com.ar\/principal\/wp-content\/uploads\/2018\/09\/12-ensamble-alvarado.jpg\" class=\"aligncenter size-medium wp-image-80999\" src=\"https:\/\/www.hoymercedes.com.ar\/principal\/wp-content\/uploads\/2018\/09\/12-ensamble-alvarado-630x444.jpg\" alt=\"\" width=\"630\" height=\"444\" srcset=\"https:\/\/www.hoymercedes.com.ar\/principal\/wp-content\/uploads\/2018\/09\/12-ensamble-alvarado-630x444.jpg 630w, https:\/\/www.hoymercedes.com.ar\/principal\/wp-content\/uploads\/2018\/09\/12-ensamble-alvarado-150x106.jpg 150w, https:\/\/www.hoymercedes.com.ar\/principal\/wp-content\/uploads\/2018\/09\/12-ensamble-alvarado.jpg 750w\" sizes=\"auto, (max-width: 630px) 100vw, 630px\" \/><\/p>\n<p><!--more--><\/p>\n<p>El\u00a0 int\u00e9rprete mercedino\u00a0 Jonatan Alvarado, que reside y trabaja desde hace varios a\u00f1os en Europa, llega peri\u00f3dicamente a nuestra ciudad con el aporte de su destacada experiencia musical.\u00a0 Formado\u00a0 en Holanda y dedicado en particular a la m\u00fasica de c\u00e1mara de siglos pasados y sus influencias en Europa y Am\u00e9rica,\u00a0 trae en esta visita un aporte singular.\u00a0 Viene con el Ensamble Seconda Pratica, especializado en la interpretaci\u00f3n de la m\u00fasica Iberoamericana de los siglos XVI y XVII, del cual es director musical y cofundador \u2013 junto al\u00a0 lisboeta Nuno Atalia \u2013 y que ha cosechado numerosas distinciones. El Ensamble se ha presentado en los Festivales especializados m\u00e1s importantes de Europa, entre los que se incluyen los Festivales de Ambronay, Sabl\u00e9, Utrecht, Estocolmo, G\u00f6ttingen y Liubliana, entre otros. A fines de 2016 edit\u00f3 su primer disco.<\/p>\n<p>\u201cLas palabras y el silencio\u2026\u201d,\u00a0 que incluye antiguas canciones de las cortes francesas, tendr\u00e1 lugar en el sal\u00f3n de actos de la Escuela Normal el s\u00e1bado 15 de septiembre a las 20. El programa trae por primera vez a Mercedes un repertorio relativamente poco explorado, incluso a nivel mundial: las denominadas \u2018airs de cour\u2019 o \u2018arias cortesanas\u2019. Se trata de canciones breves, basadas generalmente en poemas de amor y que constituyen un g\u00e9nero cultivado en las cortes parisinas entre finales del siglo XVI y la primera mitad del XVII. Concebidas para canto y la\u00fad \u2013 instrumento de cuerda pulsada, antepasado de la guitarra \u2013 estas canciones nos permiten acceder al mundo del cantautor renacentista y barroco, a la producci\u00f3n po\u00e9tica y musical de un ambiente aristocr\u00e1tico para el que el canto y la declamaci\u00f3n representaban la expresi\u00f3n m\u00e1xima de las cualidades personales de un individuo. M\u00fasica refinada y de una gran belleza, interesante y accesible incluso habiendo pasado 400 a\u00f1os desde su publicaci\u00f3n original.<\/p>\n<p>Esta presentaci\u00f3n ha sido organizada por el Centro de Ex alumnos de la Escuela Normal, con entrada libre y gratuita y se realizar\u00e1 el s\u00e1bado 15 de septiembre a las 20 en el Sal\u00f3n de Actos de la Escuela de Avenida 29, entre 38 y 36.<\/p>\n<p>&nbsp;<\/p>\n","protected":false},"excerpt":{"rendered":"<p>El int\u00e9rprete mercedino\u00a0 Jonatan Alvarado retorna a la ciudad para presentar el Ensamble Seconda Pratica. Se realizar\u00e1 el s\u00e1bado 15 &#8230; <a title=\"Jonatan Alvarado y su Ensamble musical vuelven a presentarse en Mercedes\" class=\"read-more\" href=\"https:\/\/www.hoymercedes.com.ar\/principal\/2018\/09\/12\/jonatan-alvarado-y-su-ensamble-musical-vuelven-a-presentarse-en-mercedes\/\" aria-label=\"Leer m\u00e1s sobre Jonatan Alvarado y su Ensamble musical vuelven a presentarse en Mercedes\">Leer m\u00e1s<\/a><\/p>\n","protected":false},"author":1,"featured_media":80999,"comment_status":"closed","ping_status":"open","sticky":false,"template":"","format":"standard","meta":{"_monsterinsights_skip_tracking":false,"_monsterinsights_sitenote_active":false,"_monsterinsights_sitenote_note":"","_monsterinsights_sitenote_category":0,"jetpack_post_was_ever_published":false,"_jetpack_newsletter_access":"","_jetpack_dont_email_post_to_subs":false,"_jetpack_newsletter_tier_id":0,"_jetpack_memberships_contains_paywalled_content":false,"_jetpack_memberships_contains_paid_content":false,"footnotes":"","jetpack_publicize_message":"","jetpack_publicize_feature_enabled":true,"jetpack_social_post_already_shared":true,"jetpack_social_options":{"image_generator_settings":{"template":"highway","default_image_id":0,"font":"","enabled":false},"version":2},"_wpas_customize_per_network":false},"categories":[104],"tags":[7805,2266,10665,8539],"class_list":["post-81006","post","type-post","status-publish","format-standard","has-post-thumbnail","hentry","category-cultura","tag-cultura","tag-escuela-normal","tag-jonatan-alvarado","tag-musica","generate-columns","tablet-grid-50","mobile-grid-100","grid-parent","grid-50"],"jetpack_publicize_connections":[],"jetpack_featured_media_url":"https:\/\/www.hoymercedes.com.ar\/principal\/wp-content\/uploads\/2018\/09\/12-ensamble-alvarado.jpg","wps_subtitle":"S\u00e1bado 15 en la Escuela Normal","jetpack_sharing_enabled":true,"_links":{"self":[{"href":"https:\/\/www.hoymercedes.com.ar\/principal\/wp-json\/wp\/v2\/posts\/81006","targetHints":{"allow":["GET"]}}],"collection":[{"href":"https:\/\/www.hoymercedes.com.ar\/principal\/wp-json\/wp\/v2\/posts"}],"about":[{"href":"https:\/\/www.hoymercedes.com.ar\/principal\/wp-json\/wp\/v2\/types\/post"}],"author":[{"embeddable":true,"href":"https:\/\/www.hoymercedes.com.ar\/principal\/wp-json\/wp\/v2\/users\/1"}],"replies":[{"embeddable":true,"href":"https:\/\/www.hoymercedes.com.ar\/principal\/wp-json\/wp\/v2\/comments?post=81006"}],"version-history":[{"count":0,"href":"https:\/\/www.hoymercedes.com.ar\/principal\/wp-json\/wp\/v2\/posts\/81006\/revisions"}],"wp:featuredmedia":[{"embeddable":true,"href":"https:\/\/www.hoymercedes.com.ar\/principal\/wp-json\/wp\/v2\/media\/80999"}],"wp:attachment":[{"href":"https:\/\/www.hoymercedes.com.ar\/principal\/wp-json\/wp\/v2\/media?parent=81006"}],"wp:term":[{"taxonomy":"category","embeddable":true,"href":"https:\/\/www.hoymercedes.com.ar\/principal\/wp-json\/wp\/v2\/categories?post=81006"},{"taxonomy":"post_tag","embeddable":true,"href":"https:\/\/www.hoymercedes.com.ar\/principal\/wp-json\/wp\/v2\/tags?post=81006"}],"curies":[{"name":"wp","href":"https:\/\/api.w.org\/{rel}","templated":true}]}}