{"id":81026,"date":"2018-09-13T05:16:07","date_gmt":"2018-09-13T08:16:07","guid":{"rendered":"http:\/\/www.hoymercedes.com.ar\/principal\/?p=81026"},"modified":"2018-09-12T17:20:20","modified_gmt":"2018-09-12T20:20:20","slug":"selva-acompano-a-graciela-camano-a-la-recepcion-de-su-premio-konex","status":"publish","type":"post","link":"https:\/\/www.hoymercedes.com.ar\/principal\/2018\/09\/13\/selva-acompano-a-graciela-camano-a-la-recepcion-de-su-premio-konex\/","title":{"rendered":"Selva acompa\u00f1\u00f3 a Graciela Cama\u00f1o a la recepci\u00f3n de su premio Konex"},"content":{"rendered":"<p>El legislador nacional, Carlos Selva, fue parte del acto en el que la diputada Graciela Cama\u00f1o recibi\u00f3 el Diploma al M\u00e9rito por su trayectoria. Este martes la Fundaci\u00f3n reconoci\u00f3 a las 100 personalidades e instituciones m\u00e1s destacadas.<\/p>\n<p><img loading=\"lazy\" decoding=\"async\" data-attachment-id=\"81027\" data-permalink=\"https:\/\/www.hoymercedes.com.ar\/principal\/2018\/09\/13\/selva-acompano-a-graciela-camano-a-la-recepcion-de-su-premio-konex\/13-selva-konax\/#main\" data-orig-file=\"https:\/\/www.hoymercedes.com.ar\/principal\/wp-content\/uploads\/2018\/09\/13-selva-konax.jpg\" data-orig-size=\"596,388\" data-comments-opened=\"0\" data-image-meta=\"{&quot;aperture&quot;:&quot;0&quot;,&quot;credit&quot;:&quot;&quot;,&quot;camera&quot;:&quot;&quot;,&quot;caption&quot;:&quot;&quot;,&quot;created_timestamp&quot;:&quot;0&quot;,&quot;copyright&quot;:&quot;&quot;,&quot;focal_length&quot;:&quot;0&quot;,&quot;iso&quot;:&quot;0&quot;,&quot;shutter_speed&quot;:&quot;0&quot;,&quot;title&quot;:&quot;&quot;,&quot;orientation&quot;:&quot;0&quot;}\" data-image-title=\"13 selva konax\" data-image-description=\"\" data-image-caption=\"\" data-large-file=\"https:\/\/www.hoymercedes.com.ar\/principal\/wp-content\/uploads\/2018\/09\/13-selva-konax.jpg\" class=\"aligncenter size-full wp-image-81027\" src=\"https:\/\/www.hoymercedes.com.ar\/principal\/wp-content\/uploads\/2018\/09\/13-selva-konax.jpg\" alt=\"\" width=\"596\" height=\"388\" srcset=\"https:\/\/www.hoymercedes.com.ar\/principal\/wp-content\/uploads\/2018\/09\/13-selva-konax.jpg 596w, https:\/\/www.hoymercedes.com.ar\/principal\/wp-content\/uploads\/2018\/09\/13-selva-konax-150x98.jpg 150w\" sizes=\"auto, (max-width: 596px) 100vw, 596px\" \/><\/p>\n<p>El diputado nacional Carlos Selva acompa\u00f1\u00f3 la diputada Graciela Cama\u00f1o, quien recibi\u00f3 el Diploma al M\u00e9rito de Fundaci\u00f3n Konex por su trayectoria legislativa en los \u00faltimos 10 a\u00f1os.<\/p>\n<p>Los Premios Konex 2018, Diplomas al M\u00e9rito, se entregaron este martes 11 a las 100 personalidades e instituciones m\u00e1s destacadas de la comunidad y empresas de la Argentina en la \u00faltima d\u00e9cada (2008-2017). El acto fue en la Facultad de Derecho de la UBA y hasta all\u00ed se lleg\u00f3 Selva para acompa\u00f1ar a Cama\u00f1o.<\/p>\n<p>Los diplomas al m\u00e9rito a legisladores correspondieron a Graciela Cama\u00f1o, Elisa Carri\u00f3, Miguel \u00c1ngel Pichetto, Ernesto Sanz y Margarita Stolbizer.<\/p>\n<p>Graciela Cama\u00f1o es abogada (Universidad de Mor\u00f3n), doctorando en Ciencias Jur\u00eddicas. Docente de Derecho Constitucional en dicha universidad (2012-2016). Diputada Nacional durante los per\u00edodos 1989-1993, 1997-2001, 2001-2002, 2003-2007, 2007- 2011, 2011-2015, reelecta para 2015-2019 por el Bloque Frente Renovador. En el parlamento participa de las comisiones de Ciencia, Tecnolog\u00eda e Innovaci\u00f3n Productiva; Discapacidad; Peticiones, Poderes y Reglamento; Juicio Pol\u00edtico y Defensa Del Consumidor.<\/p>\n<p>Es la Presidente del Bloque Federal Unidos por una Nueva Argentina. Durante 4 a\u00f1os fue Vicepresidente 3\u00b0 de la Honorable C\u00e1mara de Diputados de la Naci\u00f3n. Ministro de Trabajo, Empleo y Seguridad Social de la Naci\u00f3n (2002-2003). Hasta diciembre de 2013 fue Presidente del Consejo del Partido Justicialista de General San Mart\u00edn y en la actualidad es Presidente del Partido 3\u00b0 Posici\u00f3n.<\/p>\n","protected":false},"excerpt":{"rendered":"<p>El legislador nacional, Carlos Selva, fue parte del acto en el que la diputada Graciela Cama\u00f1o recibi\u00f3 el Diploma al &#8230; <a title=\"Selva acompa\u00f1\u00f3 a Graciela Cama\u00f1o a la recepci\u00f3n de su premio Konex\" class=\"read-more\" href=\"https:\/\/www.hoymercedes.com.ar\/principal\/2018\/09\/13\/selva-acompano-a-graciela-camano-a-la-recepcion-de-su-premio-konex\/\" aria-label=\"Leer m\u00e1s sobre Selva acompa\u00f1\u00f3 a Graciela Cama\u00f1o a la recepci\u00f3n de su premio Konex\">Leer m\u00e1s<\/a><\/p>\n","protected":false},"author":1,"featured_media":81027,"comment_status":"closed","ping_status":"open","sticky":false,"template":"","format":"standard","meta":{"_monsterinsights_skip_tracking":false,"_monsterinsights_sitenote_active":false,"_monsterinsights_sitenote_note":"","_monsterinsights_sitenote_category":0,"jetpack_post_was_ever_published":false,"_jetpack_newsletter_access":"","_jetpack_dont_email_post_to_subs":false,"_jetpack_newsletter_tier_id":0,"_jetpack_memberships_contains_paywalled_content":false,"_jetpack_memberships_contains_paid_content":false,"footnotes":"","jetpack_publicize_message":"","jetpack_publicize_feature_enabled":true,"jetpack_social_post_already_shared":true,"jetpack_social_options":{"image_generator_settings":{"template":"highway","default_image_id":0,"font":"","enabled":false},"version":2},"_wpas_customize_per_network":false},"categories":[5210],"tags":[39,9654,7500,13599,5319],"class_list":["post-81026","post","type-post","status-publish","format-standard","has-post-thumbnail","hentry","category-politica-nacional","tag-carlos-selva","tag-congreso-nacional","tag-diputado-nacional","tag-fuente-renovador","tag-politica-2","generate-columns","tablet-grid-50","mobile-grid-100","grid-parent","grid-50"],"jetpack_publicize_connections":[],"jetpack_featured_media_url":"https:\/\/www.hoymercedes.com.ar\/principal\/wp-content\/uploads\/2018\/09\/13-selva-konax.jpg","wps_subtitle":"Por su trayectoria","jetpack_sharing_enabled":true,"_links":{"self":[{"href":"https:\/\/www.hoymercedes.com.ar\/principal\/wp-json\/wp\/v2\/posts\/81026","targetHints":{"allow":["GET"]}}],"collection":[{"href":"https:\/\/www.hoymercedes.com.ar\/principal\/wp-json\/wp\/v2\/posts"}],"about":[{"href":"https:\/\/www.hoymercedes.com.ar\/principal\/wp-json\/wp\/v2\/types\/post"}],"author":[{"embeddable":true,"href":"https:\/\/www.hoymercedes.com.ar\/principal\/wp-json\/wp\/v2\/users\/1"}],"replies":[{"embeddable":true,"href":"https:\/\/www.hoymercedes.com.ar\/principal\/wp-json\/wp\/v2\/comments?post=81026"}],"version-history":[{"count":0,"href":"https:\/\/www.hoymercedes.com.ar\/principal\/wp-json\/wp\/v2\/posts\/81026\/revisions"}],"wp:featuredmedia":[{"embeddable":true,"href":"https:\/\/www.hoymercedes.com.ar\/principal\/wp-json\/wp\/v2\/media\/81027"}],"wp:attachment":[{"href":"https:\/\/www.hoymercedes.com.ar\/principal\/wp-json\/wp\/v2\/media?parent=81026"}],"wp:term":[{"taxonomy":"category","embeddable":true,"href":"https:\/\/www.hoymercedes.com.ar\/principal\/wp-json\/wp\/v2\/categories?post=81026"},{"taxonomy":"post_tag","embeddable":true,"href":"https:\/\/www.hoymercedes.com.ar\/principal\/wp-json\/wp\/v2\/tags?post=81026"}],"curies":[{"name":"wp","href":"https:\/\/api.w.org\/{rel}","templated":true}]}}