{"id":81057,"date":"2018-09-13T16:42:40","date_gmt":"2018-09-13T19:42:40","guid":{"rendered":"http:\/\/www.hoymercedes.com.ar\/principal\/?p=81057"},"modified":"2018-09-13T16:42:40","modified_gmt":"2018-09-13T19:42:40","slug":"por-pronostico-desfavorable-reprograman-fiesta-nacional-del-salame","status":"publish","type":"post","link":"https:\/\/www.hoymercedes.com.ar\/principal\/2018\/09\/13\/por-pronostico-desfavorable-reprograman-fiesta-nacional-del-salame\/","title":{"rendered":"Por pron\u00f3stico desfavorable reprograman Fiesta Nacional del Salame"},"content":{"rendered":"<p><span class=\"embed-youtube\" style=\"text-align:center; display: block;\"><iframe loading=\"lazy\" class=\"youtube-player\" width=\"1200\" height=\"675\" src=\"https:\/\/www.youtube.com\/embed\/Lm3q7H1Dr1o?version=3&#038;rel=1&#038;showsearch=0&#038;showinfo=1&#038;iv_load_policy=1&#038;fs=1&#038;hl=es-ES&#038;autohide=2&#038;wmode=transparent\" allowfullscreen=\"true\" style=\"border:0;\" sandbox=\"allow-scripts allow-same-origin allow-popups allow-presentation allow-popups-to-escape-sandbox\"><\/iframe><\/span><\/p>\n<p>Los productores de salame de la ciudad junto al Jefe Comunal informaron que por el pron\u00f3stico desfavorable para el fin de semana y considerando todo lo que implica su organizaci\u00f3n la Fiesta Nacional del Salame se reprograma para el fin de semana del 21, 22 y 23 de septiembre.<\/p>\n<p>Con Carlos Berro a la cabeza, pero con todos representados, se inform\u00f3 que \u201cse suspende la fiesta a\u00f1orando tener mejor clima para el pr\u00f3ximo fin de semana. Se trata de una propuesta que genera mucho trabajo e inter\u00e9s y es por ello que consultados los principales protagonistas se tom\u00f3 la decisi\u00f3n de reprogramar\u201d, informaron.<\/p>\n<p>En las pr\u00f3ximas jornadas se informar\u00e1 si llega a haber alg\u00fan cambio en la grilla art\u00edstica dado los compromisos asumidos l\u00f3gicos de cada uno de ellos.<\/p>\n","protected":false},"excerpt":{"rendered":"<p>Los productores de salame de la ciudad junto al Jefe Comunal informaron que por el pron\u00f3stico desfavorable para el fin &#8230; <a title=\"Por pron\u00f3stico desfavorable reprograman Fiesta Nacional del Salame\" class=\"read-more\" href=\"https:\/\/www.hoymercedes.com.ar\/principal\/2018\/09\/13\/por-pronostico-desfavorable-reprograman-fiesta-nacional-del-salame\/\" aria-label=\"Leer m\u00e1s sobre Por pron\u00f3stico desfavorable reprograman Fiesta Nacional del Salame\">Leer m\u00e1s<\/a><\/p>\n","protected":false},"author":1,"featured_media":81058,"comment_status":"closed","ping_status":"open","sticky":false,"template":"","format":"standard","meta":{"_monsterinsights_skip_tracking":false,"_monsterinsights_sitenote_active":false,"_monsterinsights_sitenote_note":"","_monsterinsights_sitenote_category":0,"jetpack_post_was_ever_published":false,"_jetpack_newsletter_access":"","_jetpack_dont_email_post_to_subs":false,"_jetpack_newsletter_tier_id":0,"_jetpack_memberships_contains_paywalled_content":false,"_jetpack_memberships_contains_paid_content":false,"footnotes":"","jetpack_publicize_message":"","jetpack_publicize_feature_enabled":true,"jetpack_social_post_already_shared":true,"jetpack_social_options":{"image_generator_settings":{"template":"highway","default_image_id":0,"font":"","enabled":false},"version":2},"_wpas_customize_per_network":false},"categories":[30],"tags":[13722],"class_list":["post-81057","post","type-post","status-publish","format-standard","has-post-thumbnail","hentry","category-municipio","tag-fiesta-del-salame-2018","generate-columns","tablet-grid-50","mobile-grid-100","grid-parent","grid-50"],"jetpack_publicize_connections":[],"jetpack_featured_media_url":"https:\/\/www.hoymercedes.com.ar\/principal\/wp-content\/uploads\/2018\/09\/Fiesta-Reprogramada.jpeg","wps_subtitle":"Pasa al 21, 22 y 23 de Septiembre","jetpack_sharing_enabled":true,"_links":{"self":[{"href":"https:\/\/www.hoymercedes.com.ar\/principal\/wp-json\/wp\/v2\/posts\/81057","targetHints":{"allow":["GET"]}}],"collection":[{"href":"https:\/\/www.hoymercedes.com.ar\/principal\/wp-json\/wp\/v2\/posts"}],"about":[{"href":"https:\/\/www.hoymercedes.com.ar\/principal\/wp-json\/wp\/v2\/types\/post"}],"author":[{"embeddable":true,"href":"https:\/\/www.hoymercedes.com.ar\/principal\/wp-json\/wp\/v2\/users\/1"}],"replies":[{"embeddable":true,"href":"https:\/\/www.hoymercedes.com.ar\/principal\/wp-json\/wp\/v2\/comments?post=81057"}],"version-history":[{"count":0,"href":"https:\/\/www.hoymercedes.com.ar\/principal\/wp-json\/wp\/v2\/posts\/81057\/revisions"}],"wp:featuredmedia":[{"embeddable":true,"href":"https:\/\/www.hoymercedes.com.ar\/principal\/wp-json\/wp\/v2\/media\/81058"}],"wp:attachment":[{"href":"https:\/\/www.hoymercedes.com.ar\/principal\/wp-json\/wp\/v2\/media?parent=81057"}],"wp:term":[{"taxonomy":"category","embeddable":true,"href":"https:\/\/www.hoymercedes.com.ar\/principal\/wp-json\/wp\/v2\/categories?post=81057"},{"taxonomy":"post_tag","embeddable":true,"href":"https:\/\/www.hoymercedes.com.ar\/principal\/wp-json\/wp\/v2\/tags?post=81057"}],"curies":[{"name":"wp","href":"https:\/\/api.w.org\/{rel}","templated":true}]}}