{"id":81071,"date":"2018-09-14T16:56:31","date_gmt":"2018-09-14T19:56:31","guid":{"rendered":"http:\/\/www.hoymercedes.com.ar\/principal\/?p=81071"},"modified":"2018-09-14T17:32:02","modified_gmt":"2018-09-14T20:32:02","slug":"un-nuevo-anos-para-una-primavera-sin-descontrol","status":"publish","type":"post","link":"https:\/\/www.hoymercedes.com.ar\/principal\/2018\/09\/14\/un-nuevo-anos-para-una-primavera-sin-descontrol\/","title":{"rendered":"Un nuevo a\u00f1o para una \u00abPrimavera Sin Descontrol\u00bb"},"content":{"rendered":"<p>Este s\u00e1bado 22 de septiembre se desarrollar\u00e1 en el Complejo Cultural La Trocha el Festival \u00abPrimavera Sin Descontrol.\u00bb La propuesta de las Iglesias Evang\u00e9licas de nuestra ciudad que acompa\u00f1a el Municipio de Mercedes se har\u00e1 desde las diez de la ma\u00f1ana del s\u00e1bado venidero.<\/p>\n<p>A trav\u00e9s de una conferencia de prensa, el Intendente Municipal Juan Ignacio Ustarroz en compa\u00f1\u00eda de la Coordinadora de juventud Eugenia C\u00f3dega y Osvaldo Garrido y Romina Contreras, referentes de la Iglesia Evang\u00e9lica, anunciaron una nueva edici\u00f3n de \u00abPrimavera Sin Descontrol\u00bb.<\/p>\n<p>En esta oportunidad, ser\u00e1 en La Trocha, al d\u00eda siguiente del d\u00eda de la primavera. Aunque continuar\u00e1n con el casting de talentos, m\u00fasica, juegos, recreaci\u00f3n, \u201cbajo el lema de primavera sin descontrol, cero alcohol, cero droga y cero violencia\u00bb. A partir de las 10 de la ma\u00f1ana, el s\u00e1bado 22 de septiembre estar\u00e1n presentes en la vieja estaci\u00f3n de avenida 40.<\/p>\n<p><img loading=\"lazy\" decoding=\"async\" data-attachment-id=\"81072\" data-permalink=\"https:\/\/www.hoymercedes.com.ar\/principal\/2018\/09\/14\/un-nuevo-anos-para-una-primavera-sin-descontrol\/14-primavera-2\/#main\" data-orig-file=\"https:\/\/www.hoymercedes.com.ar\/principal\/wp-content\/uploads\/2018\/09\/14-primavera-2.jpg\" data-orig-size=\"750,353\" data-comments-opened=\"0\" data-image-meta=\"{&quot;aperture&quot;:&quot;0&quot;,&quot;credit&quot;:&quot;&quot;,&quot;camera&quot;:&quot;&quot;,&quot;caption&quot;:&quot;&quot;,&quot;created_timestamp&quot;:&quot;0&quot;,&quot;copyright&quot;:&quot;&quot;,&quot;focal_length&quot;:&quot;0&quot;,&quot;iso&quot;:&quot;0&quot;,&quot;shutter_speed&quot;:&quot;0&quot;,&quot;title&quot;:&quot;&quot;,&quot;orientation&quot;:&quot;0&quot;}\" data-image-title=\"14 primavera-2\" data-image-description=\"\" data-image-caption=\"\" data-large-file=\"https:\/\/www.hoymercedes.com.ar\/principal\/wp-content\/uploads\/2018\/09\/14-primavera-2.jpg\" class=\"aligncenter size-medium wp-image-81072\" src=\"https:\/\/www.hoymercedes.com.ar\/principal\/wp-content\/uploads\/2018\/09\/14-primavera-2-630x297.jpg\" alt=\"\" width=\"630\" height=\"297\" srcset=\"https:\/\/www.hoymercedes.com.ar\/principal\/wp-content\/uploads\/2018\/09\/14-primavera-2-630x297.jpg 630w, https:\/\/www.hoymercedes.com.ar\/principal\/wp-content\/uploads\/2018\/09\/14-primavera-2-150x71.jpg 150w, https:\/\/www.hoymercedes.com.ar\/principal\/wp-content\/uploads\/2018\/09\/14-primavera-2.jpg 750w\" sizes=\"auto, (max-width: 630px) 100vw, 630px\" \/><\/p>\n<p>&nbsp;<\/p>\n","protected":false},"excerpt":{"rendered":"<p>Este s\u00e1bado 22 de septiembre se desarrollar\u00e1 en el Complejo Cultural La Trocha el Festival \u00abPrimavera Sin Descontrol.\u00bb La propuesta &#8230; <a title=\"Un nuevo a\u00f1o para una \u00abPrimavera Sin Descontrol\u00bb\" class=\"read-more\" href=\"https:\/\/www.hoymercedes.com.ar\/principal\/2018\/09\/14\/un-nuevo-anos-para-una-primavera-sin-descontrol\/\" aria-label=\"Leer m\u00e1s sobre Un nuevo a\u00f1o para una \u00abPrimavera Sin Descontrol\u00bb\">Leer m\u00e1s<\/a><\/p>\n","protected":false},"author":1,"featured_media":81072,"comment_status":"closed","ping_status":"open","sticky":false,"template":"","format":"standard","meta":{"_monsterinsights_skip_tracking":false,"_monsterinsights_sitenote_active":false,"_monsterinsights_sitenote_note":"","_monsterinsights_sitenote_category":0,"jetpack_post_was_ever_published":false,"_jetpack_newsletter_access":"","_jetpack_dont_email_post_to_subs":false,"_jetpack_newsletter_tier_id":0,"_jetpack_memberships_contains_paywalled_content":false,"_jetpack_memberships_contains_paid_content":false,"footnotes":"","jetpack_publicize_message":"","jetpack_publicize_feature_enabled":true,"jetpack_social_post_already_shared":true,"jetpack_social_options":{"image_generator_settings":{"template":"highway","default_image_id":0,"font":"","enabled":false},"version":2},"_wpas_customize_per_network":false},"categories":[30],"tags":[13310,10,244,5990],"class_list":["post-81071","post","type-post","status-publish","format-standard","has-post-thumbnail","hentry","category-municipio","tag-iglesias-evangelicas","tag-mercedes","tag-municipio-2","tag-primavera-sin-descontrol","generate-columns","tablet-grid-50","mobile-grid-100","grid-parent","grid-50"],"jetpack_publicize_connections":[],"jetpack_featured_media_url":"https:\/\/www.hoymercedes.com.ar\/principal\/wp-content\/uploads\/2018\/09\/14-primavera-2.jpg","wps_subtitle":"Este a\u00f1o en La Trocha","jetpack_sharing_enabled":true,"_links":{"self":[{"href":"https:\/\/www.hoymercedes.com.ar\/principal\/wp-json\/wp\/v2\/posts\/81071","targetHints":{"allow":["GET"]}}],"collection":[{"href":"https:\/\/www.hoymercedes.com.ar\/principal\/wp-json\/wp\/v2\/posts"}],"about":[{"href":"https:\/\/www.hoymercedes.com.ar\/principal\/wp-json\/wp\/v2\/types\/post"}],"author":[{"embeddable":true,"href":"https:\/\/www.hoymercedes.com.ar\/principal\/wp-json\/wp\/v2\/users\/1"}],"replies":[{"embeddable":true,"href":"https:\/\/www.hoymercedes.com.ar\/principal\/wp-json\/wp\/v2\/comments?post=81071"}],"version-history":[{"count":0,"href":"https:\/\/www.hoymercedes.com.ar\/principal\/wp-json\/wp\/v2\/posts\/81071\/revisions"}],"wp:featuredmedia":[{"embeddable":true,"href":"https:\/\/www.hoymercedes.com.ar\/principal\/wp-json\/wp\/v2\/media\/81072"}],"wp:attachment":[{"href":"https:\/\/www.hoymercedes.com.ar\/principal\/wp-json\/wp\/v2\/media?parent=81071"}],"wp:term":[{"taxonomy":"category","embeddable":true,"href":"https:\/\/www.hoymercedes.com.ar\/principal\/wp-json\/wp\/v2\/categories?post=81071"},{"taxonomy":"post_tag","embeddable":true,"href":"https:\/\/www.hoymercedes.com.ar\/principal\/wp-json\/wp\/v2\/tags?post=81071"}],"curies":[{"name":"wp","href":"https:\/\/api.w.org\/{rel}","templated":true}]}}