{"id":81081,"date":"2018-09-15T14:52:01","date_gmt":"2018-09-15T17:52:01","guid":{"rendered":"http:\/\/www.hoymercedes.com.ar\/principal\/?p=81081"},"modified":"2018-09-15T11:52:07","modified_gmt":"2018-09-15T14:52:07","slug":"teatro-talia-estrena-el-misterio-de-dar-el-sabado-22","status":"publish","type":"post","link":"https:\/\/www.hoymercedes.com.ar\/principal\/2018\/09\/15\/teatro-talia-estrena-el-misterio-de-dar-el-sabado-22\/","title":{"rendered":"Teatro Tal\u00eda estrena \u201cEl Misterio de Dar\u201d el s\u00e1bado 22"},"content":{"rendered":"<p><em><strong>Por TeCleArte &#8211; El unipersonal de Griselda Gambaro es interpretado por Stella Siri y dirigido por Roberto Altieri. El estreno de la puesta en escena ser\u00e1 el s\u00e1bado 22 de septiembre, 20 horas. Las funciones continuar\u00e1n s\u00e1bados y domingos.<\/strong><\/em><\/p>\n<p><img loading=\"lazy\" decoding=\"async\" data-attachment-id=\"81082\" data-permalink=\"https:\/\/www.hoymercedes.com.ar\/principal\/2018\/09\/15\/teatro-talia-estrena-el-misterio-de-dar-el-sabado-22\/14-talia\/#main\" data-orig-file=\"https:\/\/www.hoymercedes.com.ar\/principal\/wp-content\/uploads\/2018\/09\/14-talia.jpg\" data-orig-size=\"750,500\" data-comments-opened=\"0\" data-image-meta=\"{&quot;aperture&quot;:&quot;3.5&quot;,&quot;credit&quot;:&quot;&quot;,&quot;camera&quot;:&quot;NIKON D3100&quot;,&quot;caption&quot;:&quot;&quot;,&quot;created_timestamp&quot;:&quot;1536691274&quot;,&quot;copyright&quot;:&quot;&quot;,&quot;focal_length&quot;:&quot;22&quot;,&quot;iso&quot;:&quot;3200&quot;,&quot;shutter_speed&quot;:&quot;0.25&quot;,&quot;title&quot;:&quot;&quot;,&quot;orientation&quot;:&quot;1&quot;}\" data-image-title=\"14 talia\" data-image-description=\"\" data-image-caption=\"\" data-large-file=\"https:\/\/www.hoymercedes.com.ar\/principal\/wp-content\/uploads\/2018\/09\/14-talia.jpg\" class=\"aligncenter size-medium wp-image-81082\" src=\"https:\/\/www.hoymercedes.com.ar\/principal\/wp-content\/uploads\/2018\/09\/14-talia-630x420.jpg\" alt=\"\" width=\"630\" height=\"420\" srcset=\"https:\/\/www.hoymercedes.com.ar\/principal\/wp-content\/uploads\/2018\/09\/14-talia-630x420.jpg 630w, https:\/\/www.hoymercedes.com.ar\/principal\/wp-content\/uploads\/2018\/09\/14-talia-150x100.jpg 150w, https:\/\/www.hoymercedes.com.ar\/principal\/wp-content\/uploads\/2018\/09\/14-talia.jpg 750w\" sizes=\"auto, (max-width: 630px) 100vw, 630px\" \/><\/p>\n<p>El Teatro Vocacional Tal\u00eda estrena una obra con producci\u00f3n propia. Un unipersonal que Stella Siri interpreta bajo la direcci\u00f3n de Roberto Altieri. El estreno ser\u00e1 pocos d\u00edas antes de un nuevo aniversario del Teatro Tal\u00eda, 57 a\u00f1os de cultura teatral en Mercedes engalanar\u00e1n las sucesivas puestas en escena que proyectan presentar en la sala de calle 20 casi esquina 31.<\/p>\n<p>\u201cEl Misterio de Dar\u201d es el t\u00edtulo de la obra a estrenar. Pieza teatral escrita por la dramaturga argentina Griselda Gambaro. Est\u00e1 basada en un cuento que integra el libro \u00abLo mejor que se tiene\u00bb, de Gambaro, editado en 1998.\u00a0El t\u00edtulo resume lo medular de la obra: una persona que no tiene casi nada y que en un acto que ella misma no entiende, lo da todo.<\/p>\n<p>\u201cDar o no dar limosna siempre es un tema que produce perplejidad, contradicciones, como las que expresa este personaje. Una mujer mayor, sola, que no tiene con qui\u00e9n hablar y que un d\u00eda realiza un acto que considera una aventura. Una mujer, que como tantos personajes de Griselda Gambaro, es contradictoria y al mismo tiempo compasiva\u201d, explican a la hora de resumir la obra que tiene de personaje a la Sra. Schneider.<\/p>\n<p><img loading=\"lazy\" decoding=\"async\" data-attachment-id=\"81083\" data-permalink=\"https:\/\/www.hoymercedes.com.ar\/principal\/2018\/09\/15\/teatro-talia-estrena-el-misterio-de-dar-el-sabado-22\/14-talia2\/#main\" data-orig-file=\"https:\/\/www.hoymercedes.com.ar\/principal\/wp-content\/uploads\/2018\/09\/14-talia2.jpg\" data-orig-size=\"750,500\" data-comments-opened=\"0\" data-image-meta=\"{&quot;aperture&quot;:&quot;3.8&quot;,&quot;credit&quot;:&quot;&quot;,&quot;camera&quot;:&quot;NIKON D3100&quot;,&quot;caption&quot;:&quot;&quot;,&quot;created_timestamp&quot;:&quot;1536691400&quot;,&quot;copyright&quot;:&quot;&quot;,&quot;focal_length&quot;:&quot;24&quot;,&quot;iso&quot;:&quot;3200&quot;,&quot;shutter_speed&quot;:&quot;0.05&quot;,&quot;title&quot;:&quot;&quot;,&quot;orientation&quot;:&quot;1&quot;}\" data-image-title=\"14 talia2\" data-image-description=\"\" data-image-caption=\"\" data-large-file=\"https:\/\/www.hoymercedes.com.ar\/principal\/wp-content\/uploads\/2018\/09\/14-talia2.jpg\" class=\"aligncenter size-medium wp-image-81083\" src=\"https:\/\/www.hoymercedes.com.ar\/principal\/wp-content\/uploads\/2018\/09\/14-talia2-630x420.jpg\" alt=\"\" width=\"630\" height=\"420\" srcset=\"https:\/\/www.hoymercedes.com.ar\/principal\/wp-content\/uploads\/2018\/09\/14-talia2-630x420.jpg 630w, https:\/\/www.hoymercedes.com.ar\/principal\/wp-content\/uploads\/2018\/09\/14-talia2-150x100.jpg 150w, https:\/\/www.hoymercedes.com.ar\/principal\/wp-content\/uploads\/2018\/09\/14-talia2.jpg 750w\" sizes=\"auto, (max-width: 630px) 100vw, 630px\" \/><\/p>\n<p>El director Roberto Altieri y la actriz Stella Siri est\u00e1n ultimando los detalles de la puesta en escena que brindar\u00e1n s\u00e1bados y domingos. Completan el elenco en t\u00e9cnica, luz y sonido Eugenio Rosito y Maximiliano Camusoni y en maquillaje Marita Iglesias.<\/p>\n<p>El s\u00e1bado 22 de septiembre es el estreno. Luego todos los s\u00e1bados, 20 horas, y los domingos, 19 horas, continuar\u00e1n con las funciones. Las entradas tienen un valor de $150 para el p\u00fablico general y de $100 para jubilados. Se pueden reservar a trav\u00e9s de las redes sociales del teatro o en el mismo teatro por la tarde.<\/p>\n","protected":false},"excerpt":{"rendered":"<p>Por TeCleArte &#8211; El unipersonal de Griselda Gambaro es interpretado por Stella Siri y dirigido por Roberto Altieri. El estreno &#8230; <a title=\"Teatro Tal\u00eda estrena \u201cEl Misterio de Dar\u201d el s\u00e1bado 22\" class=\"read-more\" href=\"https:\/\/www.hoymercedes.com.ar\/principal\/2018\/09\/15\/teatro-talia-estrena-el-misterio-de-dar-el-sabado-22\/\" aria-label=\"Leer m\u00e1s sobre Teatro Tal\u00eda estrena \u201cEl Misterio de Dar\u201d el s\u00e1bado 22\">Leer m\u00e1s<\/a><\/p>\n","protected":false},"author":1,"featured_media":81083,"comment_status":"closed","ping_status":"open","sticky":false,"template":"","format":"standard","meta":{"_monsterinsights_skip_tracking":false,"_monsterinsights_sitenote_active":false,"_monsterinsights_sitenote_note":"","_monsterinsights_sitenote_category":0,"jetpack_post_was_ever_published":false,"_jetpack_newsletter_access":"","_jetpack_dont_email_post_to_subs":false,"_jetpack_newsletter_tier_id":0,"_jetpack_memberships_contains_paywalled_content":false,"_jetpack_memberships_contains_paid_content":false,"footnotes":"","jetpack_publicize_message":"","jetpack_publicize_feature_enabled":true,"jetpack_social_post_already_shared":true,"jetpack_social_options":{"image_generator_settings":{"template":"highway","default_image_id":0,"font":"","enabled":false},"version":2},"_wpas_customize_per_network":false},"categories":[104],"tags":[7805,8643,10,5448],"class_list":["post-81081","post","type-post","status-publish","format-standard","has-post-thumbnail","hentry","category-cultura","tag-cultura","tag-estreno","tag-mercedes","tag-teatro-vocacional-talia","generate-columns","tablet-grid-50","mobile-grid-100","grid-parent","grid-50"],"jetpack_publicize_connections":[],"jetpack_featured_media_url":"https:\/\/www.hoymercedes.com.ar\/principal\/wp-content\/uploads\/2018\/09\/14-talia2.jpg","wps_subtitle":"57 a\u00f1os de teatro vocacional","jetpack_sharing_enabled":true,"_links":{"self":[{"href":"https:\/\/www.hoymercedes.com.ar\/principal\/wp-json\/wp\/v2\/posts\/81081","targetHints":{"allow":["GET"]}}],"collection":[{"href":"https:\/\/www.hoymercedes.com.ar\/principal\/wp-json\/wp\/v2\/posts"}],"about":[{"href":"https:\/\/www.hoymercedes.com.ar\/principal\/wp-json\/wp\/v2\/types\/post"}],"author":[{"embeddable":true,"href":"https:\/\/www.hoymercedes.com.ar\/principal\/wp-json\/wp\/v2\/users\/1"}],"replies":[{"embeddable":true,"href":"https:\/\/www.hoymercedes.com.ar\/principal\/wp-json\/wp\/v2\/comments?post=81081"}],"version-history":[{"count":0,"href":"https:\/\/www.hoymercedes.com.ar\/principal\/wp-json\/wp\/v2\/posts\/81081\/revisions"}],"wp:featuredmedia":[{"embeddable":true,"href":"https:\/\/www.hoymercedes.com.ar\/principal\/wp-json\/wp\/v2\/media\/81083"}],"wp:attachment":[{"href":"https:\/\/www.hoymercedes.com.ar\/principal\/wp-json\/wp\/v2\/media?parent=81081"}],"wp:term":[{"taxonomy":"category","embeddable":true,"href":"https:\/\/www.hoymercedes.com.ar\/principal\/wp-json\/wp\/v2\/categories?post=81081"},{"taxonomy":"post_tag","embeddable":true,"href":"https:\/\/www.hoymercedes.com.ar\/principal\/wp-json\/wp\/v2\/tags?post=81081"}],"curies":[{"name":"wp","href":"https:\/\/api.w.org\/{rel}","templated":true}]}}