{"id":81098,"date":"2018-09-15T08:55:02","date_gmt":"2018-09-15T11:55:02","guid":{"rendered":"http:\/\/www.hoymercedes.com.ar\/principal\/?p=81098"},"modified":"2018-09-15T10:03:50","modified_gmt":"2018-09-15T13:03:50","slug":"los-abogados-tuvieron-jornada-de-derecho-procesal-electronico","status":"publish","type":"post","link":"https:\/\/www.hoymercedes.com.ar\/principal\/2018\/09\/15\/los-abogados-tuvieron-jornada-de-derecho-procesal-electronico\/","title":{"rendered":"Los Abogados tuvieron jornada de Derecho Procesal Electr\u00f3nico"},"content":{"rendered":"<p>Cerca de 400 abogados del departamento judicial Mercedes se hicieron presentes en el Teatro Argentino Julio C\u00e9sar Gioscio para participar de las primeras jornadas nacionales en dicho departamento judicial.<\/p>\n<p><img loading=\"lazy\" decoding=\"async\" data-attachment-id=\"81099\" data-permalink=\"https:\/\/www.hoymercedes.com.ar\/principal\/2018\/09\/15\/los-abogados-tuvieron-jornada-de-derecho-procesal-electronico\/14-abogados-1\/#main\" data-orig-file=\"https:\/\/www.hoymercedes.com.ar\/principal\/wp-content\/uploads\/2018\/09\/14-abogados-1.jpg\" data-orig-size=\"750,500\" data-comments-opened=\"0\" data-image-meta=\"{&quot;aperture&quot;:&quot;2&quot;,&quot;credit&quot;:&quot;&quot;,&quot;camera&quot;:&quot;Moto G (5S) Plus&quot;,&quot;caption&quot;:&quot;&quot;,&quot;created_timestamp&quot;:&quot;1536919813&quot;,&quot;copyright&quot;:&quot;&quot;,&quot;focal_length&quot;:&quot;3.59&quot;,&quot;iso&quot;:&quot;1128&quot;,&quot;shutter_speed&quot;:&quot;0.05&quot;,&quot;title&quot;:&quot;&quot;,&quot;orientation&quot;:&quot;1&quot;}\" data-image-title=\"14 abogados 1\" data-image-description=\"\" data-image-caption=\"\" data-large-file=\"https:\/\/www.hoymercedes.com.ar\/principal\/wp-content\/uploads\/2018\/09\/14-abogados-1.jpg\" class=\"aligncenter size-medium wp-image-81099\" src=\"https:\/\/www.hoymercedes.com.ar\/principal\/wp-content\/uploads\/2018\/09\/14-abogados-1-630x420.jpg\" alt=\"\" width=\"630\" height=\"420\" srcset=\"https:\/\/www.hoymercedes.com.ar\/principal\/wp-content\/uploads\/2018\/09\/14-abogados-1-630x420.jpg 630w, https:\/\/www.hoymercedes.com.ar\/principal\/wp-content\/uploads\/2018\/09\/14-abogados-1-150x100.jpg 150w, https:\/\/www.hoymercedes.com.ar\/principal\/wp-content\/uploads\/2018\/09\/14-abogados-1.jpg 750w\" sizes=\"auto, (max-width: 630px) 100vw, 630px\" \/><\/p>\n<p>Las palabras inaugurales estuvieron a cargo del Dr. Mateo Laborde, presidente del Colegio de Abogados de Mercedes, y el Dr. Carlos Acu\u00f1a, titular del Colegio de Magistrados local. Al lado de ambos, se encontraban los primeros expositores y moderadores de la capacitaci\u00f3n que los letrados mantuvieron en la ciudad.<\/p>\n<p>A lo largo de la ma\u00f1ana y parte de la tarde, los abogados congregados en el teatro municipal participaron de cuatro paneles de expositores con tem\u00e1ticas relacionadas al Derecho Procesal Electr\u00f3nico.<\/p>\n<p>Los doctores Carlos Camps y Dar\u00edo Veltani dieron cuenta del \u201cproceso electr\u00f3nico, pretensi\u00f3n inform\u00e1tica y actividad probatoria de las partes\u201d. En tanto, los doctores Mart\u00edn Cherubini y Hern\u00e1n Quadri se enfocaron en \u201cla oralidad en el proceso civil y comercial y las audiencias por video conferencia y la sentencia multimedia\u201d.<\/p>\n<p>Asimismo, los doctores Gast\u00f3n Bielli y Andr\u00e9s Nizzo dieron cuenta de las \u201cnotificaciones y presentaciones electr\u00f3nicas\u201d mientras que los doctores Carlos Ordo\u00f1ez y Guillermo Navarro explicaron sobre \u201cla prueba electr\u00f3nica en el \u00e1mbito penal, innovaci\u00f3n legal y ejercicio profesional\u201d.<\/p>\n<p>Las 1\u00b0 Jornada Nacional de Derecho Procesal Electr\u00f3nico fue organizada y auspiciada por El Ministerio de Justicia y Derechos Humanos de la Naci\u00f3n y el Colegio de Abogados de la provincia de Buenos Aires, Departamento Judicial Mercedes. Asimismo, fue declarada de inter\u00e9s para la Suprema Corte de Justicia de la Provincia de Buenos aires<\/p>\n<p><img loading=\"lazy\" decoding=\"async\" data-attachment-id=\"81100\" data-permalink=\"https:\/\/www.hoymercedes.com.ar\/principal\/2018\/09\/15\/los-abogados-tuvieron-jornada-de-derecho-procesal-electronico\/14-abogados-2\/#main\" data-orig-file=\"https:\/\/www.hoymercedes.com.ar\/principal\/wp-content\/uploads\/2018\/09\/14-abogados-2.jpg\" data-orig-size=\"750,500\" data-comments-opened=\"0\" data-image-meta=\"{&quot;aperture&quot;:&quot;2&quot;,&quot;credit&quot;:&quot;&quot;,&quot;camera&quot;:&quot;Moto G (5S) Plus&quot;,&quot;caption&quot;:&quot;&quot;,&quot;created_timestamp&quot;:&quot;1536919945&quot;,&quot;copyright&quot;:&quot;&quot;,&quot;focal_length&quot;:&quot;3.59&quot;,&quot;iso&quot;:&quot;775&quot;,&quot;shutter_speed&quot;:&quot;0.03030303030303&quot;,&quot;title&quot;:&quot;&quot;,&quot;orientation&quot;:&quot;1&quot;}\" data-image-title=\"14 abogados 2\" data-image-description=\"\" data-image-caption=\"\" data-large-file=\"https:\/\/www.hoymercedes.com.ar\/principal\/wp-content\/uploads\/2018\/09\/14-abogados-2.jpg\" class=\"aligncenter size-medium wp-image-81100\" src=\"https:\/\/www.hoymercedes.com.ar\/principal\/wp-content\/uploads\/2018\/09\/14-abogados-2-630x420.jpg\" alt=\"\" width=\"630\" height=\"420\" srcset=\"https:\/\/www.hoymercedes.com.ar\/principal\/wp-content\/uploads\/2018\/09\/14-abogados-2-630x420.jpg 630w, https:\/\/www.hoymercedes.com.ar\/principal\/wp-content\/uploads\/2018\/09\/14-abogados-2-150x100.jpg 150w, https:\/\/www.hoymercedes.com.ar\/principal\/wp-content\/uploads\/2018\/09\/14-abogados-2.jpg 750w\" sizes=\"auto, (max-width: 630px) 100vw, 630px\" \/><\/p>\n","protected":false},"excerpt":{"rendered":"<p>Cerca de 400 abogados del departamento judicial Mercedes se hicieron presentes en el Teatro Argentino Julio C\u00e9sar Gioscio para participar &#8230; <a title=\"Los Abogados tuvieron jornada de Derecho Procesal Electr\u00f3nico\" class=\"read-more\" href=\"https:\/\/www.hoymercedes.com.ar\/principal\/2018\/09\/15\/los-abogados-tuvieron-jornada-de-derecho-procesal-electronico\/\" aria-label=\"Leer m\u00e1s sobre Los Abogados tuvieron jornada de Derecho Procesal Electr\u00f3nico\">Leer m\u00e1s<\/a><\/p>\n","protected":false},"author":1,"featured_media":81100,"comment_status":"closed","ping_status":"open","sticky":false,"template":"","format":"standard","meta":{"_monsterinsights_skip_tracking":false,"_monsterinsights_sitenote_active":false,"_monsterinsights_sitenote_note":"","_monsterinsights_sitenote_category":0,"jetpack_post_was_ever_published":false,"_jetpack_newsletter_access":"","_jetpack_dont_email_post_to_subs":false,"_jetpack_newsletter_tier_id":0,"_jetpack_memberships_contains_paywalled_content":false,"_jetpack_memberships_contains_paid_content":false,"footnotes":"","jetpack_publicize_message":"","jetpack_publicize_feature_enabled":true,"jetpack_social_post_already_shared":true,"jetpack_social_options":{"image_generator_settings":{"template":"highway","default_image_id":0,"font":"","enabled":false},"version":2},"_wpas_customize_per_network":false},"categories":[8],"tags":[13727,928,3504,13728,10],"class_list":["post-81098","post","type-post","status-publish","format-standard","has-post-thumbnail","hentry","category-sociedad","tag-capactacion","tag-colegio-de-abogados","tag-colegio-de-magistrados","tag-derecho-procesal-electronico","tag-mercedes","generate-columns","tablet-grid-50","mobile-grid-100","grid-parent","grid-50"],"jetpack_publicize_connections":[],"jetpack_featured_media_url":"https:\/\/www.hoymercedes.com.ar\/principal\/wp-content\/uploads\/2018\/09\/14-abogados-2.jpg","wps_subtitle":"El d\u00eda viernes","jetpack_sharing_enabled":true,"_links":{"self":[{"href":"https:\/\/www.hoymercedes.com.ar\/principal\/wp-json\/wp\/v2\/posts\/81098","targetHints":{"allow":["GET"]}}],"collection":[{"href":"https:\/\/www.hoymercedes.com.ar\/principal\/wp-json\/wp\/v2\/posts"}],"about":[{"href":"https:\/\/www.hoymercedes.com.ar\/principal\/wp-json\/wp\/v2\/types\/post"}],"author":[{"embeddable":true,"href":"https:\/\/www.hoymercedes.com.ar\/principal\/wp-json\/wp\/v2\/users\/1"}],"replies":[{"embeddable":true,"href":"https:\/\/www.hoymercedes.com.ar\/principal\/wp-json\/wp\/v2\/comments?post=81098"}],"version-history":[{"count":0,"href":"https:\/\/www.hoymercedes.com.ar\/principal\/wp-json\/wp\/v2\/posts\/81098\/revisions"}],"wp:featuredmedia":[{"embeddable":true,"href":"https:\/\/www.hoymercedes.com.ar\/principal\/wp-json\/wp\/v2\/media\/81100"}],"wp:attachment":[{"href":"https:\/\/www.hoymercedes.com.ar\/principal\/wp-json\/wp\/v2\/media?parent=81098"}],"wp:term":[{"taxonomy":"category","embeddable":true,"href":"https:\/\/www.hoymercedes.com.ar\/principal\/wp-json\/wp\/v2\/categories?post=81098"},{"taxonomy":"post_tag","embeddable":true,"href":"https:\/\/www.hoymercedes.com.ar\/principal\/wp-json\/wp\/v2\/tags?post=81098"}],"curies":[{"name":"wp","href":"https:\/\/api.w.org\/{rel}","templated":true}]}}