{"id":8110,"date":"2011-10-07T23:04:55","date_gmt":"2011-10-07T23:04:55","guid":{"rendered":"http:\/\/www.hoymercedes.com.ar\/principal\/?p=8110"},"modified":"2011-10-07T23:04:55","modified_gmt":"2011-10-07T23:04:55","slug":"presentaran-obras-y-espectaculos-libres-en-tomas-jofre","status":"publish","type":"post","link":"https:\/\/www.hoymercedes.com.ar\/principal\/2011\/10\/07\/presentaran-obras-y-espectaculos-libres-en-tomas-jofre\/","title":{"rendered":"Presentar\u00e1n obras y espect\u00e1culos libres en Tom\u00e1s Jofr\u00e9"},"content":{"rendered":"<figure id=\"attachment_8112\" aria-describedby=\"caption-attachment-8112\" style=\"width: 602px\" class=\"wp-caption aligncenter\"><a href=\"https:\/\/www.hoymercedes.com.ar\/principal\/wp-content\/uploads\/2011\/10\/DSC02537.jpg\"><img loading=\"lazy\" decoding=\"async\" data-attachment-id=\"8112\" data-permalink=\"https:\/\/www.hoymercedes.com.ar\/principal\/2011\/10\/07\/presentaran-obras-y-espectaculos-libres-en-tomas-jofre\/dsc02537\/#main\" data-orig-file=\"https:\/\/www.hoymercedes.com.ar\/principal\/wp-content\/uploads\/2011\/10\/DSC02537.jpg\" data-orig-size=\"612,344\" data-comments-opened=\"1\" data-image-meta=\"{&quot;aperture&quot;:&quot;5.6&quot;,&quot;credit&quot;:&quot;&quot;,&quot;camera&quot;:&quot;DSC-S730&quot;,&quot;caption&quot;:&quot;&quot;,&quot;created_timestamp&quot;:&quot;1315402214&quot;,&quot;copyright&quot;:&quot;&quot;,&quot;focal_length&quot;:&quot;5.8&quot;,&quot;iso&quot;:&quot;100&quot;,&quot;shutter_speed&quot;:&quot;0.002&quot;,&quot;title&quot;:&quot;&quot;}\" data-image-title=\"Tom\u00e1s Jofr\u00e9 Mercedes\" data-image-description=\"&lt;p&gt;Tom\u00e1s Jofr\u00e9 Mercedes&lt;\/p&gt;\n\" data-image-caption=\"&lt;p&gt;Tom\u00e1s Jofr\u00e9 Mercedes&lt;\/p&gt;\n\" data-large-file=\"https:\/\/www.hoymercedes.com.ar\/principal\/wp-content\/uploads\/2011\/10\/DSC02537.jpg\" class=\"size-full wp-image-8112\" title=\"Tom\u00e1s Jofr\u00e9 Mercedes\" src=\"https:\/\/www.hoymercedes.com.ar\/principal\/wp-content\/uploads\/2011\/10\/DSC02537.jpg\" alt=\"Tom\u00e1s Jofr\u00e9 Mercedes\" width=\"612\" height=\"344\" \/><\/a><figcaption id=\"caption-attachment-8112\" class=\"wp-caption-text\">Tom\u00e1s Jofr\u00e9 Mercedes<\/figcaption><\/figure>\n<p>Este domingo y luego de meses de trabajo se llevar\u00e1 a cabo la presentaci\u00f3n de las obras y el ordenamiento general que se viene realizando en Tom\u00e1s Jofr\u00e9. Habr\u00e1 espect\u00e1culos folkl\u00f3ricos libres y gratuitos y el tradicional paseo de artesanos desde el mediod\u00eda.<\/p>\n<p>Las tareas incluyeron personal municipal de diversas \u00e1reas como el Corral\u00f3n, la Administraci\u00f3n Central, la Direcci\u00f3n de Turismo y prestadores externos que incluyen constructores, imprentas y dise\u00f1adores.<\/p>\n<p>Las acciones fueron parte de gestiones realizadas por el intendente Carlos Selva ante la provincia gest\u00e1ndose el denominado Plan de Jerarquizaci\u00f3n de Tom\u00e1s Jofr\u00e9 que incluy\u00f3 mejoras sustanciales en diversos aspectos.<\/p>\n<p>Algunas de las cuestiones trabajadas fueron: ordenamiento administrativo de los artesanos, construcci\u00f3n de puestos, construcci\u00f3n de veredas, instalaci\u00f3n de Wi fi, pintura en espacios p\u00fablicos, construcci\u00f3n de cabina tur\u00edstica, mejoras asf\u00e1lticas en ingreso, retiro de carteler\u00eda vetusta, creaci\u00f3n de un logo tur\u00edstico por medio del trabajo de dise\u00f1adores, construcci\u00f3n total de la nueva carteler\u00eda para turistas tanto para cada restaurante como para indicar donde se encuentra ubicado el visitante, los destacamentos, la enfermer\u00eda, etc. Carteles al ingreso e interiores del pueblo realizados en consonancia con la Asociaci\u00f3n Empresaria Hotelera y Gastron\u00f3mica de la ciudad de La Plata. Las obras fueron m\u00faltiples dentro del plano material concreto como del simb\u00f3lico.<\/p>\n<p>Las mejoras han sido destacadas p\u00fablicamente por los lugare\u00f1os, los empresarios y los visitantes que se encuentran con una prestaci\u00f3n de servicio ampliada.<\/p>\n<p>Estos domingos encabezados por el Intendente Carlos Selva, el Director de Turismo Marcelo Melo y miembros de la Secretar\u00eda de Turismo de la Provincia se efectuar\u00e1 una recorrida por el lugar a pesar de que la lluvia impidi\u00f3 la finalizaci\u00f3n de algunos detalles previstos.<\/p>\n<p>Se invita a toda la poblaci\u00f3n a ser parte del encuentro que se iniciar\u00e1 a las 14hs en la plaza Domingo Silvano de Tom\u00e1s Jofr\u00e8.<\/p>\n","protected":false},"excerpt":{"rendered":"<p>Este domingo y luego de meses de trabajo se llevar\u00e1 a cabo la presentaci\u00f3n de las obras y el ordenamiento &#8230; <a title=\"Presentar\u00e1n obras y espect\u00e1culos libres en Tom\u00e1s Jofr\u00e9\" class=\"read-more\" href=\"https:\/\/www.hoymercedes.com.ar\/principal\/2011\/10\/07\/presentaran-obras-y-espectaculos-libres-en-tomas-jofre\/\" aria-label=\"Leer m\u00e1s sobre Presentar\u00e1n obras y espect\u00e1culos libres en Tom\u00e1s Jofr\u00e9\">Leer m\u00e1s<\/a><\/p>\n","protected":false},"author":1,"featured_media":0,"comment_status":"open","ping_status":"open","sticky":false,"template":"","format":"standard","meta":{"_monsterinsights_skip_tracking":false,"_monsterinsights_sitenote_active":false,"_monsterinsights_sitenote_note":"","_monsterinsights_sitenote_category":0,"jetpack_post_was_ever_published":false,"_jetpack_newsletter_access":"","_jetpack_dont_email_post_to_subs":false,"_jetpack_newsletter_tier_id":0,"_jetpack_memberships_contains_paywalled_content":false,"_jetpack_memberships_contains_paid_content":false,"footnotes":"","jetpack_publicize_message":"","jetpack_publicize_feature_enabled":true,"jetpack_social_post_already_shared":false,"jetpack_social_options":{"image_generator_settings":{"template":"highway","default_image_id":0,"font":"","enabled":false},"version":2},"_wpas_customize_per_network":false},"categories":[30],"tags":[193,10,594],"class_list":["post-8110","post","type-post","status-publish","format-standard","hentry","category-municipio","tag-buenos-aires","tag-mercedes","tag-tomas-jofre","generate-columns","tablet-grid-50","mobile-grid-100","grid-parent","grid-50"],"jetpack_publicize_connections":[],"jetpack_featured_media_url":"","wps_subtitle":"","jetpack_sharing_enabled":true,"_links":{"self":[{"href":"https:\/\/www.hoymercedes.com.ar\/principal\/wp-json\/wp\/v2\/posts\/8110","targetHints":{"allow":["GET"]}}],"collection":[{"href":"https:\/\/www.hoymercedes.com.ar\/principal\/wp-json\/wp\/v2\/posts"}],"about":[{"href":"https:\/\/www.hoymercedes.com.ar\/principal\/wp-json\/wp\/v2\/types\/post"}],"author":[{"embeddable":true,"href":"https:\/\/www.hoymercedes.com.ar\/principal\/wp-json\/wp\/v2\/users\/1"}],"replies":[{"embeddable":true,"href":"https:\/\/www.hoymercedes.com.ar\/principal\/wp-json\/wp\/v2\/comments?post=8110"}],"version-history":[{"count":0,"href":"https:\/\/www.hoymercedes.com.ar\/principal\/wp-json\/wp\/v2\/posts\/8110\/revisions"}],"wp:attachment":[{"href":"https:\/\/www.hoymercedes.com.ar\/principal\/wp-json\/wp\/v2\/media?parent=8110"}],"wp:term":[{"taxonomy":"category","embeddable":true,"href":"https:\/\/www.hoymercedes.com.ar\/principal\/wp-json\/wp\/v2\/categories?post=8110"},{"taxonomy":"post_tag","embeddable":true,"href":"https:\/\/www.hoymercedes.com.ar\/principal\/wp-json\/wp\/v2\/tags?post=8110"}],"curies":[{"name":"wp","href":"https:\/\/api.w.org\/{rel}","templated":true}]}}