{"id":81106,"date":"2018-09-14T23:26:47","date_gmt":"2018-09-15T02:26:47","guid":{"rendered":"http:\/\/www.hoymercedes.com.ar\/principal\/?p=81106"},"modified":"2018-09-15T10:30:04","modified_gmt":"2018-09-15T13:30:04","slug":"el-anden-se-lleno-de-tango-en-homenaje","status":"publish","type":"post","link":"https:\/\/www.hoymercedes.com.ar\/principal\/2018\/09\/14\/el-anden-se-lleno-de-tango-en-homenaje\/","title":{"rendered":"El anden se llen\u00f3 de tango en homenaje"},"content":{"rendered":"<p><em><strong>En el galp\u00f3n de la Trocha se present\u00f3 Jos\u00e9 Andino junto a sus guitarras. Adem\u00e1s, continu\u00f3 el concurso de canto y hubo clases baile para todos los asistentes. Con un sinf\u00edn de aplausos contin\u00faa la propuesta del 2 x 4 que organiza la Direcci\u00f3n de Cultura de Mercedes.<\/strong><\/em><\/p>\n<p><img loading=\"lazy\" decoding=\"async\" data-attachment-id=\"81107\" data-permalink=\"https:\/\/www.hoymercedes.com.ar\/principal\/2018\/09\/14\/el-anden-se-lleno-de-tango-en-homenaje\/14-tango-anden\/#main\" data-orig-file=\"https:\/\/www.hoymercedes.com.ar\/principal\/wp-content\/uploads\/2018\/09\/14-tango-anden.jpg\" data-orig-size=\"750,520\" data-comments-opened=\"0\" data-image-meta=\"{&quot;aperture&quot;:&quot;1.9&quot;,&quot;credit&quot;:&quot;&quot;,&quot;camera&quot;:&quot;SM-A510F&quot;,&quot;caption&quot;:&quot;&quot;,&quot;created_timestamp&quot;:&quot;1536878529&quot;,&quot;copyright&quot;:&quot;&quot;,&quot;focal_length&quot;:&quot;3.7&quot;,&quot;iso&quot;:&quot;800&quot;,&quot;shutter_speed&quot;:&quot;0.058823529411765&quot;,&quot;title&quot;:&quot;&quot;,&quot;orientation&quot;:&quot;0&quot;}\" data-image-title=\"14 tango anden\" data-image-description=\"\" data-image-caption=\"\" data-large-file=\"https:\/\/www.hoymercedes.com.ar\/principal\/wp-content\/uploads\/2018\/09\/14-tango-anden.jpg\" class=\"aligncenter size-medium wp-image-81107\" src=\"https:\/\/www.hoymercedes.com.ar\/principal\/wp-content\/uploads\/2018\/09\/14-tango-anden-630x437.jpg\" alt=\"\" width=\"630\" height=\"437\" srcset=\"https:\/\/www.hoymercedes.com.ar\/principal\/wp-content\/uploads\/2018\/09\/14-tango-anden-630x437.jpg 630w, https:\/\/www.hoymercedes.com.ar\/principal\/wp-content\/uploads\/2018\/09\/14-tango-anden-150x104.jpg 150w, https:\/\/www.hoymercedes.com.ar\/principal\/wp-content\/uploads\/2018\/09\/14-tango-anden.jpg 750w\" sizes=\"auto, (max-width: 630px) 100vw, 630px\" \/><\/p>\n<p>La Direcci\u00f3n de Cultura sigue apostando a la m\u00fasica en vivo y a los artistas en general. Por tal motivo, se realiz\u00f3 un nuevo Tango en el And\u00e9n, el ciclo que re\u00fane a los amantes de la m\u00fasica ciudadana dentro del gran marco que presenta \u201cM\u00fasica en La trocha\u201d, donde adem\u00e1s de este g\u00e9nero, tambi\u00e9n conviven con fechas particulares el rock, el folklore y la cumbia.<\/p>\n<p>Bajo un cielo cargado de nubes, pero con un clima agradable que permiti\u00f3 la asistencia del p\u00fablico en una mayor\u00eda in\u00e9dita para el ciclo tanguero, se presentaron los m\u00fasicos Sebasti\u00e1n Fredes y Soko Larralde, quienes acompa\u00f1aron a la figura de la noche: Jos\u00e9 Andino.<\/p>\n<p>El cantante lleg\u00f3 desde la ciudad de San Miguel con un repertorio muy especial que sirvi\u00f3 como excusa perfecta para homenajear a Jorge Vidal, el cantor de Buenos Aires, quien fuera una de las figuras m\u00e1s importantes del ambiente durante las d\u00e9cadas del 50 y 60 en nuestro pa\u00eds, integrando las Orquestas de Osvaldo Pugliese y Argentino Galv\u00e1n, entre otros, adem\u00e1s de haber sido figura de importantes pel\u00edculas argentinas de la \u00e9poca.<\/p>\n<p>\u201cTuve la gran responsabilidad y la hermosa suerte de haber podido acompa\u00f1ar a Jorge en muchos recitales\u201d, coment\u00f3 Andino ante un p\u00fablico atento y respetuoso. \u201cMe form\u00e9 como artista a su lado y por eso el homenaje, a ocho a\u00f1os de su fallecimiento\u201d, culmin\u00f3 antes de comenzar con el show que cont\u00f3 con obras cl\u00e1sicas del cancionero urbano entre tangos y milongas.<\/p>\n<p>Adem\u00e1s, como en cada una de las ediciones,\u00a0Leandro Lofgren, director del taller de baile \u201cEst\u00edmulo Dance\u201d aport\u00f3 su cuota de complicidad al evento con la continuidad infaltable de las clases de baile a principiantes que tienen el deseo de disfrutar de la noche bailando. El dato sobresaliente tiene que ver con que un grupo amplio lleg\u00f3 a nuestra ciudad desde Suipacha seducidos por el mismo profesor, para compartir el evento entre amigos y compa\u00f1eros de danza.<\/p>\n<p>Cargada de actividades y conducida por la caracter\u00edstica animaci\u00f3n de Luis Antes, la edici\u00f3n cont\u00f3 con el cada vez m\u00e1s firme concurso que busca la nueva voz del tango en Mercedes: \u201cEl cantor bohemio\u201d, un certamen abierto al p\u00fablico en general con la modalidad de micr\u00f3fono abierto para el disfrute de quienes sue\u00f1an con subir a un escenario.<\/p>\n<p>Por \u00faltimo y gracias al aporte de la Municipalidad de Mercedes, se sortearon entradas para la 44\u00b0 Fiesta Nacional del Salame Quintero que finalmente se realizar\u00e1 el fin de semana del 21, 22 y 23 de septiembre entre el p\u00fablico presente junto con invitaciones especiales para ver a la Juan D\u00b4Arienzo, la Orquesta T\u00edpica que dirige Facundo Lazzari, el evento producido por ProArte Mercedes y el Centro de Egresados del Colegio Nacional de nuestra Ciudad.<\/p>\n<p>Una noche llena de ilusiones, m\u00fasica y buenas energ\u00edas, como las que siempre y en cada evento transmite la organizaci\u00f3n del evento con Pablo Aschero a la cabeza y un fiel grupo de colaboradores que suman esfuerzos para que sea un evento cada vez m\u00e1s grande y de mayor calidad.<\/p>\n","protected":false},"excerpt":{"rendered":"<p>En el galp\u00f3n de la Trocha se present\u00f3 Jos\u00e9 Andino junto a sus guitarras. Adem\u00e1s, continu\u00f3 el concurso de canto &#8230; <a title=\"El anden se llen\u00f3 de tango en homenaje\" class=\"read-more\" href=\"https:\/\/www.hoymercedes.com.ar\/principal\/2018\/09\/14\/el-anden-se-lleno-de-tango-en-homenaje\/\" aria-label=\"Leer m\u00e1s sobre El anden se llen\u00f3 de tango en homenaje\">Leer m\u00e1s<\/a><\/p>\n","protected":false},"author":1,"featured_media":81107,"comment_status":"closed","ping_status":"open","sticky":false,"template":"","format":"standard","meta":{"_monsterinsights_skip_tracking":false,"_monsterinsights_sitenote_active":false,"_monsterinsights_sitenote_note":"","_monsterinsights_sitenote_category":0,"jetpack_post_was_ever_published":false,"_jetpack_newsletter_access":"","_jetpack_dont_email_post_to_subs":false,"_jetpack_newsletter_tier_id":0,"_jetpack_memberships_contains_paywalled_content":false,"_jetpack_memberships_contains_paid_content":false,"footnotes":"","jetpack_publicize_message":"","jetpack_publicize_feature_enabled":true,"jetpack_social_post_already_shared":true,"jetpack_social_options":{"image_generator_settings":{"template":"highway","default_image_id":0,"font":"","enabled":false},"version":2},"_wpas_customize_per_network":false},"categories":[104],"tags":[7805,10,244,10843],"class_list":["post-81106","post","type-post","status-publish","format-standard","has-post-thumbnail","hentry","category-cultura","tag-cultura","tag-mercedes","tag-municipio-2","tag-tango-en-el-anden","generate-columns","tablet-grid-50","mobile-grid-100","grid-parent","grid-50"],"jetpack_publicize_connections":[],"jetpack_featured_media_url":"https:\/\/www.hoymercedes.com.ar\/principal\/wp-content\/uploads\/2018\/09\/14-tango-anden.jpg","wps_subtitle":"","jetpack_sharing_enabled":true,"_links":{"self":[{"href":"https:\/\/www.hoymercedes.com.ar\/principal\/wp-json\/wp\/v2\/posts\/81106","targetHints":{"allow":["GET"]}}],"collection":[{"href":"https:\/\/www.hoymercedes.com.ar\/principal\/wp-json\/wp\/v2\/posts"}],"about":[{"href":"https:\/\/www.hoymercedes.com.ar\/principal\/wp-json\/wp\/v2\/types\/post"}],"author":[{"embeddable":true,"href":"https:\/\/www.hoymercedes.com.ar\/principal\/wp-json\/wp\/v2\/users\/1"}],"replies":[{"embeddable":true,"href":"https:\/\/www.hoymercedes.com.ar\/principal\/wp-json\/wp\/v2\/comments?post=81106"}],"version-history":[{"count":0,"href":"https:\/\/www.hoymercedes.com.ar\/principal\/wp-json\/wp\/v2\/posts\/81106\/revisions"}],"wp:featuredmedia":[{"embeddable":true,"href":"https:\/\/www.hoymercedes.com.ar\/principal\/wp-json\/wp\/v2\/media\/81107"}],"wp:attachment":[{"href":"https:\/\/www.hoymercedes.com.ar\/principal\/wp-json\/wp\/v2\/media?parent=81106"}],"wp:term":[{"taxonomy":"category","embeddable":true,"href":"https:\/\/www.hoymercedes.com.ar\/principal\/wp-json\/wp\/v2\/categories?post=81106"},{"taxonomy":"post_tag","embeddable":true,"href":"https:\/\/www.hoymercedes.com.ar\/principal\/wp-json\/wp\/v2\/tags?post=81106"}],"curies":[{"name":"wp","href":"https:\/\/api.w.org\/{rel}","templated":true}]}}