{"id":81116,"date":"2018-09-15T12:45:29","date_gmt":"2018-09-15T15:45:29","guid":{"rendered":"http:\/\/www.hoymercedes.com.ar\/principal\/?p=81116"},"modified":"2018-09-15T11:31:27","modified_gmt":"2018-09-15T14:31:27","slug":"comision-cuna-recibio-a-representantes-de-la-comision-nacional-de-monumentos","status":"publish","type":"post","link":"https:\/\/www.hoymercedes.com.ar\/principal\/2018\/09\/15\/comision-cuna-recibio-a-representantes-de-la-comision-nacional-de-monumentos\/","title":{"rendered":"Comisi\u00f3n CUNA recibi\u00f3 a representantes de la Comisi\u00f3n Nacional de Monumentos"},"content":{"rendered":"<p>Con el objetivo de tomar fotograf\u00edas a la Bas\u00edlica Catedral de Mercedes, por ser monumento y patrimonio hist\u00f3rico nacional desde el 2010, el d\u00eda jueves se hicieron presentes tres representantes de la Comisi\u00f3n Nacional de Monumentos, de Lugares y de Bienes Hist\u00f3ricos.<\/p>\n<p><img loading=\"lazy\" decoding=\"async\" data-attachment-id=\"81110\" data-permalink=\"https:\/\/www.hoymercedes.com.ar\/principal\/2018\/09\/15\/barrio-malvinas-construyen-nuevo-espacio-primera-infancia\/15-monumento-1\/#main\" data-orig-file=\"https:\/\/www.hoymercedes.com.ar\/principal\/wp-content\/uploads\/2018\/09\/15-monumento-1.jpg\" data-orig-size=\"750,500\" data-comments-opened=\"0\" data-image-meta=\"{&quot;aperture&quot;:&quot;2&quot;,&quot;credit&quot;:&quot;&quot;,&quot;camera&quot;:&quot;Moto G (5S) Plus&quot;,&quot;caption&quot;:&quot;&quot;,&quot;created_timestamp&quot;:&quot;1536831466&quot;,&quot;copyright&quot;:&quot;&quot;,&quot;focal_length&quot;:&quot;3.59&quot;,&quot;iso&quot;:&quot;1899&quot;,&quot;shutter_speed&quot;:&quot;0.058823529411765&quot;,&quot;title&quot;:&quot;&quot;,&quot;orientation&quot;:&quot;1&quot;}\" data-image-title=\"15 monumento 1\" data-image-description=\"\" data-image-caption=\"\" data-large-file=\"https:\/\/www.hoymercedes.com.ar\/principal\/wp-content\/uploads\/2018\/09\/15-monumento-1.jpg\" class=\"aligncenter size-medium wp-image-81110\" src=\"https:\/\/www.hoymercedes.com.ar\/principal\/wp-content\/uploads\/2018\/09\/15-monumento-1-630x420.jpg\" alt=\"\" width=\"630\" height=\"420\" srcset=\"https:\/\/www.hoymercedes.com.ar\/principal\/wp-content\/uploads\/2018\/09\/15-monumento-1-630x420.jpg 630w, https:\/\/www.hoymercedes.com.ar\/principal\/wp-content\/uploads\/2018\/09\/15-monumento-1-150x100.jpg 150w, https:\/\/www.hoymercedes.com.ar\/principal\/wp-content\/uploads\/2018\/09\/15-monumento-1.jpg 750w\" sizes=\"auto, (max-width: 630px) 100vw, 630px\" \/><\/p>\n<p>Junto a la Presidenta de la Comisi\u00f3n Municipal de Patrimonio Hist\u00f3rico, Cultural y Natural de Mercedes, Celeste Burone, los representantes de la Comisi\u00f3n Nacional, Adolfo Brodaric, el fot\u00f3grafo y arquitecto Luis Picarelli y Mat\u00edas Profeta, recorrieron la Catedral, para luego conocer el Palacio Municipal, el Concejo Deliberante entre otras edificaciones que Mercedes registra como parte del Patrimonio local.<\/p>\n<p>Durante toda la tarde, los tres integrantes de la Comisi\u00f3n Nacional de Monumentos recorrieron el casco hist\u00f3rico y lugares emblem\u00e1ticos de Mercedes registrando distintas edificaciones y curiosidades en lo que hacen a patrimonio hist\u00f3rico y arquitect\u00f3nico. Es as\u00ed que estuvieron tomando fotos de La Pulper\u00eda, la Escuela Normal, el Colegio Nacional, la Parroquia San Patricio, la Parroquia San Luis, las estaciones de ferrocarriles, la Biblioteca Sarmiento, el Palacio de Tribunales, entre otros edificios que actualmente son domicilios particulares pero que son representativos de distintas \u00e9pocas de arquitectura argentina.<\/p>\n<p><img loading=\"lazy\" decoding=\"async\" data-attachment-id=\"81111\" data-permalink=\"https:\/\/www.hoymercedes.com.ar\/principal\/2018\/09\/15\/barrio-malvinas-construyen-nuevo-espacio-primera-infancia\/15-monumento-2\/#main\" data-orig-file=\"https:\/\/www.hoymercedes.com.ar\/principal\/wp-content\/uploads\/2018\/09\/15-monumento-2.jpg\" data-orig-size=\"750,500\" data-comments-opened=\"0\" data-image-meta=\"{&quot;aperture&quot;:&quot;2&quot;,&quot;credit&quot;:&quot;&quot;,&quot;camera&quot;:&quot;Moto G (5S) Plus&quot;,&quot;caption&quot;:&quot;&quot;,&quot;created_timestamp&quot;:&quot;1536831763&quot;,&quot;copyright&quot;:&quot;&quot;,&quot;focal_length&quot;:&quot;3.59&quot;,&quot;iso&quot;:&quot;100&quot;,&quot;shutter_speed&quot;:&quot;0.0011695906432749&quot;,&quot;title&quot;:&quot;&quot;,&quot;orientation&quot;:&quot;1&quot;}\" data-image-title=\"15 monumento 2\" data-image-description=\"\" data-image-caption=\"\" data-large-file=\"https:\/\/www.hoymercedes.com.ar\/principal\/wp-content\/uploads\/2018\/09\/15-monumento-2.jpg\" class=\"aligncenter size-medium wp-image-81111\" src=\"https:\/\/www.hoymercedes.com.ar\/principal\/wp-content\/uploads\/2018\/09\/15-monumento-2-630x420.jpg\" alt=\"\" width=\"630\" height=\"420\" srcset=\"https:\/\/www.hoymercedes.com.ar\/principal\/wp-content\/uploads\/2018\/09\/15-monumento-2-630x420.jpg 630w, https:\/\/www.hoymercedes.com.ar\/principal\/wp-content\/uploads\/2018\/09\/15-monumento-2-150x100.jpg 150w, https:\/\/www.hoymercedes.com.ar\/principal\/wp-content\/uploads\/2018\/09\/15-monumento-2.jpg 750w\" sizes=\"auto, (max-width: 630px) 100vw, 630px\" \/><\/p>\n<p>Las im\u00e1genes tomadas de la Bas\u00edlica Catedral formar\u00e1n parte del segundo tomo de la gu\u00eda de Monumentos patrimoniados a nivel nacional de las provincias de Buenos Aires, C\u00f3rdoba y Santa F\u00e9. Adem\u00e1s, les permitir\u00e1 actualizar las fotograf\u00edas de los libros que edita la Comisi\u00f3n Nacional sobre el patrimonio argentino.<\/p>\n<p>Fuente: Comisi\u00f3n CUNA<\/p>\n<p><img loading=\"lazy\" decoding=\"async\" data-attachment-id=\"81112\" data-permalink=\"https:\/\/www.hoymercedes.com.ar\/principal\/2018\/09\/15\/barrio-malvinas-construyen-nuevo-espacio-primera-infancia\/15-monumento-3\/#main\" data-orig-file=\"https:\/\/www.hoymercedes.com.ar\/principal\/wp-content\/uploads\/2018\/09\/15-monumento-3.jpg\" data-orig-size=\"750,563\" data-comments-opened=\"0\" data-image-meta=\"{&quot;aperture&quot;:&quot;2&quot;,&quot;credit&quot;:&quot;&quot;,&quot;camera&quot;:&quot;Moto G (5S) Plus&quot;,&quot;caption&quot;:&quot;&quot;,&quot;created_timestamp&quot;:&quot;1536843703&quot;,&quot;copyright&quot;:&quot;&quot;,&quot;focal_length&quot;:&quot;3.59&quot;,&quot;iso&quot;:&quot;100&quot;,&quot;shutter_speed&quot;:&quot;0.0014471780028944&quot;,&quot;title&quot;:&quot;&quot;,&quot;orientation&quot;:&quot;1&quot;}\" data-image-title=\"15 monumento 3\" data-image-description=\"\" data-image-caption=\"\" data-large-file=\"https:\/\/www.hoymercedes.com.ar\/principal\/wp-content\/uploads\/2018\/09\/15-monumento-3.jpg\" class=\"aligncenter size-medium wp-image-81112\" src=\"https:\/\/www.hoymercedes.com.ar\/principal\/wp-content\/uploads\/2018\/09\/15-monumento-3-630x473.jpg\" alt=\"\" width=\"630\" height=\"473\" srcset=\"https:\/\/www.hoymercedes.com.ar\/principal\/wp-content\/uploads\/2018\/09\/15-monumento-3-630x473.jpg 630w, https:\/\/www.hoymercedes.com.ar\/principal\/wp-content\/uploads\/2018\/09\/15-monumento-3-150x113.jpg 150w, https:\/\/www.hoymercedes.com.ar\/principal\/wp-content\/uploads\/2018\/09\/15-monumento-3.jpg 750w\" sizes=\"auto, (max-width: 630px) 100vw, 630px\" \/><\/p>\n","protected":false},"excerpt":{"rendered":"<p>Con el objetivo de tomar fotograf\u00edas a la Bas\u00edlica Catedral de Mercedes, por ser monumento y patrimonio hist\u00f3rico nacional desde &#8230; <a title=\"Comisi\u00f3n CUNA recibi\u00f3 a representantes de la Comisi\u00f3n Nacional de Monumentos\" class=\"read-more\" href=\"https:\/\/www.hoymercedes.com.ar\/principal\/2018\/09\/15\/comision-cuna-recibio-a-representantes-de-la-comision-nacional-de-monumentos\/\" aria-label=\"Leer m\u00e1s sobre Comisi\u00f3n CUNA recibi\u00f3 a representantes de la Comisi\u00f3n Nacional de Monumentos\">Leer m\u00e1s<\/a><\/p>\n","protected":false},"author":1,"featured_media":81111,"comment_status":"closed","ping_status":"open","sticky":false,"template":"","format":"standard","meta":{"_monsterinsights_skip_tracking":false,"_monsterinsights_sitenote_active":false,"_monsterinsights_sitenote_note":"","_monsterinsights_sitenote_category":0,"jetpack_post_was_ever_published":false,"_jetpack_newsletter_access":"","_jetpack_dont_email_post_to_subs":false,"_jetpack_newsletter_tier_id":0,"_jetpack_memberships_contains_paywalled_content":false,"_jetpack_memberships_contains_paid_content":false,"footnotes":"","jetpack_publicize_message":"","jetpack_publicize_feature_enabled":true,"jetpack_social_post_already_shared":true,"jetpack_social_options":{"image_generator_settings":{"template":"highway","default_image_id":0,"font":"","enabled":false},"version":2},"_wpas_customize_per_network":false},"categories":[104],"tags":[8729,7805,10722,1034,13731,13730],"class_list":["post-81116","post","type-post","status-publish","format-standard","has-post-thumbnail","hentry","category-cultura","tag-catedral","tag-cultura","tag-cuna","tag-fotografia","tag-patrimonio-mercedes","tag-patrimonio-nacional","generate-columns","tablet-grid-50","mobile-grid-100","grid-parent","grid-50"],"jetpack_publicize_connections":[],"jetpack_featured_media_url":"https:\/\/www.hoymercedes.com.ar\/principal\/wp-content\/uploads\/2018\/09\/15-monumento-2.jpg","wps_subtitle":"El d\u00eda jueves","jetpack_sharing_enabled":true,"_links":{"self":[{"href":"https:\/\/www.hoymercedes.com.ar\/principal\/wp-json\/wp\/v2\/posts\/81116","targetHints":{"allow":["GET"]}}],"collection":[{"href":"https:\/\/www.hoymercedes.com.ar\/principal\/wp-json\/wp\/v2\/posts"}],"about":[{"href":"https:\/\/www.hoymercedes.com.ar\/principal\/wp-json\/wp\/v2\/types\/post"}],"author":[{"embeddable":true,"href":"https:\/\/www.hoymercedes.com.ar\/principal\/wp-json\/wp\/v2\/users\/1"}],"replies":[{"embeddable":true,"href":"https:\/\/www.hoymercedes.com.ar\/principal\/wp-json\/wp\/v2\/comments?post=81116"}],"version-history":[{"count":0,"href":"https:\/\/www.hoymercedes.com.ar\/principal\/wp-json\/wp\/v2\/posts\/81116\/revisions"}],"wp:featuredmedia":[{"embeddable":true,"href":"https:\/\/www.hoymercedes.com.ar\/principal\/wp-json\/wp\/v2\/media\/81111"}],"wp:attachment":[{"href":"https:\/\/www.hoymercedes.com.ar\/principal\/wp-json\/wp\/v2\/media?parent=81116"}],"wp:term":[{"taxonomy":"category","embeddable":true,"href":"https:\/\/www.hoymercedes.com.ar\/principal\/wp-json\/wp\/v2\/categories?post=81116"},{"taxonomy":"post_tag","embeddable":true,"href":"https:\/\/www.hoymercedes.com.ar\/principal\/wp-json\/wp\/v2\/tags?post=81116"}],"curies":[{"name":"wp","href":"https:\/\/api.w.org\/{rel}","templated":true}]}}