{"id":81118,"date":"2018-09-15T13:34:03","date_gmt":"2018-09-15T16:34:03","guid":{"rendered":"http:\/\/www.hoymercedes.com.ar\/principal\/?p=81118"},"modified":"2018-09-15T11:42:50","modified_gmt":"2018-09-15T14:42:50","slug":"este-domingo-caminata-familiar-organizada-por-el-cef-n-40-y-direccion-de-adultos","status":"publish","type":"post","link":"https:\/\/www.hoymercedes.com.ar\/principal\/2018\/09\/15\/este-domingo-caminata-familiar-organizada-por-el-cef-n-40-y-direccion-de-adultos\/","title":{"rendered":"Este domingo caminata familiar organizada por el CEF N\u00b0 40 y direcci\u00f3n de Adultos"},"content":{"rendered":"<p>CEF N\u00b040 y Municipio, a trav\u00e9s de la Direcci\u00f3n de Adultos, realizar\u00e1n este 16 de septiembre, una Caminata Familiar en conmemoraci\u00f3n del D\u00eda Mundial del Alzheimer. \u00abLa caminata sigue en pie, estaremos sujetos al clima del domingo\u00bb, afirmaron desde la organizaci\u00f3n.<\/p>\n<p><img loading=\"lazy\" decoding=\"async\" data-attachment-id=\"81119\" data-permalink=\"https:\/\/www.hoymercedes.com.ar\/principal\/2018\/09\/15\/este-domingo-caminata-familiar-organizada-por-el-cef-n-40-y-direccion-de-adultos\/15-caminata-alzheimer-1\/#main\" data-orig-file=\"https:\/\/www.hoymercedes.com.ar\/principal\/wp-content\/uploads\/2018\/09\/15-caminata-ALZHEIMER-1.jpg\" data-orig-size=\"750,422\" data-comments-opened=\"0\" data-image-meta=\"{&quot;aperture&quot;:&quot;0&quot;,&quot;credit&quot;:&quot;&quot;,&quot;camera&quot;:&quot;&quot;,&quot;caption&quot;:&quot;&quot;,&quot;created_timestamp&quot;:&quot;0&quot;,&quot;copyright&quot;:&quot;&quot;,&quot;focal_length&quot;:&quot;0&quot;,&quot;iso&quot;:&quot;0&quot;,&quot;shutter_speed&quot;:&quot;0&quot;,&quot;title&quot;:&quot;&quot;,&quot;orientation&quot;:&quot;0&quot;}\" data-image-title=\"15 caminata ALZHEIMER 1\" data-image-description=\"\" data-image-caption=\"\" data-large-file=\"https:\/\/www.hoymercedes.com.ar\/principal\/wp-content\/uploads\/2018\/09\/15-caminata-ALZHEIMER-1.jpg\" class=\"aligncenter size-medium wp-image-81119\" src=\"https:\/\/www.hoymercedes.com.ar\/principal\/wp-content\/uploads\/2018\/09\/15-caminata-ALZHEIMER-1-630x354.jpg\" alt=\"\" width=\"630\" height=\"354\" srcset=\"https:\/\/www.hoymercedes.com.ar\/principal\/wp-content\/uploads\/2018\/09\/15-caminata-ALZHEIMER-1-630x354.jpg 630w, https:\/\/www.hoymercedes.com.ar\/principal\/wp-content\/uploads\/2018\/09\/15-caminata-ALZHEIMER-1-150x84.jpg 150w, https:\/\/www.hoymercedes.com.ar\/principal\/wp-content\/uploads\/2018\/09\/15-caminata-ALZHEIMER-1.jpg 750w\" sizes=\"auto, (max-width: 630px) 100vw, 630px\" \/><\/p>\n<p><!--more--><\/p>\n<p>A trav\u00e9s de un encuentro con los medios de comunicaci\u00f3n, el Prof. Fabi\u00e1n Brandoni, uno de los organizadores, expres\u00f3 \u201cla idea es que la comunidad se acerque y visibilicemos la problem\u00e1tica\u201d. Adem\u00e1s, inform\u00f3 \u201ca los primeros 100 inscriptos le obsequiaremos remeras conmemorativas\u201d.<\/p>\n<p>\u201cUno de los objetivos es poder sensibilizar a la sociedad acerca de esta enfermedad, as\u00ed como de su repercusi\u00f3n social y sanitaria; y por otro lado, promover la prevenci\u00f3n de esta patolog\u00eda, solicitando el apoyo y la solidaridad de la poblaci\u00f3n en general\u201d apunt\u00f3 Brandoni.<\/p>\n<p>Victoria Odell, directora de Adultos Mayores de la Municipalidad de Mercedes, anunci\u00f3 \u201cla inscripci\u00f3n se efectuar\u00e1 directamente en la convocatoria, en las calles 25, 16 y 18, el domingo 16. El inicio de la caminata est\u00e1 pautado para las 09:00 de la ma\u00f1ana\u201d.<\/p>\n<p>El recorrido comienza en las puertas del Hogar Villa Abrile, se camina por calle 25 hasta calle 24, ah\u00ed se dirigen a la plaza San Mart\u00edn donde se efect\u00faa una vuelta. Luego, se encamina por calle 27 hasta el cruce de la calle 10, se recorre el sector de la estaci\u00f3n Sarmiento, para luego retomar calle 25 hasta las puertas del Hogar Villa Abrile.<\/p>\n<p>\u201cLa caminata por se familiar es de una distancia de 2 kil\u00f3metros, para de esta manera, puedan participar adultos y ni\u00f1os\u201d asinti\u00f3 Brandoni.<\/p>\n<p>Desde el CEF, se comunic\u00f3 \u201cestaremos inscribiendo a partir de las 09:00 de la ma\u00f1ana y todas las familias que participan del CEF ya tienen una inscripci\u00f3n previa, pero s\u00ed tendr\u00e1n que estar un ratito antes de comenzar la caminata para recibir su remera. La inscripci\u00f3n tiene que ver m\u00e1s con una cuesti\u00f3n de seguridad y las remeras ser\u00e1n entregadas a los adultos que sean participes de esta actividad\u201d.<\/p>\n<p>Por otra parte, Victoria Odell resalt\u00f3 \u201cpara m\u00ed los d\u00edas mundiales me parecen sumamente importantes, porque nos permite hablar y pensar sobre las diferentes problem\u00e1ticas que nos afectan. Y en muchos casos, las afecciones no s\u00f3lo las tienen los que cargan con la enfermedad sino toda la familia. En este caso, el alzheimer es una enfermedad que abarca a todos, el deterioro contiguo y las diferentes limitaciones que va generando afecta a toda la red social, familia, amigos, vecinos, instituciones, etc\u201d.<\/p>\n<p>Asimismo, la Directora de Adultos Mayores, indic\u00f3 \u201cno hay cura, pero sabemos que un buen estilo de vida, alimentaci\u00f3n y la actividad f\u00edsica ayuda much\u00edsimo a evitar o retrasar la enfermedad\u201d.<\/p>\n<p>Esta afecci\u00f3n es considerada la nueva epidemia del siglo XXI. Diversos organismos internacionales de salud han mostrado su preocupaci\u00f3n ante el avance de la afecci\u00f3n mental. Cada 21 de septiembre se conmemora el D\u00eda Mundial del Alzheimer, debido a que en esa fecha, en 1901, se diagnostic\u00f3 el primer caso.<\/p>\n<p>&nbsp;<\/p>\n<p>&nbsp;<\/p>\n","protected":false},"excerpt":{"rendered":"<p>CEF N\u00b040 y Municipio, a trav\u00e9s de la Direcci\u00f3n de Adultos, realizar\u00e1n este 16 de septiembre, una Caminata Familiar en &#8230; <a title=\"Este domingo caminata familiar organizada por el CEF N\u00b0 40 y direcci\u00f3n de Adultos\" class=\"read-more\" href=\"https:\/\/www.hoymercedes.com.ar\/principal\/2018\/09\/15\/este-domingo-caminata-familiar-organizada-por-el-cef-n-40-y-direccion-de-adultos\/\" aria-label=\"Leer m\u00e1s sobre Este domingo caminata familiar organizada por el CEF N\u00b0 40 y direcci\u00f3n de Adultos\">Leer m\u00e1s<\/a><\/p>\n","protected":false},"author":1,"featured_media":81119,"comment_status":"closed","ping_status":"open","sticky":false,"template":"","format":"standard","meta":{"_monsterinsights_skip_tracking":false,"_monsterinsights_sitenote_active":false,"_monsterinsights_sitenote_note":"","_monsterinsights_sitenote_category":0,"jetpack_post_was_ever_published":false,"_jetpack_newsletter_access":"","_jetpack_dont_email_post_to_subs":false,"_jetpack_newsletter_tier_id":0,"_jetpack_memberships_contains_paywalled_content":false,"_jetpack_memberships_contains_paid_content":false,"footnotes":"","jetpack_publicize_message":"","jetpack_publicize_feature_enabled":true,"jetpack_social_post_already_shared":true,"jetpack_social_options":{"image_generator_settings":{"template":"highway","default_image_id":0,"font":"","enabled":false},"version":2},"_wpas_customize_per_network":false},"categories":[30],"tags":[13733,11181,13732],"class_list":["post-81118","post","type-post","status-publish","format-standard","has-post-thumbnail","hentry","category-municipio","tag-caminata-familiar","tag-cef-n-40","tag-direccion-de-adultos","generate-columns","tablet-grid-50","mobile-grid-100","grid-parent","grid-50"],"jetpack_publicize_connections":[],"jetpack_featured_media_url":"https:\/\/www.hoymercedes.com.ar\/principal\/wp-content\/uploads\/2018\/09\/15-caminata-ALZHEIMER-1.jpg","wps_subtitle":"Conmemorando el d\u00eda del Alzheimer","jetpack_sharing_enabled":true,"_links":{"self":[{"href":"https:\/\/www.hoymercedes.com.ar\/principal\/wp-json\/wp\/v2\/posts\/81118","targetHints":{"allow":["GET"]}}],"collection":[{"href":"https:\/\/www.hoymercedes.com.ar\/principal\/wp-json\/wp\/v2\/posts"}],"about":[{"href":"https:\/\/www.hoymercedes.com.ar\/principal\/wp-json\/wp\/v2\/types\/post"}],"author":[{"embeddable":true,"href":"https:\/\/www.hoymercedes.com.ar\/principal\/wp-json\/wp\/v2\/users\/1"}],"replies":[{"embeddable":true,"href":"https:\/\/www.hoymercedes.com.ar\/principal\/wp-json\/wp\/v2\/comments?post=81118"}],"version-history":[{"count":0,"href":"https:\/\/www.hoymercedes.com.ar\/principal\/wp-json\/wp\/v2\/posts\/81118\/revisions"}],"wp:featuredmedia":[{"embeddable":true,"href":"https:\/\/www.hoymercedes.com.ar\/principal\/wp-json\/wp\/v2\/media\/81119"}],"wp:attachment":[{"href":"https:\/\/www.hoymercedes.com.ar\/principal\/wp-json\/wp\/v2\/media?parent=81118"}],"wp:term":[{"taxonomy":"category","embeddable":true,"href":"https:\/\/www.hoymercedes.com.ar\/principal\/wp-json\/wp\/v2\/categories?post=81118"},{"taxonomy":"post_tag","embeddable":true,"href":"https:\/\/www.hoymercedes.com.ar\/principal\/wp-json\/wp\/v2\/tags?post=81118"}],"curies":[{"name":"wp","href":"https:\/\/api.w.org\/{rel}","templated":true}]}}