{"id":81138,"date":"2018-09-17T08:56:22","date_gmt":"2018-09-17T11:56:22","guid":{"rendered":"http:\/\/www.hoymercedes.com.ar\/principal\/?p=81138"},"modified":"2018-09-16T13:34:53","modified_gmt":"2018-09-16T16:34:53","slug":"patrimonio-restaura-los-murales-de-landi-de-calle-39","status":"publish","type":"post","link":"https:\/\/www.hoymercedes.com.ar\/principal\/2018\/09\/17\/patrimonio-restaura-los-murales-de-landi-de-calle-39\/","title":{"rendered":"Patrimonio restaura los murales de Landi de calle 39"},"content":{"rendered":"<p>La Comisi\u00f3n Municipal de Patrimonio Hist\u00f3rico, Cultural y Natural (CUNA) inici\u00f3 la restauraci\u00f3n de los murales de calle 39, entre 36 y 32, que artistas pl\u00e1sticos mercedinos pintaron hace casi quince a\u00f1os guiados por el escultor y pintor Octimio Landi, fallecido en 2005.<\/p>\n<p><img loading=\"lazy\" decoding=\"async\" data-attachment-id=\"81139\" data-permalink=\"https:\/\/www.hoymercedes.com.ar\/principal\/2018\/09\/17\/patrimonio-restaura-los-murales-de-landi-de-calle-39\/mural-landi-1\/#main\" data-orig-file=\"https:\/\/www.hoymercedes.com.ar\/principal\/wp-content\/uploads\/2018\/09\/mural-landi-1.jpg\" data-orig-size=\"1024,768\" data-comments-opened=\"0\" data-image-meta=\"{&quot;aperture&quot;:&quot;2&quot;,&quot;credit&quot;:&quot;&quot;,&quot;camera&quot;:&quot;Moto G (5S) Plus&quot;,&quot;caption&quot;:&quot;&quot;,&quot;created_timestamp&quot;:&quot;1536929945&quot;,&quot;copyright&quot;:&quot;&quot;,&quot;focal_length&quot;:&quot;3.59&quot;,&quot;iso&quot;:&quot;100&quot;,&quot;shutter_speed&quot;:&quot;0.0019493177387914&quot;,&quot;title&quot;:&quot;&quot;,&quot;orientation&quot;:&quot;1&quot;}\" data-image-title=\"mural landi 1\" data-image-description=\"\" data-image-caption=\"\" data-large-file=\"https:\/\/www.hoymercedes.com.ar\/principal\/wp-content\/uploads\/2018\/09\/mural-landi-1-1024x768.jpg\" class=\"aligncenter size-medium wp-image-81139\" src=\"https:\/\/www.hoymercedes.com.ar\/principal\/wp-content\/uploads\/2018\/09\/mural-landi-1-630x473.jpg\" alt=\"\" width=\"630\" height=\"473\" srcset=\"https:\/\/www.hoymercedes.com.ar\/principal\/wp-content\/uploads\/2018\/09\/mural-landi-1-630x473.jpg 630w, https:\/\/www.hoymercedes.com.ar\/principal\/wp-content\/uploads\/2018\/09\/mural-landi-1-150x113.jpg 150w, https:\/\/www.hoymercedes.com.ar\/principal\/wp-content\/uploads\/2018\/09\/mural-landi-1.jpg 1024w\" sizes=\"auto, (max-width: 630px) 100vw, 630px\" \/><\/p>\n<p>Los murales est\u00e1n dise\u00f1ados por el mismo Landi en fachadas y tapiales que los vecinos del escultor les cedi\u00f3 para que un grupo de artistas pl\u00e1sticos pintasen en sus domicilios.<\/p>\n<p>Con el objetivo de preservar los murales,\u00a0CUNA convoc\u00f3 a los artistas pl\u00e1sticos que participaron del proyecto original para iniciar la restauraci\u00f3n de tres murales.<\/p>\n<p>A la propuesta se sumaron los artistas pl\u00e1sticos Mar\u00eda Eugenia Scioli y Pablo Russo que est\u00e1n restaurando el primero de ellos en uno de los tapiales del patio delantero de una de las familias que cedi\u00f3 el espacio para el arte Landi. En ese mismo domicilio se encuentra el segundo mural que comenzar\u00e1n a restaurar al terminar el primero.<\/p>\n<p><img loading=\"lazy\" decoding=\"async\" data-attachment-id=\"81140\" data-permalink=\"https:\/\/www.hoymercedes.com.ar\/principal\/2018\/09\/17\/patrimonio-restaura-los-murales-de-landi-de-calle-39\/mural-landi-2\/#main\" data-orig-file=\"https:\/\/www.hoymercedes.com.ar\/principal\/wp-content\/uploads\/2018\/09\/mural-landi-2.jpg\" data-orig-size=\"1024,768\" data-comments-opened=\"0\" data-image-meta=\"{&quot;aperture&quot;:&quot;2&quot;,&quot;credit&quot;:&quot;&quot;,&quot;camera&quot;:&quot;Moto G (5S) Plus&quot;,&quot;caption&quot;:&quot;&quot;,&quot;created_timestamp&quot;:&quot;1536931466&quot;,&quot;copyright&quot;:&quot;&quot;,&quot;focal_length&quot;:&quot;3.59&quot;,&quot;iso&quot;:&quot;100&quot;,&quot;shutter_speed&quot;:&quot;0.00054347826086957&quot;,&quot;title&quot;:&quot;&quot;,&quot;orientation&quot;:&quot;1&quot;}\" data-image-title=\"mural landi 2\" data-image-description=\"\" data-image-caption=\"\" data-large-file=\"https:\/\/www.hoymercedes.com.ar\/principal\/wp-content\/uploads\/2018\/09\/mural-landi-2-1024x768.jpg\" class=\"aligncenter size-medium wp-image-81140\" src=\"https:\/\/www.hoymercedes.com.ar\/principal\/wp-content\/uploads\/2018\/09\/mural-landi-2-630x473.jpg\" alt=\"\" width=\"630\" height=\"473\" srcset=\"https:\/\/www.hoymercedes.com.ar\/principal\/wp-content\/uploads\/2018\/09\/mural-landi-2-630x473.jpg 630w, https:\/\/www.hoymercedes.com.ar\/principal\/wp-content\/uploads\/2018\/09\/mural-landi-2-150x113.jpg 150w, https:\/\/www.hoymercedes.com.ar\/principal\/wp-content\/uploads\/2018\/09\/mural-landi-2.jpg 1024w\" sizes=\"auto, (max-width: 630px) 100vw, 630px\" \/><\/p>\n","protected":false},"excerpt":{"rendered":"<p>La Comisi\u00f3n Municipal de Patrimonio Hist\u00f3rico, Cultural y Natural (CUNA) inici\u00f3 la restauraci\u00f3n de los murales de calle 39, entre &#8230; <a title=\"Patrimonio restaura los murales de Landi de calle 39\" class=\"read-more\" href=\"https:\/\/www.hoymercedes.com.ar\/principal\/2018\/09\/17\/patrimonio-restaura-los-murales-de-landi-de-calle-39\/\" aria-label=\"Leer m\u00e1s sobre Patrimonio restaura los murales de Landi de calle 39\">Leer m\u00e1s<\/a><\/p>\n","protected":false},"author":1,"featured_media":81139,"comment_status":"closed","ping_status":"open","sticky":false,"template":"","format":"standard","meta":{"_monsterinsights_skip_tracking":false,"_monsterinsights_sitenote_active":false,"_monsterinsights_sitenote_note":"","_monsterinsights_sitenote_category":0,"jetpack_post_was_ever_published":false,"_jetpack_newsletter_access":"","_jetpack_dont_email_post_to_subs":false,"_jetpack_newsletter_tier_id":0,"_jetpack_memberships_contains_paywalled_content":false,"_jetpack_memberships_contains_paid_content":false,"footnotes":"","jetpack_publicize_message":"","jetpack_publicize_feature_enabled":true,"jetpack_social_post_already_shared":true,"jetpack_social_options":{"image_generator_settings":{"template":"highway","default_image_id":0,"font":"","enabled":false},"version":2},"_wpas_customize_per_network":false},"categories":[104],"tags":[13383,7805,1128,2851,12273],"class_list":["post-81138","post","type-post","status-publish","format-standard","has-post-thumbnail","hentry","category-cultura","tag-comision-cuna","tag-cultura","tag-murales","tag-octimio-landi","tag-patrimonio-cultural","generate-columns","tablet-grid-50","mobile-grid-100","grid-parent","grid-50"],"jetpack_publicize_connections":[],"jetpack_featured_media_url":"https:\/\/www.hoymercedes.com.ar\/principal\/wp-content\/uploads\/2018\/09\/mural-landi-1.jpg","wps_subtitle":"Con artistas pl\u00e1sticos locales","jetpack_sharing_enabled":true,"_links":{"self":[{"href":"https:\/\/www.hoymercedes.com.ar\/principal\/wp-json\/wp\/v2\/posts\/81138","targetHints":{"allow":["GET"]}}],"collection":[{"href":"https:\/\/www.hoymercedes.com.ar\/principal\/wp-json\/wp\/v2\/posts"}],"about":[{"href":"https:\/\/www.hoymercedes.com.ar\/principal\/wp-json\/wp\/v2\/types\/post"}],"author":[{"embeddable":true,"href":"https:\/\/www.hoymercedes.com.ar\/principal\/wp-json\/wp\/v2\/users\/1"}],"replies":[{"embeddable":true,"href":"https:\/\/www.hoymercedes.com.ar\/principal\/wp-json\/wp\/v2\/comments?post=81138"}],"version-history":[{"count":0,"href":"https:\/\/www.hoymercedes.com.ar\/principal\/wp-json\/wp\/v2\/posts\/81138\/revisions"}],"wp:featuredmedia":[{"embeddable":true,"href":"https:\/\/www.hoymercedes.com.ar\/principal\/wp-json\/wp\/v2\/media\/81139"}],"wp:attachment":[{"href":"https:\/\/www.hoymercedes.com.ar\/principal\/wp-json\/wp\/v2\/media?parent=81138"}],"wp:term":[{"taxonomy":"category","embeddable":true,"href":"https:\/\/www.hoymercedes.com.ar\/principal\/wp-json\/wp\/v2\/categories?post=81138"},{"taxonomy":"post_tag","embeddable":true,"href":"https:\/\/www.hoymercedes.com.ar\/principal\/wp-json\/wp\/v2\/tags?post=81138"}],"curies":[{"name":"wp","href":"https:\/\/api.w.org\/{rel}","templated":true}]}}