{"id":8115,"date":"2011-10-07T23:17:38","date_gmt":"2011-10-07T23:17:38","guid":{"rendered":"http:\/\/www.hoymercedes.com.ar\/principal\/?p=8115"},"modified":"2011-10-07T23:17:38","modified_gmt":"2011-10-07T23:17:38","slug":"mercedes-en-acto-de-ddhh-en-la-plata-junto-a-scioli-y-sara-dorotier-de-cobacho","status":"publish","type":"post","link":"https:\/\/www.hoymercedes.com.ar\/principal\/2011\/10\/07\/mercedes-en-acto-de-ddhh-en-la-plata-junto-a-scioli-y-sara-dorotier-de-cobacho\/","title":{"rendered":"Mercedes en acto de DDHH en La Plata junto a Scioli y Sara Dorotier de Cobacho"},"content":{"rendered":"<p style=\"text-align: center;\"><a href=\"https:\/\/www.hoymercedes.com.ar\/principal\/wp-content\/uploads\/2011\/10\/Presentaci\u00f3nObrasexCentroClandestinodeDetenci\u00f3nArana.jpg\"><img loading=\"lazy\" decoding=\"async\" data-attachment-id=\"8121\" data-permalink=\"https:\/\/www.hoymercedes.com.ar\/principal\/2011\/10\/07\/mercedes-en-acto-de-ddhh-en-la-plata-junto-a-scioli-y-sara-dorotier-de-cobacho\/presentacionobrasexcentroclandestinodedetencionarana\/#main\" data-orig-file=\"https:\/\/www.hoymercedes.com.ar\/principal\/wp-content\/uploads\/2011\/10\/Presentaci\u00f3nObrasexCentroClandestinodeDetenci\u00f3nArana.jpg\" data-orig-size=\"720,478\" data-comments-opened=\"1\" data-image-meta=\"{&quot;aperture&quot;:&quot;0&quot;,&quot;credit&quot;:&quot;&quot;,&quot;camera&quot;:&quot;&quot;,&quot;caption&quot;:&quot;&quot;,&quot;created_timestamp&quot;:&quot;0&quot;,&quot;copyright&quot;:&quot;&quot;,&quot;focal_length&quot;:&quot;0&quot;,&quot;iso&quot;:&quot;0&quot;,&quot;shutter_speed&quot;:&quot;0&quot;,&quot;title&quot;:&quot;&quot;}\" data-image-title=\"Presentaci\u00f3nObrasexCentroClandestinodeDetenci\u00f3nArana\" data-image-description=\"\" data-image-caption=\"\" data-large-file=\"https:\/\/www.hoymercedes.com.ar\/principal\/wp-content\/uploads\/2011\/10\/Presentaci\u00f3nObrasexCentroClandestinodeDetenci\u00f3nArana.jpg\" class=\"aligncenter size-full wp-image-8121\" title=\"Presentaci\u00f3nObrasexCentroClandestinodeDetenci\u00f3nArana\" src=\"https:\/\/www.hoymercedes.com.ar\/principal\/wp-content\/uploads\/2011\/10\/Presentaci\u00f3nObrasexCentroClandestinodeDetenci\u00f3nArana.jpg\" alt=\"\" width=\"612\" height=\"400\" \/><\/a><\/p>\n<p>Mercedes estuvo presente junto al gobernador Daniel Scioli y a la Secretaria de Derechos Humanos de la Provincia de Buenos Aires, Sara Derotier de Cobacho, en la presentaci\u00f3n de las obras de preservaci\u00f3n del Ex Centro Clandestino de Detenci\u00f3n Tortura y Exterminio conocido como \u201cDestacamento de Arana\u201d, en La Plata.<\/p>\n<p>El responsable a cargo de la oficina de Derechos Humanos de la ciudad de Mercedes, Marcelo Melo, fue parte del encuentro realizado durante la jornada del jueves.<\/p>\n<p>\u201cLos derechos humanos son pol\u00edtica de Estado en nuestra provincia, hubo muchas reivindicaciones y hoy estamos en este lugar emblem\u00e1tico, que es de la memoria y prueba para que todos los juicios lleguen hasta el final\u201d, enfatiz\u00f3 Derotier de Cobacho qui\u00e9n reapareci\u00f3 en p\u00fablico para alegr\u00eda de los presentes luego de haber estado con algunas cuestiones de salud que no le permit\u00edan realizar la invalorable tarea humanitaria por todos conocida.<\/p>\n<p style=\"text-align: center;\"><a href=\"https:\/\/www.hoymercedes.com.ar\/principal\/wp-content\/uploads\/2011\/10\/SaraDorotierCobacho.jpg\"><img loading=\"lazy\" decoding=\"async\" data-attachment-id=\"8122\" data-permalink=\"https:\/\/www.hoymercedes.com.ar\/principal\/2011\/10\/07\/mercedes-en-acto-de-ddhh-en-la-plata-junto-a-scioli-y-sara-dorotier-de-cobacho\/saradorotiercobacho\/#main\" data-orig-file=\"https:\/\/www.hoymercedes.com.ar\/principal\/wp-content\/uploads\/2011\/10\/SaraDorotierCobacho.jpg\" data-orig-size=\"720,478\" data-comments-opened=\"1\" data-image-meta=\"{&quot;aperture&quot;:&quot;0&quot;,&quot;credit&quot;:&quot;&quot;,&quot;camera&quot;:&quot;&quot;,&quot;caption&quot;:&quot;&quot;,&quot;created_timestamp&quot;:&quot;0&quot;,&quot;copyright&quot;:&quot;&quot;,&quot;focal_length&quot;:&quot;0&quot;,&quot;iso&quot;:&quot;0&quot;,&quot;shutter_speed&quot;:&quot;0&quot;,&quot;title&quot;:&quot;&quot;}\" data-image-title=\"SaraDorotierCobacho\" data-image-description=\"\" data-image-caption=\"\" data-large-file=\"https:\/\/www.hoymercedes.com.ar\/principal\/wp-content\/uploads\/2011\/10\/SaraDorotierCobacho.jpg\" class=\"aligncenter size-full wp-image-8122\" title=\"SaraDorotierCobacho\" src=\"https:\/\/www.hoymercedes.com.ar\/principal\/wp-content\/uploads\/2011\/10\/SaraDorotierCobacho.jpg\" alt=\"\" width=\"612\" height=\"400\" \/><\/a><\/p>\n<p>Scioli y su gabinete recorrieron el predio, donde funcionaba el destacamento, en las calles 640 y 131 de la localidad de Arana, partido de La Plata, junto con Madres y Abuelas de Plaza de Mayo y representantes de organizaciones defensoras de los derechos humanos.<\/p>\n<p>La obra presentada fue realizada con el objetivo de preservar la prueba judicial respetando la medida de no innovar seg\u00fan lo solicitado oportunamente por el Juez Arnaldo Corazza, Titular del Juzgado Federal N\u00ba3 en lo Criminal y Correccional.<\/p>\n<p>La tecnolog\u00eda adoptada permite minimizar el impacto producido sobre el terreno a preservar, dada la sensibilidad y las caracter\u00edsticas de los hallazgos.<\/p>\n<p>El desarrollo de la obra en el \u201cDestacamento de Arana\u201d resulta una herramienta indispensable para la construcci\u00f3n de la Memoria, la Verdad y la Justicia, pilares rectores de las pol\u00edticas p\u00fablicas de derechos humanos.<\/p>\n<p>Estuvieron presentes, entre otros, el jefe de Gabinete, Alberto P\u00e9rez, y los ministros Eduardo Cama\u00f1o (Gobierno), Cristina \u00c1lvarez Rodr\u00edguez (Infraestructura), Oscar Cuartango (Trabajo) y Alejandro Arl\u00eda (Econom\u00eda) y el secretario general, Javier Mouri\u00f1o, adem\u00e1s del intendente de La Plata, Pablo Bruera y el subsecretario de Derechos Humanos, Fernando Cano.<\/p>\n<p>Cristina \u00c1lvarez Rodr\u00edguez, a su vez, dio una explicaci\u00f3n detallada de las importantes obras efectuadas respetando bajo las m\u00e1s estrictas normas cada espacio del lugar con el objetivo de mantenerlo como prueba indubitable de un pasado que no deseamos repetir.<\/p>\n<p>Sara Derotier de Cobacho en di\u00e1logo con la comitiva de nuestra ciudad encabezada por Marcelo Melo asegur\u00f3 que no bien termine de poner en orden las diversas disposiciones a su cargo visitar\u00e1 nuestra ciudad para poder estar m\u00e1s cerca de Mercedes y continuar con su tarea de difusi\u00f3n de la importancia de las oficinas, secretar\u00edas y espacios destinados al \u00e1rea as\u00ed como el sostenimiento vivo de la llama de la memoria.<\/p>\n<p><span style=\"color: #888888;\">Fuente. Of. DD HH Mercedes<\/span><\/p>\n","protected":false},"excerpt":{"rendered":"<p>Mercedes estuvo presente junto al gobernador Daniel Scioli y a la Secretaria de Derechos Humanos de la Provincia de Buenos &#8230; <a title=\"Mercedes en acto de DDHH en La Plata junto a Scioli y Sara Dorotier de Cobacho\" class=\"read-more\" href=\"https:\/\/www.hoymercedes.com.ar\/principal\/2011\/10\/07\/mercedes-en-acto-de-ddhh-en-la-plata-junto-a-scioli-y-sara-dorotier-de-cobacho\/\" aria-label=\"Leer m\u00e1s sobre Mercedes en acto de DDHH en La Plata junto a Scioli y Sara Dorotier de Cobacho\">Leer m\u00e1s<\/a><\/p>\n","protected":false},"author":1,"featured_media":0,"comment_status":"open","ping_status":"open","sticky":false,"template":"","format":"standard","meta":{"_monsterinsights_skip_tracking":false,"_monsterinsights_sitenote_active":false,"_monsterinsights_sitenote_note":"","_monsterinsights_sitenote_category":0,"jetpack_post_was_ever_published":false,"_jetpack_newsletter_access":"","_jetpack_dont_email_post_to_subs":false,"_jetpack_newsletter_tier_id":0,"_jetpack_memberships_contains_paywalled_content":false,"_jetpack_memberships_contains_paid_content":false,"footnotes":"","jetpack_publicize_message":"","jetpack_publicize_feature_enabled":true,"jetpack_social_post_already_shared":false,"jetpack_social_options":{"image_generator_settings":{"template":"highway","default_image_id":0,"font":"","enabled":false},"version":2},"_wpas_customize_per_network":false},"categories":[8],"tags":[615,403,1440,1439],"class_list":["post-8115","post","type-post","status-publish","format-standard","hentry","category-sociedad","tag-derechos-humanos","tag-marcelo-melo","tag-oficina-de-derechos-humanos","tag-pozo-aranda","generate-columns","tablet-grid-50","mobile-grid-100","grid-parent","grid-50"],"jetpack_publicize_connections":[],"jetpack_featured_media_url":"","wps_subtitle":"","jetpack_sharing_enabled":true,"_links":{"self":[{"href":"https:\/\/www.hoymercedes.com.ar\/principal\/wp-json\/wp\/v2\/posts\/8115","targetHints":{"allow":["GET"]}}],"collection":[{"href":"https:\/\/www.hoymercedes.com.ar\/principal\/wp-json\/wp\/v2\/posts"}],"about":[{"href":"https:\/\/www.hoymercedes.com.ar\/principal\/wp-json\/wp\/v2\/types\/post"}],"author":[{"embeddable":true,"href":"https:\/\/www.hoymercedes.com.ar\/principal\/wp-json\/wp\/v2\/users\/1"}],"replies":[{"embeddable":true,"href":"https:\/\/www.hoymercedes.com.ar\/principal\/wp-json\/wp\/v2\/comments?post=8115"}],"version-history":[{"count":0,"href":"https:\/\/www.hoymercedes.com.ar\/principal\/wp-json\/wp\/v2\/posts\/8115\/revisions"}],"wp:attachment":[{"href":"https:\/\/www.hoymercedes.com.ar\/principal\/wp-json\/wp\/v2\/media?parent=8115"}],"wp:term":[{"taxonomy":"category","embeddable":true,"href":"https:\/\/www.hoymercedes.com.ar\/principal\/wp-json\/wp\/v2\/categories?post=8115"},{"taxonomy":"post_tag","embeddable":true,"href":"https:\/\/www.hoymercedes.com.ar\/principal\/wp-json\/wp\/v2\/tags?post=8115"}],"curies":[{"name":"wp","href":"https:\/\/api.w.org\/{rel}","templated":true}]}}