{"id":81164,"date":"2018-09-16T17:24:05","date_gmt":"2018-09-16T20:24:05","guid":{"rendered":"http:\/\/www.hoymercedes.com.ar\/principal\/?p=81164"},"modified":"2018-09-16T23:26:50","modified_gmt":"2018-09-17T02:26:50","slug":"siniestro-vial-en-ruta-5-kilometro-91","status":"publish","type":"post","link":"https:\/\/www.hoymercedes.com.ar\/principal\/2018\/09\/16\/siniestro-vial-en-ruta-5-kilometro-91\/","title":{"rendered":"Siniestro vial en ruta 5 kilometro 91"},"content":{"rendered":"<p>Cerca de las cinco de la tarde de este domingo hubo un siniestro vial en ruta 5 kil\u00f3metro 91. Dos veh\u00edculos (un Toyota Etios y un VW Gol) con heridos de poca gravedad.<\/p>\n<p>De acuerdo a la informaci\u00f3n recabada en el lugar, a la conductora del Gol se le habr\u00eda cruzado un perro que intent\u00f3 esquivar y al frenar de golpe, el Etios la golpea. El conductor de este \u00faltimo veh\u00edculo tuvo una fractura en el brazo, los otros dos con heridas leves.<\/p>\n<p><img loading=\"lazy\" decoding=\"async\" data-attachment-id=\"81165\" data-permalink=\"https:\/\/www.hoymercedes.com.ar\/principal\/2018\/09\/16\/siniestro-vial-en-ruta-5-kilometro-91\/img-20180916-wa0004\/#main\" data-orig-file=\"https:\/\/www.hoymercedes.com.ar\/principal\/wp-content\/uploads\/2018\/09\/IMG-20180916-WA0004.jpg\" data-orig-size=\"1280,720\" data-comments-opened=\"0\" data-image-meta=\"{&quot;aperture&quot;:&quot;0&quot;,&quot;credit&quot;:&quot;&quot;,&quot;camera&quot;:&quot;&quot;,&quot;caption&quot;:&quot;&quot;,&quot;created_timestamp&quot;:&quot;0&quot;,&quot;copyright&quot;:&quot;&quot;,&quot;focal_length&quot;:&quot;0&quot;,&quot;iso&quot;:&quot;0&quot;,&quot;shutter_speed&quot;:&quot;0&quot;,&quot;title&quot;:&quot;&quot;,&quot;orientation&quot;:&quot;0&quot;}\" data-image-title=\"IMG-20180916-WA0004\" data-image-description=\"\" data-image-caption=\"\" data-large-file=\"https:\/\/www.hoymercedes.com.ar\/principal\/wp-content\/uploads\/2018\/09\/IMG-20180916-WA0004-1024x576.jpg\" class=\"aligncenter size-medium wp-image-81165\" src=\"https:\/\/www.hoymercedes.com.ar\/principal\/wp-content\/uploads\/2018\/09\/IMG-20180916-WA0004-630x354.jpg\" alt=\"\" width=\"630\" height=\"354\" srcset=\"https:\/\/www.hoymercedes.com.ar\/principal\/wp-content\/uploads\/2018\/09\/IMG-20180916-WA0004-630x354.jpg 630w, https:\/\/www.hoymercedes.com.ar\/principal\/wp-content\/uploads\/2018\/09\/IMG-20180916-WA0004-150x84.jpg 150w, https:\/\/www.hoymercedes.com.ar\/principal\/wp-content\/uploads\/2018\/09\/IMG-20180916-WA0004-1024x576.jpg 1024w, https:\/\/www.hoymercedes.com.ar\/principal\/wp-content\/uploads\/2018\/09\/IMG-20180916-WA0004.jpg 1280w\" sizes=\"auto, (max-width: 630px) 100vw, 630px\" \/><\/p>\n","protected":false},"excerpt":{"rendered":"<p>Cerca de las cinco de la tarde de este domingo hubo un siniestro vial en ruta 5 kil\u00f3metro 91. Dos &#8230; <a title=\"Siniestro vial en ruta 5 kilometro 91\" class=\"read-more\" href=\"https:\/\/www.hoymercedes.com.ar\/principal\/2018\/09\/16\/siniestro-vial-en-ruta-5-kilometro-91\/\" aria-label=\"Leer m\u00e1s sobre Siniestro vial en ruta 5 kilometro 91\">Leer m\u00e1s<\/a><\/p>\n","protected":false},"author":1,"featured_media":81166,"comment_status":"closed","ping_status":"open","sticky":false,"template":"","format":"standard","meta":{"_monsterinsights_skip_tracking":false,"_monsterinsights_sitenote_active":false,"_monsterinsights_sitenote_note":"","_monsterinsights_sitenote_category":0,"jetpack_post_was_ever_published":false,"_jetpack_newsletter_access":"","_jetpack_dont_email_post_to_subs":false,"_jetpack_newsletter_tier_id":0,"_jetpack_memberships_contains_paywalled_content":false,"_jetpack_memberships_contains_paid_content":false,"footnotes":"","jetpack_publicize_message":"","jetpack_publicize_feature_enabled":true,"jetpack_social_post_already_shared":true,"jetpack_social_options":{"image_generator_settings":{"template":"highway","default_image_id":0,"font":"","enabled":false},"version":2},"_wpas_customize_per_network":false},"categories":[85],"tags":[875,10,96,10395],"class_list":["post-81164","post","type-post","status-publish","format-standard","has-post-thumbnail","hentry","category-policial","tag-gowland","tag-mercedes","tag-policial-2","tag-siniestro-vial","generate-columns","tablet-grid-50","mobile-grid-100","grid-parent","grid-50"],"jetpack_publicize_connections":[],"jetpack_featured_media_url":"https:\/\/www.hoymercedes.com.ar\/principal\/wp-content\/uploads\/2018\/09\/IMG-20180916-WA0003.jpg","wps_subtitle":"","jetpack_sharing_enabled":true,"_links":{"self":[{"href":"https:\/\/www.hoymercedes.com.ar\/principal\/wp-json\/wp\/v2\/posts\/81164","targetHints":{"allow":["GET"]}}],"collection":[{"href":"https:\/\/www.hoymercedes.com.ar\/principal\/wp-json\/wp\/v2\/posts"}],"about":[{"href":"https:\/\/www.hoymercedes.com.ar\/principal\/wp-json\/wp\/v2\/types\/post"}],"author":[{"embeddable":true,"href":"https:\/\/www.hoymercedes.com.ar\/principal\/wp-json\/wp\/v2\/users\/1"}],"replies":[{"embeddable":true,"href":"https:\/\/www.hoymercedes.com.ar\/principal\/wp-json\/wp\/v2\/comments?post=81164"}],"version-history":[{"count":0,"href":"https:\/\/www.hoymercedes.com.ar\/principal\/wp-json\/wp\/v2\/posts\/81164\/revisions"}],"wp:featuredmedia":[{"embeddable":true,"href":"https:\/\/www.hoymercedes.com.ar\/principal\/wp-json\/wp\/v2\/media\/81166"}],"wp:attachment":[{"href":"https:\/\/www.hoymercedes.com.ar\/principal\/wp-json\/wp\/v2\/media?parent=81164"}],"wp:term":[{"taxonomy":"category","embeddable":true,"href":"https:\/\/www.hoymercedes.com.ar\/principal\/wp-json\/wp\/v2\/categories?post=81164"},{"taxonomy":"post_tag","embeddable":true,"href":"https:\/\/www.hoymercedes.com.ar\/principal\/wp-json\/wp\/v2\/tags?post=81164"}],"curies":[{"name":"wp","href":"https:\/\/api.w.org\/{rel}","templated":true}]}}