{"id":81173,"date":"2018-09-17T00:28:09","date_gmt":"2018-09-17T03:28:09","guid":{"rendered":"http:\/\/www.hoymercedes.com.ar\/principal\/?p=81173"},"modified":"2018-09-16T23:31:55","modified_gmt":"2018-09-17T02:31:55","slug":"carlos-selva-se-despidio-de-de-la-sota-en-cordoba","status":"publish","type":"post","link":"https:\/\/www.hoymercedes.com.ar\/principal\/2018\/09\/17\/carlos-selva-se-despidio-de-de-la-sota-en-cordoba\/","title":{"rendered":"Carlos Selva se despidi\u00f3 de De La Sota en C\u00f3rdoba"},"content":{"rendered":"<p><em><strong>El diputado nacional Carlos Selva despidi\u00f3 a Jos\u00e9 De La Sota en C\u00f3rdoba. Estuvo en el velorio de sus restos y dej\u00f3 un elocuente mensaje en las redes sociales que habla de la amistad que ten\u00edan.<\/strong><\/em><\/p>\n<p><img loading=\"lazy\" decoding=\"async\" data-attachment-id=\"81175\" data-permalink=\"https:\/\/www.hoymercedes.com.ar\/principal\/2018\/09\/17\/carlos-selva-se-despidio-de-de-la-sota-en-cordoba\/16-selva_delasota1\/#main\" data-orig-file=\"https:\/\/www.hoymercedes.com.ar\/principal\/wp-content\/uploads\/2018\/09\/16-selva_delasota1.jpg\" data-orig-size=\"1024,877\" data-comments-opened=\"0\" data-image-meta=\"{&quot;aperture&quot;:&quot;0&quot;,&quot;credit&quot;:&quot;&quot;,&quot;camera&quot;:&quot;&quot;,&quot;caption&quot;:&quot;&quot;,&quot;created_timestamp&quot;:&quot;0&quot;,&quot;copyright&quot;:&quot;&quot;,&quot;focal_length&quot;:&quot;0&quot;,&quot;iso&quot;:&quot;0&quot;,&quot;shutter_speed&quot;:&quot;0&quot;,&quot;title&quot;:&quot;&quot;,&quot;orientation&quot;:&quot;0&quot;}\" data-image-title=\"16 selva_delasota1\" data-image-description=\"\" data-image-caption=\"\" data-large-file=\"https:\/\/www.hoymercedes.com.ar\/principal\/wp-content\/uploads\/2018\/09\/16-selva_delasota1-1024x877.jpg\" class=\"aligncenter size-medium wp-image-81175\" src=\"https:\/\/www.hoymercedes.com.ar\/principal\/wp-content\/uploads\/2018\/09\/16-selva_delasota1-630x540.jpg\" alt=\"\" width=\"630\" height=\"540\" srcset=\"https:\/\/www.hoymercedes.com.ar\/principal\/wp-content\/uploads\/2018\/09\/16-selva_delasota1-630x540.jpg 630w, https:\/\/www.hoymercedes.com.ar\/principal\/wp-content\/uploads\/2018\/09\/16-selva_delasota1-150x128.jpg 150w, https:\/\/www.hoymercedes.com.ar\/principal\/wp-content\/uploads\/2018\/09\/16-selva_delasota1.jpg 1024w\" sizes=\"auto, (max-width: 630px) 100vw, 630px\" \/><\/p>\n<p>\u201cSe nos fue un compa\u00f1ero, un pol\u00edtico ejemplar y un amigo. Se te va a extra\u00f1ar Gallego De La Sota. Un fuerte abrazo compa\u00f1era Nazario y fuerzas para toda la familia. Nos queda un vac\u00edo enorme. Te voy a recordar siempre as\u00ed\u201d, dijo Selva y public\u00f3 una foto en la que est\u00e1 juntos, riendo a carcajadas.<\/p>\n<p>Jos\u00e9 Manuel de la Sota (C\u00f3rdoba, 28 de noviembre de 1949-Altos Fierro, 15 de septiembre de 2018) fue un abogado, profesor y pol\u00edtico argentino perteneciente al Partido Justicialista y luego al Frente Renovador. Fue uno de los promotores del movimiento autodenominado \u00abrenovaci\u00f3n peronista\u00bb en la d\u00e9cada de 1980. Fue diputado nacional por C\u00f3rdoba, embajador en Brasil, senador nacional y tres veces gobernador de C\u00f3rdoba.<\/p>\n<p><img loading=\"lazy\" decoding=\"async\" data-attachment-id=\"81174\" data-permalink=\"https:\/\/www.hoymercedes.com.ar\/principal\/2018\/09\/17\/carlos-selva-se-despidio-de-de-la-sota-en-cordoba\/16-selva_delasota\/#main\" data-orig-file=\"https:\/\/www.hoymercedes.com.ar\/principal\/wp-content\/uploads\/2018\/09\/16-selva_delasota.jpg\" data-orig-size=\"650,338\" data-comments-opened=\"0\" data-image-meta=\"{&quot;aperture&quot;:&quot;0&quot;,&quot;credit&quot;:&quot;&quot;,&quot;camera&quot;:&quot;&quot;,&quot;caption&quot;:&quot;&quot;,&quot;created_timestamp&quot;:&quot;0&quot;,&quot;copyright&quot;:&quot;&quot;,&quot;focal_length&quot;:&quot;0&quot;,&quot;iso&quot;:&quot;0&quot;,&quot;shutter_speed&quot;:&quot;0&quot;,&quot;title&quot;:&quot;&quot;,&quot;orientation&quot;:&quot;0&quot;}\" data-image-title=\"16 selva_delasota\" data-image-description=\"\" data-image-caption=\"\" data-large-file=\"https:\/\/www.hoymercedes.com.ar\/principal\/wp-content\/uploads\/2018\/09\/16-selva_delasota.jpg\" class=\"aligncenter size-medium wp-image-81174\" src=\"https:\/\/www.hoymercedes.com.ar\/principal\/wp-content\/uploads\/2018\/09\/16-selva_delasota-630x328.jpg\" alt=\"\" width=\"630\" height=\"328\" srcset=\"https:\/\/www.hoymercedes.com.ar\/principal\/wp-content\/uploads\/2018\/09\/16-selva_delasota-630x328.jpg 630w, https:\/\/www.hoymercedes.com.ar\/principal\/wp-content\/uploads\/2018\/09\/16-selva_delasota-150x78.jpg 150w, https:\/\/www.hoymercedes.com.ar\/principal\/wp-content\/uploads\/2018\/09\/16-selva_delasota.jpg 650w\" sizes=\"auto, (max-width: 630px) 100vw, 630px\" \/><\/p>\n<p>Falleci\u00f3 en un accidente automovil\u00edstico sobre la Ruta Nacional 36, despu\u00e9s de que la camioneta en la que se trasladaba chocara contra un cami\u00f3n.<\/p>\n<p>Aproximadamente a las 20 horas del 15 de septiembre de 2018, De la Sota circulaba con su camioneta, una Volvo XC60, en una recta de la autov\u00eda C\u00f3rdoba-R\u00edo Cuarto, cuando impact\u00f3 en la parte trasera de un cami\u00f3n, tres kil\u00f3metros antes de la altura del cruce de Altos Fierro, kil\u00f3metro 781. El choque fue muy violento y la parte frontal de la camioneta qued\u00f3 destruida. La Polic\u00eda provincial confirm\u00f3 que De la Sota falleci\u00f3 en el acto.<\/p>\n","protected":false},"excerpt":{"rendered":"<p>El diputado nacional Carlos Selva despidi\u00f3 a Jos\u00e9 De La Sota en C\u00f3rdoba. Estuvo en el velorio de sus restos &#8230; <a title=\"Carlos Selva se despidi\u00f3 de De La Sota en C\u00f3rdoba\" class=\"read-more\" href=\"https:\/\/www.hoymercedes.com.ar\/principal\/2018\/09\/17\/carlos-selva-se-despidio-de-de-la-sota-en-cordoba\/\" aria-label=\"Leer m\u00e1s sobre Carlos Selva se despidi\u00f3 de De La Sota en C\u00f3rdoba\">Leer m\u00e1s<\/a><\/p>\n","protected":false},"author":1,"featured_media":81174,"comment_status":"closed","ping_status":"open","sticky":false,"template":"","format":"standard","meta":{"_monsterinsights_skip_tracking":false,"_monsterinsights_sitenote_active":false,"_monsterinsights_sitenote_note":"","_monsterinsights_sitenote_category":0,"jetpack_post_was_ever_published":false,"_jetpack_newsletter_access":"","_jetpack_dont_email_post_to_subs":false,"_jetpack_newsletter_tier_id":0,"_jetpack_memberships_contains_paywalled_content":false,"_jetpack_memberships_contains_paid_content":false,"footnotes":"","jetpack_publicize_message":"","jetpack_publicize_feature_enabled":true,"jetpack_social_post_already_shared":true,"jetpack_social_options":{"image_generator_settings":{"template":"highway","default_image_id":0,"font":"","enabled":false},"version":2},"_wpas_customize_per_network":false},"categories":[5210],"tags":[39,6501,3537,10113],"class_list":["post-81173","post","type-post","status-publish","format-standard","has-post-thumbnail","hentry","category-politica-nacional","tag-carlos-selva","tag-de-la-sota","tag-frente-renovador","tag-politica-nacional","generate-columns","tablet-grid-50","mobile-grid-100","grid-parent","grid-50"],"jetpack_publicize_connections":[],"jetpack_featured_media_url":"https:\/\/www.hoymercedes.com.ar\/principal\/wp-content\/uploads\/2018\/09\/16-selva_delasota.jpg","wps_subtitle":"","jetpack_sharing_enabled":true,"_links":{"self":[{"href":"https:\/\/www.hoymercedes.com.ar\/principal\/wp-json\/wp\/v2\/posts\/81173","targetHints":{"allow":["GET"]}}],"collection":[{"href":"https:\/\/www.hoymercedes.com.ar\/principal\/wp-json\/wp\/v2\/posts"}],"about":[{"href":"https:\/\/www.hoymercedes.com.ar\/principal\/wp-json\/wp\/v2\/types\/post"}],"author":[{"embeddable":true,"href":"https:\/\/www.hoymercedes.com.ar\/principal\/wp-json\/wp\/v2\/users\/1"}],"replies":[{"embeddable":true,"href":"https:\/\/www.hoymercedes.com.ar\/principal\/wp-json\/wp\/v2\/comments?post=81173"}],"version-history":[{"count":0,"href":"https:\/\/www.hoymercedes.com.ar\/principal\/wp-json\/wp\/v2\/posts\/81173\/revisions"}],"wp:featuredmedia":[{"embeddable":true,"href":"https:\/\/www.hoymercedes.com.ar\/principal\/wp-json\/wp\/v2\/media\/81174"}],"wp:attachment":[{"href":"https:\/\/www.hoymercedes.com.ar\/principal\/wp-json\/wp\/v2\/media?parent=81173"}],"wp:term":[{"taxonomy":"category","embeddable":true,"href":"https:\/\/www.hoymercedes.com.ar\/principal\/wp-json\/wp\/v2\/categories?post=81173"},{"taxonomy":"post_tag","embeddable":true,"href":"https:\/\/www.hoymercedes.com.ar\/principal\/wp-json\/wp\/v2\/tags?post=81173"}],"curies":[{"name":"wp","href":"https:\/\/api.w.org\/{rel}","templated":true}]}}