{"id":81177,"date":"2018-09-17T06:28:01","date_gmt":"2018-09-17T09:28:01","guid":{"rendered":"http:\/\/www.hoymercedes.com.ar\/principal\/?p=81177"},"modified":"2018-09-17T06:28:01","modified_gmt":"2018-09-17T09:28:01","slug":"amefip-barrio-san-martin-y-atletico-marcos-paz-jugaran-la-final-de-reserva","status":"publish","type":"post","link":"https:\/\/www.hoymercedes.com.ar\/principal\/2018\/09\/17\/amefip-barrio-san-martin-y-atletico-marcos-paz-jugaran-la-final-de-reserva\/","title":{"rendered":"AMEFIP Barrio San Mart\u00edn y Atl\u00e9tico Marcos Paz jugar\u00e1n la final de Reserva"},"content":{"rendered":"<p>Se jugaron entre s\u00e1bado y domingo los dos partidos de semifinales del torneo de Reserva de la Liga Mercedina, donde los dos que llegaron a la instancia m\u00e1xima lo hicieron a trav\u00e9s de la ventaja deportiva, ya que los dos encuentros terminaron empatados.<\/p>\n<p>El s\u00e1bado, en Mercedes, Pabell\u00f3n ganaba el encuentro ante AMEFIP Barrio San Mart\u00edn con gol de Bautista Olguiati, pero sobre el final, Juli\u00e1n Cano empat\u00f3 el partido y le dio la clasificaci\u00f3n a la final al equipo de Pedro Lucero. En el otro encuentro, jugado el domingo, Atl\u00e9tico Marcos Paz y Quilmes terminaron cero a cero, y la ventaja deportiva favoreci\u00f3 a los locales, por lo que el Cervecero se qued\u00f3 en la puerta.<\/p>\n<p>Este jueves 20 a las 19 ser\u00e1 la final de Reserva, la protagonizar\u00e1n AMEFIP San Mart\u00edn que pas\u00f3 las dos instancias por ventaja deportiva\u00a0 ante Atl\u00e9tico Marcos Paz. Ser\u00e1 \u00fanico partido sin ventaja deportiva, de empatar habr\u00e1 penales. La Reserva tendr\u00e1 campe\u00f3n y trofeo para el equipo que se consagre.<\/p>\n<div class=\"td-a-rec td-a-rec-id-content_inline  td_uid_3_5b9f6f8078290_rand td_block_template_1\">\n<div class=\"td-all-devices\"><strong>S\u00edntesis<\/strong><\/div>\n<div><strong>AMEFIP Barrio San Mart\u00edn 1:<\/strong> Mat\u00edas Ag\u00fcero, Mart\u00edn Ag\u00fcero, Juli\u00e1n Galardo, Agust\u00edn Torres, Franco Ju\u00e1rez, Juli\u00e1n Ag\u00fcero, Enzo Cobuccio, Mariano Mart\u00edn, Agust\u00edn Ram\u00edrez, Germ\u00e1n Lucero, Walter Paj\u00f3n. <strong>DT:<\/strong> Pedro Lucero. <strong>Relevos:<\/strong> Iv\u00e1n Magiollo, Mat\u00edas L\u00f3pez, Braian Garc\u00eda, Nahuel Torres, Juli\u00e1n Cano, Mauro Sigona.<\/div>\n<\/div>\n<div><\/div>\n<div><strong>Pabell\u00f3n de Marcos Paz 1:<\/strong> C\u00e9sar Jurado, Tom\u00e1s Schiaffi, Franco Del Piero, Mat\u00edas Rinaldini, Gonzalo Castelano, Santiago Hourquebie, Ramiro Bacigalupo, Mariano Iriondo, Pablo Tielve, Leandro Pascual, Franco Monz\u00f3n. <strong>DT:<\/strong> Juan Achucarro. <strong>Relevos:<\/strong> V\u00edctor Brasca, Tom\u00e1s Salpurido, Mateo Hourquebie, Gonzalo Hourquebie, Pedro Gagliardi, Bautista Olguiati, Luciano Gallardo.<\/div>\n<div><\/div>\n<div><strong>Goles:<\/strong> Juli\u00e1n Cano para AMEFIP. Bautista Olguiati para Pabell\u00f3n.<\/div>\n<div><strong>Arbitro:<\/strong>\u00a0Santiago Cuenca (SADRA).<br \/>\n<strong>Expulsado:<\/strong>\u00a0Nahuel Torres en AMFIP San Mart\u00edn.<\/div>\n<div><\/div>\n<div><strong>Atl\u00e9tico Marcos Paz<\/strong> 0<\/div>\n<div><strong>Quilmes<\/strong> 0<\/div>\n<div><strong>Arbitro:<\/strong>\u00a0Emanuel S\u00e1nchez (SADRA).<br \/>\n<strong>Expulsado:<\/strong>\u00a0Carlos Mart\u00ednez en Atl\u00e9tico Marcos Paz.<\/div>\n<div><\/div>\n<div><img loading=\"lazy\" decoding=\"async\" data-attachment-id=\"81178\" data-permalink=\"https:\/\/www.hoymercedes.com.ar\/principal\/2018\/09\/17\/amefip-barrio-san-martin-y-atletico-marcos-paz-jugaran-la-final-de-reserva\/ligui-reser-ape-18-2\/#main\" data-orig-file=\"https:\/\/www.hoymercedes.com.ar\/principal\/wp-content\/uploads\/2018\/09\/LIGUI-RESER-APE-18-1.png\" data-orig-size=\"675,389\" data-comments-opened=\"0\" data-image-meta=\"{&quot;aperture&quot;:&quot;0&quot;,&quot;credit&quot;:&quot;&quot;,&quot;camera&quot;:&quot;&quot;,&quot;caption&quot;:&quot;&quot;,&quot;created_timestamp&quot;:&quot;0&quot;,&quot;copyright&quot;:&quot;&quot;,&quot;focal_length&quot;:&quot;0&quot;,&quot;iso&quot;:&quot;0&quot;,&quot;shutter_speed&quot;:&quot;0&quot;,&quot;title&quot;:&quot;&quot;,&quot;orientation&quot;:&quot;0&quot;}\" data-image-title=\"LIGUI RESER APE 18\" data-image-description=\"\" data-image-caption=\"\" data-large-file=\"https:\/\/www.hoymercedes.com.ar\/principal\/wp-content\/uploads\/2018\/09\/LIGUI-RESER-APE-18-1.png\" class=\"aligncenter size-medium wp-image-81178\" src=\"https:\/\/www.hoymercedes.com.ar\/principal\/wp-content\/uploads\/2018\/09\/LIGUI-RESER-APE-18-1-630x363.png\" alt=\"\" width=\"630\" height=\"363\" srcset=\"https:\/\/www.hoymercedes.com.ar\/principal\/wp-content\/uploads\/2018\/09\/LIGUI-RESER-APE-18-1-630x363.png 630w, https:\/\/www.hoymercedes.com.ar\/principal\/wp-content\/uploads\/2018\/09\/LIGUI-RESER-APE-18-1-150x86.png 150w, https:\/\/www.hoymercedes.com.ar\/principal\/wp-content\/uploads\/2018\/09\/LIGUI-RESER-APE-18-1.png 675w\" sizes=\"auto, (max-width: 630px) 100vw, 630px\" \/><\/div>\n","protected":false},"excerpt":{"rendered":"<p>Se jugaron entre s\u00e1bado y domingo los dos partidos de semifinales del torneo de Reserva de la Liga Mercedina, donde &#8230; <a title=\"AMEFIP Barrio San Mart\u00edn y Atl\u00e9tico Marcos Paz jugar\u00e1n la final de Reserva\" class=\"read-more\" href=\"https:\/\/www.hoymercedes.com.ar\/principal\/2018\/09\/17\/amefip-barrio-san-martin-y-atletico-marcos-paz-jugaran-la-final-de-reserva\/\" aria-label=\"Leer m\u00e1s sobre AMEFIP Barrio San Mart\u00edn y Atl\u00e9tico Marcos Paz jugar\u00e1n la final de Reserva\">Leer m\u00e1s<\/a><\/p>\n","protected":false},"author":1,"featured_media":81178,"comment_status":"closed","ping_status":"open","sticky":false,"template":"","format":"standard","meta":{"_monsterinsights_skip_tracking":false,"_monsterinsights_sitenote_active":false,"_monsterinsights_sitenote_note":"","_monsterinsights_sitenote_category":0,"jetpack_post_was_ever_published":false,"_jetpack_newsletter_access":"","_jetpack_dont_email_post_to_subs":false,"_jetpack_newsletter_tier_id":0,"_jetpack_memberships_contains_paywalled_content":false,"_jetpack_memberships_contains_paid_content":false,"footnotes":"","jetpack_publicize_message":"","jetpack_publicize_feature_enabled":true,"jetpack_social_post_already_shared":true,"jetpack_social_options":{"image_generator_settings":{"template":"highway","default_image_id":0,"font":"","enabled":false},"version":2},"_wpas_customize_per_network":false},"categories":[21],"tags":[],"class_list":["post-81177","post","type-post","status-publish","format-standard","has-post-thumbnail","hentry","category-deportes","generate-columns","tablet-grid-50","mobile-grid-100","grid-parent","grid-50"],"jetpack_publicize_connections":[],"jetpack_featured_media_url":"https:\/\/www.hoymercedes.com.ar\/principal\/wp-content\/uploads\/2018\/09\/LIGUI-RESER-APE-18-1.png","wps_subtitle":"Liga Mercedina","jetpack_sharing_enabled":true,"_links":{"self":[{"href":"https:\/\/www.hoymercedes.com.ar\/principal\/wp-json\/wp\/v2\/posts\/81177","targetHints":{"allow":["GET"]}}],"collection":[{"href":"https:\/\/www.hoymercedes.com.ar\/principal\/wp-json\/wp\/v2\/posts"}],"about":[{"href":"https:\/\/www.hoymercedes.com.ar\/principal\/wp-json\/wp\/v2\/types\/post"}],"author":[{"embeddable":true,"href":"https:\/\/www.hoymercedes.com.ar\/principal\/wp-json\/wp\/v2\/users\/1"}],"replies":[{"embeddable":true,"href":"https:\/\/www.hoymercedes.com.ar\/principal\/wp-json\/wp\/v2\/comments?post=81177"}],"version-history":[{"count":0,"href":"https:\/\/www.hoymercedes.com.ar\/principal\/wp-json\/wp\/v2\/posts\/81177\/revisions"}],"wp:featuredmedia":[{"embeddable":true,"href":"https:\/\/www.hoymercedes.com.ar\/principal\/wp-json\/wp\/v2\/media\/81178"}],"wp:attachment":[{"href":"https:\/\/www.hoymercedes.com.ar\/principal\/wp-json\/wp\/v2\/media?parent=81177"}],"wp:term":[{"taxonomy":"category","embeddable":true,"href":"https:\/\/www.hoymercedes.com.ar\/principal\/wp-json\/wp\/v2\/categories?post=81177"},{"taxonomy":"post_tag","embeddable":true,"href":"https:\/\/www.hoymercedes.com.ar\/principal\/wp-json\/wp\/v2\/tags?post=81177"}],"curies":[{"name":"wp","href":"https:\/\/api.w.org\/{rel}","templated":true}]}}