{"id":81226,"date":"2018-09-17T15:29:21","date_gmt":"2018-09-17T18:29:21","guid":{"rendered":"http:\/\/www.hoymercedes.com.ar\/principal\/?p=81226"},"modified":"2018-09-17T15:29:21","modified_gmt":"2018-09-17T18:29:21","slug":"escuela-de-arte-organiza-concurso-de-manchas","status":"publish","type":"post","link":"https:\/\/www.hoymercedes.com.ar\/principal\/2018\/09\/17\/escuela-de-arte-organiza-concurso-de-manchas\/","title":{"rendered":"Escuela de Arte organiza Concurso de Manchas"},"content":{"rendered":"<p>Este martes 18 de septiembre, cierra la inscripci\u00f3n para participar del 1\u00b0 Concurso de Manchas de la Escuela de Artes de Mercedes N\u00b0 2 Santiago \u201cFifo\u201d Roggero. Entre las 9 y las 21 horas se pueden anotar los interesados en participar.<\/p>\n<p><img loading=\"lazy\" decoding=\"async\" data-attachment-id=\"81227\" data-permalink=\"https:\/\/www.hoymercedes.com.ar\/principal\/2018\/09\/17\/escuela-de-arte-organiza-concurso-de-manchas\/17-eam-manchas\/#main\" data-orig-file=\"https:\/\/www.hoymercedes.com.ar\/principal\/wp-content\/uploads\/2018\/09\/17-eam-manchas.jpg\" data-orig-size=\"750,500\" data-comments-opened=\"0\" data-image-meta=\"{&quot;aperture&quot;:&quot;0&quot;,&quot;credit&quot;:&quot;&quot;,&quot;camera&quot;:&quot;&quot;,&quot;caption&quot;:&quot;&quot;,&quot;created_timestamp&quot;:&quot;0&quot;,&quot;copyright&quot;:&quot;&quot;,&quot;focal_length&quot;:&quot;0&quot;,&quot;iso&quot;:&quot;0&quot;,&quot;shutter_speed&quot;:&quot;0&quot;,&quot;title&quot;:&quot;&quot;,&quot;orientation&quot;:&quot;0&quot;}\" data-image-title=\"17 eam manchas\" data-image-description=\"\" data-image-caption=\"\" data-large-file=\"https:\/\/www.hoymercedes.com.ar\/principal\/wp-content\/uploads\/2018\/09\/17-eam-manchas.jpg\" class=\"aligncenter size-medium wp-image-81227\" src=\"https:\/\/www.hoymercedes.com.ar\/principal\/wp-content\/uploads\/2018\/09\/17-eam-manchas-630x420.jpg\" alt=\"\" width=\"630\" height=\"420\" srcset=\"https:\/\/www.hoymercedes.com.ar\/principal\/wp-content\/uploads\/2018\/09\/17-eam-manchas-630x420.jpg 630w, https:\/\/www.hoymercedes.com.ar\/principal\/wp-content\/uploads\/2018\/09\/17-eam-manchas-150x100.jpg 150w, https:\/\/www.hoymercedes.com.ar\/principal\/wp-content\/uploads\/2018\/09\/17-eam-manchas.jpg 750w\" sizes=\"auto, (max-width: 630px) 100vw, 630px\" \/><\/p>\n<p>La Escuela de Arte Mercedes N\u00b02, invita a todo el alumnado, artistas pl\u00e1sticos de la ciudad y alrededores y p\u00fablico en general, a participar del Concurso de Manchas que se llevar\u00e1 a cabo el d\u00eda 20 de septiembre entre las 10 y 18 horas.<\/p>\n<p>La inscripci\u00f3n comenz\u00f3 la semana pasada y termina este martes 18.\u00a0Los participantes se podr\u00e1n inscribir para realizar una sola obra. El valor de la inscripci\u00f3n es de $100 incluyendo el soporte con el que realizar\u00e1n su obra. Los participantes se inscribir\u00e1n en una de las categor\u00edas: Categor\u00eda A &#8211; hasta 17 a\u00f1os, y Categor\u00eda B &#8211; 18 a\u00f1os en adelante, sin l\u00edmite de edad.<\/p>\n<p>De acuerdo al reglamento, el d\u00eda del concurso, 20 de septiembre, a partir de la hora 10, se podr\u00e1n retirar de las instalaciones de la Escuela de Arte, el soporte firmado y sellado para la realizaci\u00f3n de la obra. Los participantes tendr\u00e1n tiempo hasta las 18 hs del mismo d\u00eda, para trabajar en su proyecto, horario en el que todas las obras deber\u00e1n estar entregadas listas para su evaluaci\u00f3n.<\/p>\n<p>La tem\u00e1tica del concurso es \u201cLa Primavera\u201d con las posibilidad de utilizar\u00b4cual quier t\u00e9cnica para la realizaci\u00f3n de la obra.\u00a0Las obras no deber\u00e1n ser firmadas por los participantes. Al momento de inscribirse, los participantes recibir\u00e1n un numero con el que se identificar\u00e1n las inscripciones, los soportes y posteriormente cada obra.<\/p>\n<p>Ese mismo jueves, el jurado elegir\u00e1 la mejor obra entre las 18 y las 19 horas para determinar\u00a0los ganadores del concurso. Que ese mismo d\u00eda recibir\u00e1n los premios de cada categor\u00eda, menciones especiales y certificados a todos los participantes a cargo de los auspiciantes del Concurso.<\/p>\n","protected":false},"excerpt":{"rendered":"<p>Este martes 18 de septiembre, cierra la inscripci\u00f3n para participar del 1\u00b0 Concurso de Manchas de la Escuela de Artes &#8230; <a title=\"Escuela de Arte organiza Concurso de Manchas\" class=\"read-more\" href=\"https:\/\/www.hoymercedes.com.ar\/principal\/2018\/09\/17\/escuela-de-arte-organiza-concurso-de-manchas\/\" aria-label=\"Leer m\u00e1s sobre Escuela de Arte organiza Concurso de Manchas\">Leer m\u00e1s<\/a><\/p>\n","protected":false},"author":1,"featured_media":81227,"comment_status":"closed","ping_status":"open","sticky":false,"template":"","format":"standard","meta":{"_monsterinsights_skip_tracking":false,"_monsterinsights_sitenote_active":false,"_monsterinsights_sitenote_note":"","_monsterinsights_sitenote_category":0,"jetpack_post_was_ever_published":false,"_jetpack_newsletter_access":"","_jetpack_dont_email_post_to_subs":false,"_jetpack_newsletter_tier_id":0,"_jetpack_memberships_contains_paywalled_content":false,"_jetpack_memberships_contains_paid_content":false,"footnotes":"","jetpack_publicize_message":"","jetpack_publicize_feature_enabled":true,"jetpack_social_post_already_shared":true,"jetpack_social_options":{"image_generator_settings":{"template":"highway","default_image_id":0,"font":"","enabled":false},"version":2},"_wpas_customize_per_network":false},"categories":[104],"tags":[8890,13737,7805,10216,10,9056],"class_list":["post-81226","post","type-post","status-publish","format-standard","has-post-thumbnail","hentry","category-cultura","tag-artes-plasticas","tag-concurso-de-manchas","tag-cultura","tag-escuela-de-arte","tag-mercedes","tag-pintura","generate-columns","tablet-grid-50","mobile-grid-100","grid-parent","grid-50"],"jetpack_publicize_connections":[],"jetpack_featured_media_url":"https:\/\/www.hoymercedes.com.ar\/principal\/wp-content\/uploads\/2018\/09\/17-eam-manchas.jpg","wps_subtitle":"La inscripci\u00f3n cierra el martes 18","jetpack_sharing_enabled":true,"_links":{"self":[{"href":"https:\/\/www.hoymercedes.com.ar\/principal\/wp-json\/wp\/v2\/posts\/81226","targetHints":{"allow":["GET"]}}],"collection":[{"href":"https:\/\/www.hoymercedes.com.ar\/principal\/wp-json\/wp\/v2\/posts"}],"about":[{"href":"https:\/\/www.hoymercedes.com.ar\/principal\/wp-json\/wp\/v2\/types\/post"}],"author":[{"embeddable":true,"href":"https:\/\/www.hoymercedes.com.ar\/principal\/wp-json\/wp\/v2\/users\/1"}],"replies":[{"embeddable":true,"href":"https:\/\/www.hoymercedes.com.ar\/principal\/wp-json\/wp\/v2\/comments?post=81226"}],"version-history":[{"count":0,"href":"https:\/\/www.hoymercedes.com.ar\/principal\/wp-json\/wp\/v2\/posts\/81226\/revisions"}],"wp:featuredmedia":[{"embeddable":true,"href":"https:\/\/www.hoymercedes.com.ar\/principal\/wp-json\/wp\/v2\/media\/81227"}],"wp:attachment":[{"href":"https:\/\/www.hoymercedes.com.ar\/principal\/wp-json\/wp\/v2\/media?parent=81226"}],"wp:term":[{"taxonomy":"category","embeddable":true,"href":"https:\/\/www.hoymercedes.com.ar\/principal\/wp-json\/wp\/v2\/categories?post=81226"},{"taxonomy":"post_tag","embeddable":true,"href":"https:\/\/www.hoymercedes.com.ar\/principal\/wp-json\/wp\/v2\/tags?post=81226"}],"curies":[{"name":"wp","href":"https:\/\/api.w.org\/{rel}","templated":true}]}}