{"id":81238,"date":"2018-09-17T18:25:52","date_gmt":"2018-09-17T21:25:52","guid":{"rendered":"http:\/\/www.hoymercedes.com.ar\/principal\/?p=81238"},"modified":"2018-09-17T18:25:52","modified_gmt":"2018-09-17T21:25:52","slug":"terminaron-las-obras-de-banos-en-la-tecnica-n-1","status":"publish","type":"post","link":"https:\/\/www.hoymercedes.com.ar\/principal\/2018\/09\/17\/terminaron-las-obras-de-banos-en-la-tecnica-n-1\/","title":{"rendered":"Terminaron las obras de ba\u00f1os en la T\u00e9cnica N\u00b0 1"},"content":{"rendered":"<p><em><strong>D\u00edas atr\u00e1s se entreg\u00f3 el trabajo terminado en los ba\u00f1os de mujeres y de varones. Por otra parte, la presidenta del Consejo Escolar, asegur\u00f3 que los arreglos en las Escuela Normal podr\u00edan iniciarse en las pr\u00f3ximas semanas, as\u00ed como el arreglo de la instalaci\u00f3n de gas de la Escuela 503.<\/strong><\/em><\/p>\n<p><!--more--><\/p>\n<p><img loading=\"lazy\" decoding=\"async\" data-attachment-id=\"81232\" data-permalink=\"https:\/\/www.hoymercedes.com.ar\/principal\/2018\/09\/17\/sociedad-italiana-de-mercedes-participo-de-reunion-de-la-faia\/13-eet-4\/#main\" data-orig-file=\"https:\/\/www.hoymercedes.com.ar\/principal\/wp-content\/uploads\/2018\/09\/13-eet-4.jpg\" data-orig-size=\"778,518\" data-comments-opened=\"0\" data-image-meta=\"{&quot;aperture&quot;:&quot;0&quot;,&quot;credit&quot;:&quot;&quot;,&quot;camera&quot;:&quot;&quot;,&quot;caption&quot;:&quot;&quot;,&quot;created_timestamp&quot;:&quot;0&quot;,&quot;copyright&quot;:&quot;&quot;,&quot;focal_length&quot;:&quot;0&quot;,&quot;iso&quot;:&quot;0&quot;,&quot;shutter_speed&quot;:&quot;0&quot;,&quot;title&quot;:&quot;&quot;,&quot;orientation&quot;:&quot;0&quot;}\" data-image-title=\"13 eet 4\" data-image-description=\"\" data-image-caption=\"\" data-large-file=\"https:\/\/www.hoymercedes.com.ar\/principal\/wp-content\/uploads\/2018\/09\/13-eet-4.jpg\" class=\"aligncenter size-medium wp-image-81232\" src=\"https:\/\/www.hoymercedes.com.ar\/principal\/wp-content\/uploads\/2018\/09\/13-eet-4-630x419.jpg\" alt=\"\" width=\"630\" height=\"419\" srcset=\"https:\/\/www.hoymercedes.com.ar\/principal\/wp-content\/uploads\/2018\/09\/13-eet-4-630x419.jpg 630w, https:\/\/www.hoymercedes.com.ar\/principal\/wp-content\/uploads\/2018\/09\/13-eet-4-150x100.jpg 150w, https:\/\/www.hoymercedes.com.ar\/principal\/wp-content\/uploads\/2018\/09\/13-eet-4.jpg 778w\" sizes=\"auto, (max-width: 630px) 100vw, 630px\" \/><\/p>\n<p>\u201cEn la T\u00e9cnica N\u00b0 1, se termin\u00f3 una obra con montos provinciales que puso en valor el ba\u00f1o de las mujeres, y sac\u00f3 las letrinas de los ba\u00f1os de los varones para hacerlo nuevo. Adem\u00e1s se mejor\u00f3 el sistema de provisi\u00f3n de agua de la escuela con un cambio de cisterna con una impermeabilizaci\u00f3n del tanque de agua. Una obra de casi dos millones de pesos que se termin\u00f3 hace diez d\u00edas. Tambi\u00e9n terminamos la obra de la Escuela 28, el cambio de letrinas por inodoros en los ba\u00f1os.\u201d, expres\u00f3 Ana Darritchon, la presidenta del Consejo Escolar.<\/p>\n<p>\u201cSe firm\u00f3 el contrato de la obra de la Escuela Normal hace unos quince d\u00edas. Estimamos que en los pr\u00f3ximos d\u00edas comenzar\u00e1 la obra sobre la Avenida 29. Tenemos que reubicar el Jard\u00edn de Infantes que se traslada a la Iglesia Mormona de calle 38. Se arrancar\u00eda a trabajar desde el primer piso para bajo y no se podr\u00e1 utilizar los salones que dan a la 29: direcci\u00f3n, preceptor\u00eda y se reubican los salones en gimnasio, biblioteca y sal\u00f3n de actos. Estamos esperando que la empresa nos confirme el d\u00eda de inicio de obra\u201d, agreg\u00f3 la presidenta del Consejo Escolar.<\/p>\n<p>Por \u00faltimo, la presidenta del Consejo Escolar asegur\u00f3 que lleg\u00f3 el monto solicitado para la emergencia de gas para iniciar con las obras de refacci\u00f3n de las escuelas con problem\u00e1ticas de este tipo. La primera en realizarse ser\u00e1 la obra de gas en la Escuela de Educaci\u00f3n Especial N\u00b0 503. Luego se har\u00e1n los arreglos en la Escuela Agraria, en la Primaria N\u00b0 36, el Jard\u00edn 908, el Jard\u00edn 913, el Jard\u00edn 919, la Escuela T\u00e9cnica N\u00b0 2, la Escuela Normal, y el CIIE. \u201cAlgunas de las obras de arreglos en la instalaci\u00f3n de gas estaban proyectadas. El hecho sucedido en Moreno nos permiti\u00f3 acelerar el proceso y que nos env\u00eden antes los fondos de la provincia\u201d, expres\u00f3 Darritchon.<\/p>\n<p>Por otra parte, cont\u00f3 en la Primaria N\u00b0 11 se instalar\u00e1n dos aulas modulares para que la Secundaria N\u00b0 13 \u2013 recientemente mudada \u2013 tengan mayor comodidad en el dictado de sus clases. En cuanto a los Comedores Escolares (SAE), el servicio se vio beneficiado con el incremento del servicio anunciado por la gobernadora la semana pasada, puesto que el Consejo Escolar ten\u00eda proyectado modificar el men\u00fa para los d\u00edas primaverales y de verano y el aumento le permitir\u00e1 renegociar los montos con los proveedores.<\/p>\n<figure id=\"attachment_81233\" aria-describedby=\"caption-attachment-81233\" style=\"width: 620px\" class=\"wp-caption aligncenter\"><img loading=\"lazy\" decoding=\"async\" data-attachment-id=\"81233\" data-permalink=\"https:\/\/www.hoymercedes.com.ar\/principal\/2018\/09\/17\/sociedad-italiana-de-mercedes-participo-de-reunion-de-la-faia\/13-eet-5\/#main\" data-orig-file=\"https:\/\/www.hoymercedes.com.ar\/principal\/wp-content\/uploads\/2018\/09\/13-eet-5.jpg\" data-orig-size=\"750,563\" data-comments-opened=\"0\" data-image-meta=\"{&quot;aperture&quot;:&quot;0&quot;,&quot;credit&quot;:&quot;&quot;,&quot;camera&quot;:&quot;&quot;,&quot;caption&quot;:&quot;&quot;,&quot;created_timestamp&quot;:&quot;0&quot;,&quot;copyright&quot;:&quot;&quot;,&quot;focal_length&quot;:&quot;0&quot;,&quot;iso&quot;:&quot;0&quot;,&quot;shutter_speed&quot;:&quot;0&quot;,&quot;title&quot;:&quot;&quot;,&quot;orientation&quot;:&quot;0&quot;}\" data-image-title=\"13 eet 5\" data-image-description=\"\" data-image-caption=\"&lt;p&gt;En esta imagen se observa c\u00f3mo estaban los ba\u00f1os de Industrial antes del arreglo. &lt;\/p&gt;\n\" data-large-file=\"https:\/\/www.hoymercedes.com.ar\/principal\/wp-content\/uploads\/2018\/09\/13-eet-5.jpg\" class=\"size-medium wp-image-81233\" src=\"https:\/\/www.hoymercedes.com.ar\/principal\/wp-content\/uploads\/2018\/09\/13-eet-5-630x473.jpg\" alt=\"\" width=\"630\" height=\"473\" srcset=\"https:\/\/www.hoymercedes.com.ar\/principal\/wp-content\/uploads\/2018\/09\/13-eet-5-630x473.jpg 630w, https:\/\/www.hoymercedes.com.ar\/principal\/wp-content\/uploads\/2018\/09\/13-eet-5-150x113.jpg 150w, https:\/\/www.hoymercedes.com.ar\/principal\/wp-content\/uploads\/2018\/09\/13-eet-5.jpg 750w\" sizes=\"auto, (max-width: 630px) 100vw, 630px\" \/><figcaption id=\"caption-attachment-81233\" class=\"wp-caption-text\">En esta imagen se observa c\u00f3mo estaban los ba\u00f1os de Industrial antes del arreglo.<\/figcaption><\/figure>\n<p><strong>Informe de inversi\u00f3n<\/strong><\/p>\n<p>Asimismo, la presidenta del Consejo Escolar cont\u00f3 que los directivos recibir\u00e1n por estos d\u00edas un informe con la inversi\u00f3n realizada en cada una de las escuelas, separados por rubro. Informe que d\u00edas atr\u00e1s, el Consejo Escolar hizo p\u00fablico a los medios de comunicaci\u00f3n. En el mismo, se establece el total de la inversi\u00f3n, separadas por rubros.<\/p>\n<p>\u201cCada directivo podr\u00e1 informarle a su comunidad educativa en qu\u00e9 invertimos en esa instituci\u00f3n. Es un resumen de cuentas para cada instituci\u00f3n en funci\u00f3n de los m\u00e1s de dos millones de pesos que recibimos de Fondo Compensador que utilizamos para infraestructura. Tiene que ver con la transparencia y con que nosotros podemos explicar y demostrar en qu\u00e9 gastamos cada uno de los centavos que entraron para las inversiones en las escuelas. El informe es de los \u00faltimos meses. Al Fondo Compensador entra todos los d\u00edas un poquito de plata al Consejo Escolar\u201d, explic\u00f3 Darritchon.<\/p>\n<p>La informaci\u00f3n brindada por el Consejo Escolar expresa que el fondo que llega desde la provincia para mantenimiento de edificios escolares a la instituci\u00f3n dependiente de la Direcci\u00f3n General de Escuelas fue de 2.346.982,41 pesos, de los cuales se invirtieron $2.091.921,30. Son nueve los \u00a0proveedores de comercios donde se compran insumos para la realizaci\u00f3n de las tareas ($421.407,83) y ocho los prestadores que realizan las tareas ($527.737). Adem\u00e1s de seis reparaciones ($733.627,60), la compra de dos calefactores ($125.000) y una suma de 284.148,87 pesos para el mantenimiento de espacios verdes escolares, pintura y trabajos generales.<\/p>\n<p><img loading=\"lazy\" decoding=\"async\" data-attachment-id=\"81231\" data-permalink=\"https:\/\/www.hoymercedes.com.ar\/principal\/2018\/09\/17\/sociedad-italiana-de-mercedes-participo-de-reunion-de-la-faia\/13-eet-2\/#main\" data-orig-file=\"https:\/\/www.hoymercedes.com.ar\/principal\/wp-content\/uploads\/2018\/09\/13-eet-2.jpg\" data-orig-size=\"778,518\" data-comments-opened=\"0\" data-image-meta=\"{&quot;aperture&quot;:&quot;0&quot;,&quot;credit&quot;:&quot;&quot;,&quot;camera&quot;:&quot;&quot;,&quot;caption&quot;:&quot;&quot;,&quot;created_timestamp&quot;:&quot;0&quot;,&quot;copyright&quot;:&quot;&quot;,&quot;focal_length&quot;:&quot;0&quot;,&quot;iso&quot;:&quot;0&quot;,&quot;shutter_speed&quot;:&quot;0&quot;,&quot;title&quot;:&quot;&quot;,&quot;orientation&quot;:&quot;0&quot;}\" data-image-title=\"13 eet 2\" data-image-description=\"\" data-image-caption=\"\" data-large-file=\"https:\/\/www.hoymercedes.com.ar\/principal\/wp-content\/uploads\/2018\/09\/13-eet-2.jpg\" class=\"aligncenter size-medium wp-image-81231\" src=\"https:\/\/www.hoymercedes.com.ar\/principal\/wp-content\/uploads\/2018\/09\/13-eet-2-630x419.jpg\" alt=\"\" width=\"630\" height=\"419\" srcset=\"https:\/\/www.hoymercedes.com.ar\/principal\/wp-content\/uploads\/2018\/09\/13-eet-2-630x419.jpg 630w, https:\/\/www.hoymercedes.com.ar\/principal\/wp-content\/uploads\/2018\/09\/13-eet-2-150x100.jpg 150w, https:\/\/www.hoymercedes.com.ar\/principal\/wp-content\/uploads\/2018\/09\/13-eet-2.jpg 778w\" sizes=\"auto, (max-width: 630px) 100vw, 630px\" \/><\/p>\n","protected":false},"excerpt":{"rendered":"<p>D\u00edas atr\u00e1s se entreg\u00f3 el trabajo terminado en los ba\u00f1os de mujeres y de varones. Por otra parte, la presidenta &#8230; <a title=\"Terminaron las obras de ba\u00f1os en la T\u00e9cnica N\u00b0 1\" class=\"read-more\" href=\"https:\/\/www.hoymercedes.com.ar\/principal\/2018\/09\/17\/terminaron-las-obras-de-banos-en-la-tecnica-n-1\/\" aria-label=\"Leer m\u00e1s sobre Terminaron las obras de ba\u00f1os en la T\u00e9cnica N\u00b0 1\">Leer m\u00e1s<\/a><\/p>\n","protected":false},"author":1,"featured_media":81231,"comment_status":"closed","ping_status":"open","sticky":false,"template":"","format":"standard","meta":{"_monsterinsights_skip_tracking":false,"_monsterinsights_sitenote_active":false,"_monsterinsights_sitenote_note":"","_monsterinsights_sitenote_category":0,"jetpack_post_was_ever_published":false,"_jetpack_newsletter_access":"","_jetpack_dont_email_post_to_subs":false,"_jetpack_newsletter_tier_id":0,"_jetpack_memberships_contains_paywalled_content":false,"_jetpack_memberships_contains_paid_content":false,"footnotes":"","jetpack_publicize_message":"","jetpack_publicize_feature_enabled":true,"jetpack_social_post_already_shared":true,"jetpack_social_options":{"image_generator_settings":{"template":"highway","default_image_id":0,"font":"","enabled":false},"version":2},"_wpas_customize_per_network":false},"categories":[23],"tags":[1317,47,13742,10,1014,1803],"class_list":["post-81238","post","type-post","status-publish","format-standard","has-post-thumbnail","hentry","category-educacion","tag-consejo-escolar","tag-educacion-2","tag-escuelas-de-gestion-publica","tag-mercedes","tag-obras","tag-provincia","generate-columns","tablet-grid-50","mobile-grid-100","grid-parent","grid-50"],"jetpack_publicize_connections":[],"jetpack_featured_media_url":"https:\/\/www.hoymercedes.com.ar\/principal\/wp-content\/uploads\/2018\/09\/13-eet-2.jpg","wps_subtitle":"Obras en escuelas de gesti\u00f3n p\u00fablica","jetpack_sharing_enabled":true,"_links":{"self":[{"href":"https:\/\/www.hoymercedes.com.ar\/principal\/wp-json\/wp\/v2\/posts\/81238","targetHints":{"allow":["GET"]}}],"collection":[{"href":"https:\/\/www.hoymercedes.com.ar\/principal\/wp-json\/wp\/v2\/posts"}],"about":[{"href":"https:\/\/www.hoymercedes.com.ar\/principal\/wp-json\/wp\/v2\/types\/post"}],"author":[{"embeddable":true,"href":"https:\/\/www.hoymercedes.com.ar\/principal\/wp-json\/wp\/v2\/users\/1"}],"replies":[{"embeddable":true,"href":"https:\/\/www.hoymercedes.com.ar\/principal\/wp-json\/wp\/v2\/comments?post=81238"}],"version-history":[{"count":0,"href":"https:\/\/www.hoymercedes.com.ar\/principal\/wp-json\/wp\/v2\/posts\/81238\/revisions"}],"wp:featuredmedia":[{"embeddable":true,"href":"https:\/\/www.hoymercedes.com.ar\/principal\/wp-json\/wp\/v2\/media\/81231"}],"wp:attachment":[{"href":"https:\/\/www.hoymercedes.com.ar\/principal\/wp-json\/wp\/v2\/media?parent=81238"}],"wp:term":[{"taxonomy":"category","embeddable":true,"href":"https:\/\/www.hoymercedes.com.ar\/principal\/wp-json\/wp\/v2\/categories?post=81238"},{"taxonomy":"post_tag","embeddable":true,"href":"https:\/\/www.hoymercedes.com.ar\/principal\/wp-json\/wp\/v2\/tags?post=81238"}],"curies":[{"name":"wp","href":"https:\/\/api.w.org\/{rel}","templated":true}]}}