{"id":81256,"date":"2018-09-19T05:39:15","date_gmt":"2018-09-19T08:39:15","guid":{"rendered":"http:\/\/www.hoymercedes.com.ar\/principal\/?p=81256"},"modified":"2018-09-18T15:41:42","modified_gmt":"2018-09-18T18:41:42","slug":"charla-sobre-triquinosis-para-las-escuelas-agrarias","status":"publish","type":"post","link":"https:\/\/www.hoymercedes.com.ar\/principal\/2018\/09\/19\/charla-sobre-triquinosis-para-las-escuelas-agrarias\/","title":{"rendered":"Charla sobre triquinosis para las Escuelas Agrarias"},"content":{"rendered":"<p>El Servicio Nacional de Sanidad y Calidad Agroalimentaria (Senasa), llev\u00f3 a cabo dos jornadas de extensi\u00f3n formativa ante m\u00e1s de 70 alumnos de diferentes niveles de escuelas secundarias agrarias de Mercedes y Jun\u00edn, en el norte bonaerense.<\/p>\n<p><img loading=\"lazy\" decoding=\"async\" data-attachment-id=\"81257\" data-permalink=\"https:\/\/www.hoymercedes.com.ar\/principal\/2018\/09\/19\/charla-sobre-triquinosis-para-las-escuelas-agrarias\/19-senasa\/#main\" data-orig-file=\"https:\/\/www.hoymercedes.com.ar\/principal\/wp-content\/uploads\/2018\/09\/19-senasa.jpg\" data-orig-size=\"750,499\" data-comments-opened=\"0\" data-image-meta=\"{&quot;aperture&quot;:&quot;0&quot;,&quot;credit&quot;:&quot;&quot;,&quot;camera&quot;:&quot;&quot;,&quot;caption&quot;:&quot;&quot;,&quot;created_timestamp&quot;:&quot;0&quot;,&quot;copyright&quot;:&quot;&quot;,&quot;focal_length&quot;:&quot;0&quot;,&quot;iso&quot;:&quot;0&quot;,&quot;shutter_speed&quot;:&quot;0&quot;,&quot;title&quot;:&quot;&quot;,&quot;orientation&quot;:&quot;0&quot;}\" data-image-title=\"19 senasa\" data-image-description=\"\" data-image-caption=\"\" data-large-file=\"https:\/\/www.hoymercedes.com.ar\/principal\/wp-content\/uploads\/2018\/09\/19-senasa.jpg\" class=\"aligncenter size-medium wp-image-81257\" src=\"https:\/\/www.hoymercedes.com.ar\/principal\/wp-content\/uploads\/2018\/09\/19-senasa-630x419.jpg\" alt=\"\" width=\"630\" height=\"419\" srcset=\"https:\/\/www.hoymercedes.com.ar\/principal\/wp-content\/uploads\/2018\/09\/19-senasa-630x419.jpg 630w, https:\/\/www.hoymercedes.com.ar\/principal\/wp-content\/uploads\/2018\/09\/19-senasa-150x100.jpg 150w, https:\/\/www.hoymercedes.com.ar\/principal\/wp-content\/uploads\/2018\/09\/19-senasa.jpg 750w\" sizes=\"auto, (max-width: 630px) 100vw, 630px\" \/><!--more--><\/p>\n<p>Las acciones se realizaron en el marco del programa educativo, \u201cSenasa va a la Escuela\u201d. En Jun\u00edn se desarroll\u00f3 en la Escuela Secundaria Agraria N\u00ba 1 donde expuso el veterinario local, Mart\u00edn Becerro; en tanto que en Mercedes el encuentro fue en la Escuela de Campo CEPT N\u00ba 4 y estuvo a cargo del referente sanitario del Organismo en esa localidad, Patricio Clavin.<\/p>\n<p>En ambos encuentros los profesionales hicieron un breve repaso de las principales enfermedades zoon\u00f3ticas de la regi\u00f3n, describiendo las medidas de control que se deben tomar, como consumidores y productores, a la hora de prevenir la triquinosis (enfermedad transmitida del cerdo a las personas).<\/p>\n<p>En primer lugar explicaron el rol del Senasa como ente rector sanitario del pa\u00eds y la funci\u00f3n de la oficina del Organismo en la jurisdicci\u00f3n municipal, y luego detallaron aspectos de la triquinosis, sus mecanismos de trasmisi\u00f3n, las medidas preventivas, la responsabilidad del productor y consumidor a la hora de generar o comprar productos derivados del cerdo y la importancia de realizar el an\u00e1lisis de digesti\u00f3n enzim\u00e1tica antes de elaborar productos con la carne porcina.<\/p>\n<p>Finalmente entregaron folletos a los alumnos que participaron de las jornadas, quienes estuvieron acompa\u00f1ados de productores, padres y personal docente.<\/p>\n<p>&nbsp;<\/p>\n<p>Fuente: SENASA<\/p>\n","protected":false},"excerpt":{"rendered":"<p>El Servicio Nacional de Sanidad y Calidad Agroalimentaria (Senasa), llev\u00f3 a cabo dos jornadas de extensi\u00f3n formativa ante m\u00e1s de &#8230; <a title=\"Charla sobre triquinosis para las Escuelas Agrarias\" class=\"read-more\" href=\"https:\/\/www.hoymercedes.com.ar\/principal\/2018\/09\/19\/charla-sobre-triquinosis-para-las-escuelas-agrarias\/\" aria-label=\"Leer m\u00e1s sobre Charla sobre triquinosis para las Escuelas Agrarias\">Leer m\u00e1s<\/a><\/p>\n","protected":false},"author":1,"featured_media":81257,"comment_status":"closed","ping_status":"open","sticky":false,"template":"","format":"standard","meta":{"_monsterinsights_skip_tracking":false,"_monsterinsights_sitenote_active":false,"_monsterinsights_sitenote_note":"","_monsterinsights_sitenote_category":0,"jetpack_post_was_ever_published":false,"_jetpack_newsletter_access":"","_jetpack_dont_email_post_to_subs":false,"_jetpack_newsletter_tier_id":0,"_jetpack_memberships_contains_paywalled_content":false,"_jetpack_memberships_contains_paid_content":false,"footnotes":"","jetpack_publicize_message":"","jetpack_publicize_feature_enabled":true,"jetpack_social_post_already_shared":true,"jetpack_social_options":{"image_generator_settings":{"template":"highway","default_image_id":0,"font":"","enabled":false},"version":2},"_wpas_customize_per_network":false},"categories":[23],"tags":[47,3641,134,8450,5695],"class_list":["post-81256","post","type-post","status-publish","format-standard","has-post-thumbnail","hentry","category-educacion","tag-educacion-2","tag-escuela-agraria","tag-salud","tag-senasa","tag-triquinosis","generate-columns","tablet-grid-50","mobile-grid-100","grid-parent","grid-50"],"jetpack_publicize_connections":[],"jetpack_featured_media_url":"https:\/\/www.hoymercedes.com.ar\/principal\/wp-content\/uploads\/2018\/09\/19-senasa.jpg","wps_subtitle":"M\u00e1s de 70 estudiantes presentes","jetpack_sharing_enabled":true,"_links":{"self":[{"href":"https:\/\/www.hoymercedes.com.ar\/principal\/wp-json\/wp\/v2\/posts\/81256","targetHints":{"allow":["GET"]}}],"collection":[{"href":"https:\/\/www.hoymercedes.com.ar\/principal\/wp-json\/wp\/v2\/posts"}],"about":[{"href":"https:\/\/www.hoymercedes.com.ar\/principal\/wp-json\/wp\/v2\/types\/post"}],"author":[{"embeddable":true,"href":"https:\/\/www.hoymercedes.com.ar\/principal\/wp-json\/wp\/v2\/users\/1"}],"replies":[{"embeddable":true,"href":"https:\/\/www.hoymercedes.com.ar\/principal\/wp-json\/wp\/v2\/comments?post=81256"}],"version-history":[{"count":0,"href":"https:\/\/www.hoymercedes.com.ar\/principal\/wp-json\/wp\/v2\/posts\/81256\/revisions"}],"wp:featuredmedia":[{"embeddable":true,"href":"https:\/\/www.hoymercedes.com.ar\/principal\/wp-json\/wp\/v2\/media\/81257"}],"wp:attachment":[{"href":"https:\/\/www.hoymercedes.com.ar\/principal\/wp-json\/wp\/v2\/media?parent=81256"}],"wp:term":[{"taxonomy":"category","embeddable":true,"href":"https:\/\/www.hoymercedes.com.ar\/principal\/wp-json\/wp\/v2\/categories?post=81256"},{"taxonomy":"post_tag","embeddable":true,"href":"https:\/\/www.hoymercedes.com.ar\/principal\/wp-json\/wp\/v2\/tags?post=81256"}],"curies":[{"name":"wp","href":"https:\/\/api.w.org\/{rel}","templated":true}]}}