{"id":81265,"date":"2018-09-18T19:44:39","date_gmt":"2018-09-18T22:44:39","guid":{"rendered":"http:\/\/www.hoymercedes.com.ar\/principal\/?p=81265"},"modified":"2018-09-18T17:48:55","modified_gmt":"2018-09-18T20:48:55","slug":"pami-el-compromiso-de-los-laboratorios-es-transferir-el-adelanto-a-las-farmacias","status":"publish","type":"post","link":"https:\/\/www.hoymercedes.com.ar\/principal\/2018\/09\/18\/pami-el-compromiso-de-los-laboratorios-es-transferir-el-adelanto-a-las-farmacias\/","title":{"rendered":"PAMI: \u201cEl compromiso de los laboratorios es transferir el adelanto a las farmacias\u201d"},"content":{"rendered":"<p>As\u00ed lo expres\u00f3 el jefe de la agencia local de PAMI, Nicol\u00e1s Far\u00edas, al conocerse que PAMI (INSSJP) adelant\u00f3 el pago de 300 millones de pesos a los laboratorios para que se refleje en las farmacias y retomen con la atenci\u00f3n a los afiliados de la obra social de Naci\u00f3n.<\/p>\n<p>A trav\u00e9s de redes sociales, PAMI \u2013 INSSJP anunci\u00f3 que este martes llegaron a un acuerdo con los laboratorios y las farmacias. \u201cDebido a la situaci\u00f3n actual entre las C\u00e1maras de Laboratorios y las Farmacias de distintas regiones del pa\u00eds, decidimos adelantar una cuota del pago mensual a las C\u00e1maras de Laboratorios, con el compromiso de que sea transferido de inmediato a las Farmacias. De esta manera, en el d\u00eda de hoy adelantamos $300 millones de pesos correspondientes al pago que deb\u00eda abonarse el 30 de septiembre, con el objetivo de mejorar las condiciones financieras de las Farmacias y lograr que se normalice la dispensa de medicamentos\u201d, expresaron desde PAMI central.<\/p>\n<p>Consultado el Jefe local de PAMI, Nicolas Far\u00edas, record\u00f3 que la semana pasada se hab\u00eda realizado una mesa de di\u00e1logo entre el Instituto Nacional de Seguridad Social (PAMI), los laboratorios y los Colegios de Farmac\u00e9uticos. \u201cEl convenio por el cual PAMI entrega los medicamentos es un contrato con los laboratorios, son ellos los que env\u00edan notas de cr\u00e9dito a las farmacias a modo de contraprestaci\u00f3n por el servicio que brinda. Las farmacias ven\u00edan reclamando la deuda a los laboratorios. PAMI desde siempre dijo que estuvo al d\u00eda con los laboratorios y la industria farmac\u00e9utica. Sin embargo, los Colegios de Farmac\u00e9uticos el d\u00eda s\u00e1bado decidieron parar la entrega medicamentos\u201d, expres\u00f3 Farias.<\/p>\n<p>\u201cEsta ma\u00f1ana, martes, se juntaron las tres partes y arreglaron que PAMI adelante la cuota de 300 millones de pesos. Es cuota deb\u00eda pagarse el 30 de septiembre pr\u00f3ximo a los laboratorios. El compromiso de los laboratorios es transfer\u00edrselo a las farmacias a cuenta de la deuda que ten\u00eda. Esto lo arreglaron para asegurar el expendio de medicamentos con cobertura del cien por cien y la cobertura con porcentajes de descuentos, adem\u00e1s de los insumos para diab\u00e9ticos. Los servicios que las farmacias hab\u00edan decidido cortar el d\u00eda s\u00e1bado\u201d, agreg\u00f3.<\/p>\n<p>\u201cEs una buena noticia y una alegr\u00eda que las mesas de di\u00e1logo funcionen. Que se pueda llegar a buen puerto, pensando en los afiliados. En Mercedes son diez mil afiliados y m\u00e1s de treinta farmacias. En este momento del pa\u00eds, dif\u00edcil y que no es el que deseamos, los afiliados necesitan su medicaci\u00f3n\u201d, concluy\u00f3 el jefe de PAMI Mercedes.<\/p>\n<p>Asimismo, Far\u00edas lament\u00f3 que \u201cciertos sectores de la pol\u00edtica local\u201d hayan \u201cespeculado\u201d con las dificultades de los organismos de gobierno. \u201cParece que para cuando peor, mejor es una frase que expresan a prop\u00f3sito. Pareciera que se ponen contentos cuando estas cosas suceden. PAMI es un organismo que viene trabajando seriamente, tratando de hacer lo mejor para que los afiliados tengan la cobertura de sus servicios\u201d, agreg\u00f3 el jefe de la agencia local de PAMI.<\/p>\n<p>&nbsp;<\/p>\n","protected":false},"excerpt":{"rendered":"<p>As\u00ed lo expres\u00f3 el jefe de la agencia local de PAMI, Nicol\u00e1s Far\u00edas, al conocerse que PAMI (INSSJP) adelant\u00f3 el &#8230; <a title=\"PAMI: \u201cEl compromiso de los laboratorios es transferir el adelanto a las farmacias\u201d\" class=\"read-more\" href=\"https:\/\/www.hoymercedes.com.ar\/principal\/2018\/09\/18\/pami-el-compromiso-de-los-laboratorios-es-transferir-el-adelanto-a-las-farmacias\/\" aria-label=\"Leer m\u00e1s sobre PAMI: \u201cEl compromiso de los laboratorios es transferir el adelanto a las farmacias\u201d\">Leer m\u00e1s<\/a><\/p>\n","protected":false},"author":1,"featured_media":48887,"comment_status":"closed","ping_status":"open","sticky":false,"template":"","format":"standard","meta":{"_monsterinsights_skip_tracking":false,"_monsterinsights_sitenote_active":false,"_monsterinsights_sitenote_note":"","_monsterinsights_sitenote_category":0,"jetpack_post_was_ever_published":false,"_jetpack_newsletter_access":"","_jetpack_dont_email_post_to_subs":false,"_jetpack_newsletter_tier_id":0,"_jetpack_memberships_contains_paywalled_content":false,"_jetpack_memberships_contains_paid_content":false,"footnotes":"","jetpack_publicize_message":"","jetpack_publicize_feature_enabled":true,"jetpack_social_post_already_shared":true,"jetpack_social_options":{"image_generator_settings":{"template":"highway","default_image_id":0,"font":"","enabled":false},"version":2},"_wpas_customize_per_network":false},"categories":[8],"tags":[10357,13752,10,2781,9155],"class_list":["post-81265","post","type-post","status-publish","format-standard","has-post-thumbnail","hentry","category-sociedad","tag-farmacias","tag-laboratorios","tag-mercedes","tag-pami","tag-servicio","generate-columns","tablet-grid-50","mobile-grid-100","grid-parent","grid-50"],"jetpack_publicize_connections":[],"jetpack_featured_media_url":"https:\/\/www.hoymercedes.com.ar\/principal\/wp-content\/uploads\/2016\/04\/14-Nicolas-Farias.jpg","wps_subtitle":"Corte del servicio en farmacias","jetpack_sharing_enabled":true,"_links":{"self":[{"href":"https:\/\/www.hoymercedes.com.ar\/principal\/wp-json\/wp\/v2\/posts\/81265","targetHints":{"allow":["GET"]}}],"collection":[{"href":"https:\/\/www.hoymercedes.com.ar\/principal\/wp-json\/wp\/v2\/posts"}],"about":[{"href":"https:\/\/www.hoymercedes.com.ar\/principal\/wp-json\/wp\/v2\/types\/post"}],"author":[{"embeddable":true,"href":"https:\/\/www.hoymercedes.com.ar\/principal\/wp-json\/wp\/v2\/users\/1"}],"replies":[{"embeddable":true,"href":"https:\/\/www.hoymercedes.com.ar\/principal\/wp-json\/wp\/v2\/comments?post=81265"}],"version-history":[{"count":0,"href":"https:\/\/www.hoymercedes.com.ar\/principal\/wp-json\/wp\/v2\/posts\/81265\/revisions"}],"wp:featuredmedia":[{"embeddable":true,"href":"https:\/\/www.hoymercedes.com.ar\/principal\/wp-json\/wp\/v2\/media\/48887"}],"wp:attachment":[{"href":"https:\/\/www.hoymercedes.com.ar\/principal\/wp-json\/wp\/v2\/media?parent=81265"}],"wp:term":[{"taxonomy":"category","embeddable":true,"href":"https:\/\/www.hoymercedes.com.ar\/principal\/wp-json\/wp\/v2\/categories?post=81265"},{"taxonomy":"post_tag","embeddable":true,"href":"https:\/\/www.hoymercedes.com.ar\/principal\/wp-json\/wp\/v2\/tags?post=81265"}],"curies":[{"name":"wp","href":"https:\/\/api.w.org\/{rel}","templated":true}]}}