{"id":81271,"date":"2018-09-18T20:10:49","date_gmt":"2018-09-18T23:10:49","guid":{"rendered":"http:\/\/www.hoymercedes.com.ar\/principal\/?p=81271"},"modified":"2018-09-18T20:03:28","modified_gmt":"2018-09-18T23:03:28","slug":"fallecio-la-poetisa-ilda-rodriguez-de-valle","status":"publish","type":"post","link":"https:\/\/www.hoymercedes.com.ar\/principal\/2018\/09\/18\/fallecio-la-poetisa-ilda-rodriguez-de-valle\/","title":{"rendered":"Falleci\u00f3 la poetisa Ilda Rodr\u00edguez de Valle"},"content":{"rendered":"<p>Por TeCleArte &#8211; Este martes 18 de septiembre falleci\u00f3 la poetisa Ilda Rodr\u00edguez de Valle. Radicada en Mercedes desde hace varias d\u00e9cadas, la mendocina falleci\u00f3 a los 87 a\u00f1os. Sus restos son velados en la casa velatoria de calle 22, entre 37 y 35 para ser llevada ma\u00f1ana, 11.15 hs, al Cementerio Parque luego de pasar por la Parroquia San Luis.<\/p>\n<p>Cerca de ciento cincuenta premios gan\u00f3 Ilda en toda su carrera como escritora y poetisa. Su voz pausada en cada recitado trasladaba a los ocasionales oyentes a conocer sus palabras rimadas. En 2008 fue reconocida por la Municipalidad de Mercedes como una de las personas destacadas en el \u00e1mbito cultural. Similares reconocimientos le dieron distintas instituciones de la ciudad en diferentes a\u00f1os por el D\u00eda de la Mujer.<\/p>\n<p>Desde que lleg\u00f3 a Mercedes que empez\u00f3 a escribir zambas, fue compilando decenas de carpetas con miles de hojas con sonetos, romances o cuentos. Algunos de sus trabajos se compilaron en pocos libros propios y antolog\u00edas locales, otros fueron triunfadores en distintos concursos.<\/p>\n<p>En 2011 gan\u00f3 un premio en Mar del Plata. Desde Mercedes recibi\u00f3 emocionada esa distinci\u00f3n. El poema ganador lo titul\u00f3 \u201c\u00a1Guitarra!\u201d. A la memoria de Ilda Rodr\u00edguez de Valle, lo compartimos:<\/p>\n<p style=\"text-align: center;\"><strong>\u00a1Guitarra!<\/strong><\/p>\n<p style=\"text-align: center;\">\u00a1La savia sublime del \u00e1rbol que fuera!<\/p>\n<p style=\"text-align: center;\">Casi humanas formas. Talle hermoso y fino.<\/p>\n<p style=\"text-align: center;\">M\u00fasica de lluvias, sol de primaveras,<\/p>\n<p style=\"text-align: center;\">magia de gorgeos, tibieza de nidos,<\/p>\n<p style=\"text-align: center;\">tejieron la trama de curvas perfectas<\/p>\n<p style=\"text-align: center;\">desde donde parten arrullos de trinos.<\/p>\n<p style=\"text-align: center;\">Dos manos amantes te acarician, tiernas,<\/p>\n<p style=\"text-align: center;\">mil duendes convocan sue\u00f1os y suspiros<\/p>\n<p style=\"text-align: center;\">y el alma del \u00e1rbol entonces despierta<\/p>\n<p style=\"text-align: center;\">\u00a1se estremece, vibra, se torna algo vivo!<\/p>\n<p style=\"text-align: center;\">Transita la esencia del tiempo en tus cuerdas,<\/p>\n<p style=\"text-align: center;\">desperezan dentro musiqueros grillos,<\/p>\n<p style=\"text-align: center;\">doradas chicharras siesteras se aprestan<\/p>\n<p style=\"text-align: center;\">a ensayar un coro de m\u00edsticos himnos<\/p>\n<p style=\"text-align: center;\">poblando tu caja arm\u00f3nica y bella<\/p>\n<p style=\"text-align: center;\">de c\u00e1lidos, graves o alegres sonidos.<\/p>\n<p style=\"text-align: center;\">\u00a1Amiga guitarra, coraz\u00f3n de estrellas!<\/p>\n<p style=\"text-align: center;\">Esparce en el aire tus cantos dormidos,<\/p>\n<p style=\"text-align: center;\">memorias del \u00e1rbol de noble madera<\/p>\n<p style=\"text-align: center;\">que te enriquecieran con voz de infinito.<\/p>\n<p style=\"text-align: center;\">\u00a1Despierta esas voces y que ellas enciendan<\/p>\n<p style=\"text-align: center;\">las fibras que animan todos tus latidos,<\/p>\n<p style=\"text-align: center;\">que todos los sue\u00f1os que en tu caja alientan<\/p>\n<p style=\"text-align: center;\">ir\u00e1n por el mundo por Dios bendecidos!<\/p>\n<figure id=\"attachment_81272\" aria-describedby=\"caption-attachment-81272\" style=\"width: 474px\" class=\"wp-caption aligncenter\"><img loading=\"lazy\" decoding=\"async\" data-attachment-id=\"81272\" data-permalink=\"https:\/\/www.hoymercedes.com.ar\/principal\/2018\/09\/18\/fallecio-la-poetisa-ilda-rodriguez-de-valle\/18-ilda-valle-2\/#main\" data-orig-file=\"https:\/\/www.hoymercedes.com.ar\/principal\/wp-content\/uploads\/2018\/09\/18-ilda-valle-2.jpg\" data-orig-size=\"768,983\" data-comments-opened=\"0\" data-image-meta=\"{&quot;aperture&quot;:&quot;2.8&quot;,&quot;credit&quot;:&quot;&quot;,&quot;camera&quot;:&quot;DSC-H2&quot;,&quot;caption&quot;:&quot;&quot;,&quot;created_timestamp&quot;:&quot;1312487189&quot;,&quot;copyright&quot;:&quot;&quot;,&quot;focal_length&quot;:&quot;6&quot;,&quot;iso&quot;:&quot;800&quot;,&quot;shutter_speed&quot;:&quot;0.025&quot;,&quot;title&quot;:&quot;&quot;,&quot;orientation&quot;:&quot;0&quot;}\" data-image-title=\"18 ilda valle 2\" data-image-description=\"\" data-image-caption=\"&lt;p&gt;En 2011 posaba con el premio obtenido en Mar del Plata. &lt;\/p&gt;\n\" data-large-file=\"https:\/\/www.hoymercedes.com.ar\/principal\/wp-content\/uploads\/2018\/09\/18-ilda-valle-2.jpg\" class=\"size-medium wp-image-81272\" src=\"https:\/\/www.hoymercedes.com.ar\/principal\/wp-content\/uploads\/2018\/09\/18-ilda-valle-2-484x620.jpg\" alt=\"\" width=\"484\" height=\"620\" srcset=\"https:\/\/www.hoymercedes.com.ar\/principal\/wp-content\/uploads\/2018\/09\/18-ilda-valle-2-484x620.jpg 484w, https:\/\/www.hoymercedes.com.ar\/principal\/wp-content\/uploads\/2018\/09\/18-ilda-valle-2-117x150.jpg 117w, https:\/\/www.hoymercedes.com.ar\/principal\/wp-content\/uploads\/2018\/09\/18-ilda-valle-2.jpg 768w\" sizes=\"auto, (max-width: 484px) 100vw, 484px\" \/><figcaption id=\"caption-attachment-81272\" class=\"wp-caption-text\">En 2011 posaba con el premio obtenido en Mar del Plata. Foto: Clarisa Altieri<\/figcaption><\/figure>\n","protected":false},"excerpt":{"rendered":"<p>Por TeCleArte &#8211; Este martes 18 de septiembre falleci\u00f3 la poetisa Ilda Rodr\u00edguez de Valle. Radicada en Mercedes desde hace &#8230; <a title=\"Falleci\u00f3 la poetisa Ilda Rodr\u00edguez de Valle\" class=\"read-more\" href=\"https:\/\/www.hoymercedes.com.ar\/principal\/2018\/09\/18\/fallecio-la-poetisa-ilda-rodriguez-de-valle\/\" aria-label=\"Leer m\u00e1s sobre Falleci\u00f3 la poetisa Ilda Rodr\u00edguez de Valle\">Leer m\u00e1s<\/a><\/p>\n","protected":false},"author":1,"featured_media":81273,"comment_status":"closed","ping_status":"open","sticky":false,"template":"","format":"standard","meta":{"_monsterinsights_skip_tracking":false,"_monsterinsights_sitenote_active":false,"_monsterinsights_sitenote_note":"","_monsterinsights_sitenote_category":0,"jetpack_post_was_ever_published":false,"_jetpack_newsletter_access":"","_jetpack_dont_email_post_to_subs":false,"_jetpack_newsletter_tier_id":0,"_jetpack_memberships_contains_paywalled_content":false,"_jetpack_memberships_contains_paid_content":false,"footnotes":"","jetpack_publicize_message":"","jetpack_publicize_feature_enabled":true,"jetpack_social_post_already_shared":true,"jetpack_social_options":{"image_generator_settings":{"template":"highway","default_image_id":0,"font":"","enabled":false},"version":2},"_wpas_customize_per_network":false},"categories":[104],"tags":[7805,8777,13754,10],"class_list":["post-81271","post","type-post","status-publish","format-standard","has-post-thumbnail","hentry","category-cultura","tag-cultura","tag-fallecimiento","tag-ilda-rodriguez-de-valle","tag-mercedes","generate-columns","tablet-grid-50","mobile-grid-100","grid-parent","grid-50"],"jetpack_publicize_connections":[],"jetpack_featured_media_url":"https:\/\/www.hoymercedes.com.ar\/principal\/wp-content\/uploads\/2018\/09\/18-ilda-valle.jpg","wps_subtitle":"Triste noticia","jetpack_sharing_enabled":true,"_links":{"self":[{"href":"https:\/\/www.hoymercedes.com.ar\/principal\/wp-json\/wp\/v2\/posts\/81271","targetHints":{"allow":["GET"]}}],"collection":[{"href":"https:\/\/www.hoymercedes.com.ar\/principal\/wp-json\/wp\/v2\/posts"}],"about":[{"href":"https:\/\/www.hoymercedes.com.ar\/principal\/wp-json\/wp\/v2\/types\/post"}],"author":[{"embeddable":true,"href":"https:\/\/www.hoymercedes.com.ar\/principal\/wp-json\/wp\/v2\/users\/1"}],"replies":[{"embeddable":true,"href":"https:\/\/www.hoymercedes.com.ar\/principal\/wp-json\/wp\/v2\/comments?post=81271"}],"version-history":[{"count":0,"href":"https:\/\/www.hoymercedes.com.ar\/principal\/wp-json\/wp\/v2\/posts\/81271\/revisions"}],"wp:featuredmedia":[{"embeddable":true,"href":"https:\/\/www.hoymercedes.com.ar\/principal\/wp-json\/wp\/v2\/media\/81273"}],"wp:attachment":[{"href":"https:\/\/www.hoymercedes.com.ar\/principal\/wp-json\/wp\/v2\/media?parent=81271"}],"wp:term":[{"taxonomy":"category","embeddable":true,"href":"https:\/\/www.hoymercedes.com.ar\/principal\/wp-json\/wp\/v2\/categories?post=81271"},{"taxonomy":"post_tag","embeddable":true,"href":"https:\/\/www.hoymercedes.com.ar\/principal\/wp-json\/wp\/v2\/tags?post=81271"}],"curies":[{"name":"wp","href":"https:\/\/api.w.org\/{rel}","templated":true}]}}