{"id":8129,"date":"2011-10-09T07:14:32","date_gmt":"2011-10-09T07:14:32","guid":{"rendered":"http:\/\/www.hoymercedes.com.ar\/principal\/?p=8129"},"modified":"2011-10-09T07:14:32","modified_gmt":"2011-10-09T07:14:32","slug":"el-titular-del-pami-central-inauguro-la-nueva-sede-en-nuestra-ciudad","status":"publish","type":"post","link":"https:\/\/www.hoymercedes.com.ar\/principal\/2011\/10\/09\/el-titular-del-pami-central-inauguro-la-nueva-sede-en-nuestra-ciudad\/","title":{"rendered":"El titular del PAMI Central inauguro la nueva sede en nuestra ciudad"},"content":{"rendered":"<p><a href=\"https:\/\/www.hoymercedes.com.ar\/principal\/wp-content\/uploads\/2011\/10\/Pami-inauguraci\u00f3n.jpg\"><img loading=\"lazy\" decoding=\"async\" data-attachment-id=\"8131\" data-permalink=\"https:\/\/www.hoymercedes.com.ar\/principal\/2011\/10\/09\/el-titular-del-pami-central-inauguro-la-nueva-sede-en-nuestra-ciudad\/pami-inauguracion\/#main\" data-orig-file=\"https:\/\/www.hoymercedes.com.ar\/principal\/wp-content\/uploads\/2011\/10\/Pami-inauguraci\u00f3n.jpg\" data-orig-size=\"612,459\" data-comments-opened=\"1\" data-image-meta=\"{&quot;aperture&quot;:&quot;2.8&quot;,&quot;credit&quot;:&quot;&quot;,&quot;camera&quot;:&quot;COOLPIX L10&quot;,&quot;caption&quot;:&quot;&quot;,&quot;created_timestamp&quot;:&quot;1317819308&quot;,&quot;copyright&quot;:&quot;Copyright 2006&quot;,&quot;focal_length&quot;:&quot;6.2&quot;,&quot;iso&quot;:&quot;64&quot;,&quot;shutter_speed&quot;:&quot;0.033333333333333&quot;,&quot;title&quot;:&quot;&quot;}\" data-image-title=\"Pami-inauguraci\u00f3n\" data-image-description=\"\" data-image-caption=\"\" data-large-file=\"https:\/\/www.hoymercedes.com.ar\/principal\/wp-content\/uploads\/2011\/10\/Pami-inauguraci\u00f3n.jpg\" class=\"aligncenter size-full wp-image-8131\" title=\"Pami-inauguraci\u00f3n\" src=\"https:\/\/www.hoymercedes.com.ar\/principal\/wp-content\/uploads\/2011\/10\/Pami-inauguraci\u00f3n.jpg\" alt=\"\" width=\"612\" height=\"459\" \/><\/a><\/p>\n<p>Con la presencia del Director Ejecutivo, es decir su m\u00e1xima autoridad, el Instituto nacional de Servicios Sociales para Jubilados y Pensionados \u2013PAMI- dej\u00f3 inaugurada la nueva sede en nuestra ciudad en la esquina de la avenida 16 y calle 25.<\/p>\n<p>Adem\u00e1s del Dr. Luciano Di C\u00e9sare se hicieron presentes en nuestra ciudad otros funcionarios del mencionado instituto compartiendo el acto con los responsables y el personal de la Agencia local, la autoridades de la totalidad de Agrupaciones, Clubes y Centros de Jubilados de nuestra ciudad, el titular de la UDAI ANSES Mercedes Dr. Juan Ignacio Ustarroz y el intendente Municipal Carlos Selva.<\/p>\n<p>Durante el acto hicieron uso de la palabra varios oradores entre ellos claro est\u00e1 el responsable de la Agencia Mercedes Contador Pablo Perazzo, luego Juan Ignacio Ustarroz como titular del ANSES y finalmente el m\u00e1ximo responsable del PAMI, Dr. Di Cesare quien entre otros conceptos sostuvo al dirigirse a los presentes \u201cse ven fant\u00e1sticos como siempre ocurre cuando uno tiene casa nueva.<\/p>\n<p><em>\u00abPrimero quiero darles las gracias a todos ustedes por estar hoy en este lugar junto a Pablo (Perazzo) que se nota se gan\u00f3 el afecto de todos ustedes, darles las gracias a los trabajadores que llegaron a tiempo con las tarea que debieron realizar en el edificio aunque a lo mejor como en toda casa nueva pueda estar faltando alg\u00fan \u00faltimo detalle y ahora quisiera decir algo fundamental, la vida es como una gran monta\u00f1a que vamos ascendiendo y a medida que lo hacemos nos vamos quedando sin fuerzas pero el llegar a la cima tiene muchas ventajas y as\u00ed hemos tenido \u00e9pocas donde deb\u00edamos seguir haciendo esfuerzos porque todav\u00eda faltaban cosas como por ejemplo el acceso a un medicamento, a una casa digna, a una jubilaci\u00f3n, es decir los sue\u00f1os propios pero tambi\u00e9n los sue\u00f1os, esos que en el 49 dej\u00f3 una pareja como fueron Eva y Juan Domingo en una Constituci\u00f3n, pero despu\u00e9s durante la vida otra pareja, N\u00e9stor y Cristina tambi\u00e9n se preocuparon por los mayores.\u00a0La vida suele tener esas cosas tan importantes como preocuparse por el otro.<\/em><\/p>\n<p><em>Hoy el hecho de tener casi todos estos problemas resueltos llegamos a la cima de la monta\u00f1a y desde all\u00ed vemos un paisaje mucho mejor y muy amplio y as\u00ed disfrutar de todo lo que hemos logrado, vemos todo lo que en la vida pasamos, vemos a nuestros ni\u00f1os que se han convertido en adultos y a su vez tambi\u00e9n han tenido ni\u00f1os, o sea que llegaron a ser \u00e1rboles y esos arboles han tenido flores\u201d para concluir diciendo \u201cvolviendo al tema de las muchas mujeres en Mercedes es porque los hombre morirnos antes debido a que ellas tienen la virtud de rompernos el coraz\u00f3n\u201d y luego desear a todos los jubilados que disfruten de la nueva casa, \u201crecuerden que el PAMI solo se puede logar si todos nos miramos a los ojos para entendernos unos al otro y tambi\u00e9n ver en los ni\u00f1os la llama de la pasi\u00f3n\u201d.<\/em><\/p>\n","protected":false},"excerpt":{"rendered":"<p>Con la presencia del Director Ejecutivo, es decir su m\u00e1xima autoridad, el Instituto nacional de Servicios Sociales para Jubilados y &#8230; <a title=\"El titular del PAMI Central inauguro la nueva sede en nuestra ciudad\" class=\"read-more\" href=\"https:\/\/www.hoymercedes.com.ar\/principal\/2011\/10\/09\/el-titular-del-pami-central-inauguro-la-nueva-sede-en-nuestra-ciudad\/\" aria-label=\"Leer m\u00e1s sobre El titular del PAMI Central inauguro la nueva sede en nuestra ciudad\">Leer m\u00e1s<\/a><\/p>\n","protected":false},"author":1,"featured_media":0,"comment_status":"open","ping_status":"open","sticky":false,"template":"","format":"standard","meta":{"_monsterinsights_skip_tracking":false,"_monsterinsights_sitenote_active":false,"_monsterinsights_sitenote_note":"","_monsterinsights_sitenote_category":0,"jetpack_post_was_ever_published":false,"_jetpack_newsletter_access":"","_jetpack_dont_email_post_to_subs":false,"_jetpack_newsletter_tier_id":0,"_jetpack_memberships_contains_paywalled_content":false,"_jetpack_memberships_contains_paid_content":false,"footnotes":"","jetpack_publicize_message":"","jetpack_publicize_feature_enabled":true,"jetpack_social_post_already_shared":false,"jetpack_social_options":{"image_generator_settings":{"template":"highway","default_image_id":0,"font":"","enabled":false},"version":2},"_wpas_customize_per_network":false},"categories":[8],"tags":[1032,500,18,424],"class_list":["post-8129","post","type-post","status-publish","format-standard","hentry","category-sociedad","tag-de-pedro","tag-pami-mercedes","tag-selva","tag-ustarroz","generate-columns","tablet-grid-50","mobile-grid-100","grid-parent","grid-50"],"jetpack_publicize_connections":[],"jetpack_featured_media_url":"","wps_subtitle":"","jetpack_sharing_enabled":true,"_links":{"self":[{"href":"https:\/\/www.hoymercedes.com.ar\/principal\/wp-json\/wp\/v2\/posts\/8129","targetHints":{"allow":["GET"]}}],"collection":[{"href":"https:\/\/www.hoymercedes.com.ar\/principal\/wp-json\/wp\/v2\/posts"}],"about":[{"href":"https:\/\/www.hoymercedes.com.ar\/principal\/wp-json\/wp\/v2\/types\/post"}],"author":[{"embeddable":true,"href":"https:\/\/www.hoymercedes.com.ar\/principal\/wp-json\/wp\/v2\/users\/1"}],"replies":[{"embeddable":true,"href":"https:\/\/www.hoymercedes.com.ar\/principal\/wp-json\/wp\/v2\/comments?post=8129"}],"version-history":[{"count":0,"href":"https:\/\/www.hoymercedes.com.ar\/principal\/wp-json\/wp\/v2\/posts\/8129\/revisions"}],"wp:attachment":[{"href":"https:\/\/www.hoymercedes.com.ar\/principal\/wp-json\/wp\/v2\/media?parent=8129"}],"wp:term":[{"taxonomy":"category","embeddable":true,"href":"https:\/\/www.hoymercedes.com.ar\/principal\/wp-json\/wp\/v2\/categories?post=8129"},{"taxonomy":"post_tag","embeddable":true,"href":"https:\/\/www.hoymercedes.com.ar\/principal\/wp-json\/wp\/v2\/tags?post=8129"}],"curies":[{"name":"wp","href":"https:\/\/api.w.org\/{rel}","templated":true}]}}