{"id":81320,"date":"2018-09-19T14:57:55","date_gmt":"2018-09-19T17:57:55","guid":{"rendered":"http:\/\/www.hoymercedes.com.ar\/principal\/?p=81320"},"modified":"2018-09-19T20:25:39","modified_gmt":"2018-09-19T23:25:39","slug":"albini-confirmo-que-dejara-la-presidencia-del-hcd-a-fin-de-ano","status":"publish","type":"post","link":"https:\/\/www.hoymercedes.com.ar\/principal\/2018\/09\/19\/albini-confirmo-que-dejara-la-presidencia-del-hcd-a-fin-de-ano\/","title":{"rendered":"Albini confirm\u00f3 que dejar\u00e1 la presidencia del HCD a fin de a\u00f1o"},"content":{"rendered":"<p><em><strong>El presidente del Concejo Deliberante confirm\u00f3 a los medios que dejar\u00e1 la presidencia en diciembre y que volver\u00e1 a sentarse en su banca dentro del bloque de Cambiemos durante el 2019. Adem\u00e1s, anunci\u00f3 que la sesi\u00f3n ordinaria de la semana pr\u00f3xima ser\u00e1 el jueves 27, a la hora 8:30.<\/strong><\/em><\/p>\n<figure id=\"attachment_81321\" aria-describedby=\"caption-attachment-81321\" style=\"width: 620px\" class=\"wp-caption aligncenter\"><img loading=\"lazy\" decoding=\"async\" data-attachment-id=\"81321\" data-permalink=\"https:\/\/www.hoymercedes.com.ar\/principal\/2018\/09\/19\/albini-confirmo-que-dejara-la-presidencia-del-hcd-a-fin-de-ano\/19-oscar-albini\/#main\" data-orig-file=\"https:\/\/www.hoymercedes.com.ar\/principal\/wp-content\/uploads\/2018\/09\/19-Oscar-Albini.jpeg\" data-orig-size=\"750,500\" data-comments-opened=\"0\" data-image-meta=\"{&quot;aperture&quot;:&quot;2&quot;,&quot;credit&quot;:&quot;&quot;,&quot;camera&quot;:&quot;Moto G (5S) Plus&quot;,&quot;caption&quot;:&quot;&quot;,&quot;created_timestamp&quot;:&quot;1537358415&quot;,&quot;copyright&quot;:&quot;&quot;,&quot;focal_length&quot;:&quot;3.59&quot;,&quot;iso&quot;:&quot;559&quot;,&quot;shutter_speed&quot;:&quot;0.03030303030303&quot;,&quot;title&quot;:&quot;&quot;,&quot;orientation&quot;:&quot;1&quot;}\" data-image-title=\"19 Oscar Albini\" data-image-description=\"\" data-image-caption=\"&lt;p&gt;Presidente del HCD, Oscar Albini&lt;\/p&gt;\n\" data-large-file=\"https:\/\/www.hoymercedes.com.ar\/principal\/wp-content\/uploads\/2018\/09\/19-Oscar-Albini.jpeg\" class=\"size-medium wp-image-81321\" src=\"https:\/\/www.hoymercedes.com.ar\/principal\/wp-content\/uploads\/2018\/09\/19-Oscar-Albini-630x420.jpeg\" alt=\"\" width=\"630\" height=\"420\" srcset=\"https:\/\/www.hoymercedes.com.ar\/principal\/wp-content\/uploads\/2018\/09\/19-Oscar-Albini-630x420.jpeg 630w, https:\/\/www.hoymercedes.com.ar\/principal\/wp-content\/uploads\/2018\/09\/19-Oscar-Albini-150x100.jpeg 150w, https:\/\/www.hoymercedes.com.ar\/principal\/wp-content\/uploads\/2018\/09\/19-Oscar-Albini.jpeg 750w\" sizes=\"auto, (max-width: 630px) 100vw, 630px\" \/><figcaption id=\"caption-attachment-81321\" class=\"wp-caption-text\">Presidente del HCD, Oscar Albini<\/figcaption><\/figure>\n<p><!--more--><\/p>\n<p>Hac\u00eda unos meses que el Concejal Oscar Albini \u00a0ven\u00eda conversando la posibilidad de dejar la presidencia del HCD para volver a su banca y desde ah\u00ed poder intervenir en los temas de debate en las sesiones, algo que desde la presidencia no puede hacer m\u00e1s que bajando a su banca para cada intervenci\u00f3n solicit\u00e1ndole a los vicepresidentes que ocupen su puesto.<\/p>\n<p>Distintos medios le fueron consultando durante los d\u00edas previos y Albini explicaba que ten\u00eda la idea pero que no lo har\u00eda. Finalmente, este mi\u00e9rcoles, al ser nuevamente consultado, dijo que s\u00ed. Que a fin de a\u00f1o, dejar\u00e1 la presidencia para estar en el 2019 en la banca del bloque, teniendo en cuenta que ser\u00e1 un a\u00f1o electoral y que el radicalismo local buscar\u00e1 mantener las bancas obtenidas en 2015.<\/p>\n<p>\u201cDecid\u00ed que cuando termine el a\u00f1o de sesiones y se haga el balance, dejar\u00e9 la presidencia del Concejo Deliberante. Ya lo hab\u00eda hablado con el bloque y con concejales de otros bloques. Se viene un a\u00f1o electoral. Desde la presidencia uno est\u00e1 restringido a emitir distintas opiniones. Uno siendo presidente representa a todos los bloques y a todos los concejales. Desde el llano podr\u00e9 emitir opiniones, podr\u00e9 actuar m\u00e1s libremente. Por lo tanto creo que es necesario bajar a mi banca como concejal, dentro del bloque Cambiemos\u201d, explic\u00f3 confirmando los trascendidos y rumores.<\/p>\n<p>\u201cLa decisi\u00f3n la fui evaluando durante el a\u00f1o. Desde la presidencia uno tiene que mantener la cordura, la tranquilidad y buscar los consensos. Yo soy una persona de consensos y creo que lo demostr\u00e9 en el transcurso del a\u00f1o siendo presidente del Concejo. Pero el a\u00f1o que viene ser\u00e1 distinto. Ser\u00e1 electoral. Necesito poder trabajar algunos proyectos propios desde el llano\u201d, agreg\u00f3 sobre una decisi\u00f3n que m\u00e1s all\u00e1 de lo pol\u00edtico partidario se termin\u00f3 de definir desde la salud.<\/p>\n<p>&nbsp;<\/p>\n<p>Sesi\u00f3n Ordinaria<\/p>\n<p>Por otra parte, el titular del HCD anticip\u00f3 que la sesi\u00f3n ordinaria que por calendario deb\u00eda realizarse el lunes 24, se har\u00e1 el jueves 27 de septiembre en horas de la ma\u00f1ana. \u201cEl d\u00eda 24 se conmemora el D\u00eda de la Virgen de las Mercedes. Ese d\u00eda habr\u00e1 asueto administrativo para los Municipales, por lo tanto no sesionaremos. Por lo general, lo trasladamos al d\u00eda siguiente, pero el d\u00eda 25 hay anunciado una convocatoria de paro nacional. Podemos compartir o no la visi\u00f3n de quienes convocan, pero no podemos coartar el derecho a huelga de los trabajadores municipales del Concejo Deliberante. Por lo tanto, tampoco sesionaremos ese d\u00eda. Para el d\u00eda mi\u00e9rcoles hay una charla programada con una persona que no es de la ciudad, entonces tampoco podremos hacerla ese d\u00eda. El d\u00eda viernes tambi\u00e9n tenemos un evento en el recinto durante todo el d\u00eda con una jornada del \u00e1rea de salud.\u201d, explic\u00f3 Albini.<\/p>\n<p>\u201cDecidimos hacerla entonces el d\u00eda jueves 27, por la ma\u00f1ana. Acordamos con los Concejales hacerla a partir de las 8:30. El orden del d\u00eda no cerr\u00f3, as\u00ed que no sabemos cu\u00e1ntos expedientes estaremos tratando. Hay muchos expedientes de las comisiones aprobados por unanimidad. Algunos de ellos tienen que ver con loteos y tierras, regularizaciones de situaciones dominiales en diferentes barrios. Hasta el momento no hay pedidos formales de banca participativa, pero s\u00ed tendremos un reconocimiento propuesto por una de las concejalas\u201d, adelant\u00f3 el Presidente del HCD Oscar Albini dando cuenta del cambio de fecha de la sesi\u00f3n prevista para la cuarta semana de septiembre.<\/p>\n<p>Por Clarisa Altieri<\/p>\n","protected":false},"excerpt":{"rendered":"<p>El presidente del Concejo Deliberante confirm\u00f3 a los medios que dejar\u00e1 la presidencia en diciembre y que volver\u00e1 a sentarse &#8230; <a title=\"Albini confirm\u00f3 que dejar\u00e1 la presidencia del HCD a fin de a\u00f1o\" class=\"read-more\" href=\"https:\/\/www.hoymercedes.com.ar\/principal\/2018\/09\/19\/albini-confirmo-que-dejara-la-presidencia-del-hcd-a-fin-de-ano\/\" aria-label=\"Leer m\u00e1s sobre Albini confirm\u00f3 que dejar\u00e1 la presidencia del HCD a fin de a\u00f1o\">Leer m\u00e1s<\/a><\/p>\n","protected":false},"author":1,"featured_media":81321,"comment_status":"closed","ping_status":"open","sticky":false,"template":"","format":"standard","meta":{"_monsterinsights_skip_tracking":false,"_monsterinsights_sitenote_active":false,"_monsterinsights_sitenote_note":"","_monsterinsights_sitenote_category":0,"jetpack_post_was_ever_published":false,"_jetpack_newsletter_access":"","_jetpack_dont_email_post_to_subs":false,"_jetpack_newsletter_tier_id":0,"_jetpack_memberships_contains_paywalled_content":false,"_jetpack_memberships_contains_paid_content":false,"footnotes":"","jetpack_publicize_message":"","jetpack_publicize_feature_enabled":true,"jetpack_social_post_already_shared":true,"jetpack_social_options":{"image_generator_settings":{"template":"highway","default_image_id":0,"font":"","enabled":false},"version":2},"_wpas_customize_per_network":false},"categories":[5],"tags":[8993,15,10,2834,5319,11760],"class_list":["post-81320","post","type-post","status-publish","format-standard","has-post-thumbnail","hentry","category-politica","tag-concejales","tag-hcd","tag-mercedes","tag-oscar-albini","tag-politica-2","tag-presidencia","generate-columns","tablet-grid-50","mobile-grid-100","grid-parent","grid-50"],"jetpack_publicize_connections":[],"jetpack_featured_media_url":"https:\/\/www.hoymercedes.com.ar\/principal\/wp-content\/uploads\/2018\/09\/19-Oscar-Albini.jpeg","wps_subtitle":"Trabajo legislativo","jetpack_sharing_enabled":true,"_links":{"self":[{"href":"https:\/\/www.hoymercedes.com.ar\/principal\/wp-json\/wp\/v2\/posts\/81320","targetHints":{"allow":["GET"]}}],"collection":[{"href":"https:\/\/www.hoymercedes.com.ar\/principal\/wp-json\/wp\/v2\/posts"}],"about":[{"href":"https:\/\/www.hoymercedes.com.ar\/principal\/wp-json\/wp\/v2\/types\/post"}],"author":[{"embeddable":true,"href":"https:\/\/www.hoymercedes.com.ar\/principal\/wp-json\/wp\/v2\/users\/1"}],"replies":[{"embeddable":true,"href":"https:\/\/www.hoymercedes.com.ar\/principal\/wp-json\/wp\/v2\/comments?post=81320"}],"version-history":[{"count":0,"href":"https:\/\/www.hoymercedes.com.ar\/principal\/wp-json\/wp\/v2\/posts\/81320\/revisions"}],"wp:featuredmedia":[{"embeddable":true,"href":"https:\/\/www.hoymercedes.com.ar\/principal\/wp-json\/wp\/v2\/media\/81321"}],"wp:attachment":[{"href":"https:\/\/www.hoymercedes.com.ar\/principal\/wp-json\/wp\/v2\/media?parent=81320"}],"wp:term":[{"taxonomy":"category","embeddable":true,"href":"https:\/\/www.hoymercedes.com.ar\/principal\/wp-json\/wp\/v2\/categories?post=81320"},{"taxonomy":"post_tag","embeddable":true,"href":"https:\/\/www.hoymercedes.com.ar\/principal\/wp-json\/wp\/v2\/tags?post=81320"}],"curies":[{"name":"wp","href":"https:\/\/api.w.org\/{rel}","templated":true}]}}