{"id":81323,"date":"2018-09-19T17:18:33","date_gmt":"2018-09-19T20:18:33","guid":{"rendered":"http:\/\/www.hoymercedes.com.ar\/principal\/?p=81323"},"modified":"2018-09-19T20:10:10","modified_gmt":"2018-09-19T23:10:10","slug":"menos-servicios-de-trenes-gremios-se-acercaron-al-municipio-a-expresar-su-preocupacion","status":"publish","type":"post","link":"https:\/\/www.hoymercedes.com.ar\/principal\/2018\/09\/19\/menos-servicios-de-trenes-gremios-se-acercaron-al-municipio-a-expresar-su-preocupacion\/","title":{"rendered":"Menos servicios de trenes: gremios se acercaron al municipio a expresar su preocupaci\u00f3n"},"content":{"rendered":"<figure id=\"attachment_81324\" aria-describedby=\"caption-attachment-81324\" style=\"width: 620px\" class=\"wp-caption aligncenter\"><img loading=\"lazy\" decoding=\"async\" data-attachment-id=\"81324\" data-permalink=\"https:\/\/www.hoymercedes.com.ar\/principal\/2018\/09\/19\/menos-servicios-de-trenes-gremios-se-acercaron-al-municipio-a-expresar-su-preocupacion\/r2\/#main\" data-orig-file=\"https:\/\/www.hoymercedes.com.ar\/principal\/wp-content\/uploads\/2018\/09\/r2.jpg\" data-orig-size=\"911,608\" data-comments-opened=\"0\" data-image-meta=\"{&quot;aperture&quot;:&quot;0&quot;,&quot;credit&quot;:&quot;&quot;,&quot;camera&quot;:&quot;&quot;,&quot;caption&quot;:&quot;&quot;,&quot;created_timestamp&quot;:&quot;0&quot;,&quot;copyright&quot;:&quot;&quot;,&quot;focal_length&quot;:&quot;0&quot;,&quot;iso&quot;:&quot;0&quot;,&quot;shutter_speed&quot;:&quot;0&quot;,&quot;title&quot;:&quot;&quot;,&quot;orientation&quot;:&quot;0&quot;}\" data-image-title=\"r2\" data-image-description=\"\" data-image-caption=\"&lt;p&gt;Gremios de ferroviarios visitaron la ciudad y el intendente&lt;\/p&gt;\n\" data-large-file=\"https:\/\/www.hoymercedes.com.ar\/principal\/wp-content\/uploads\/2018\/09\/r2.jpg\" class=\"size-medium wp-image-81324\" src=\"https:\/\/www.hoymercedes.com.ar\/principal\/wp-content\/uploads\/2018\/09\/r2-630x420.jpg\" alt=\"\" width=\"630\" height=\"420\" srcset=\"https:\/\/www.hoymercedes.com.ar\/principal\/wp-content\/uploads\/2018\/09\/r2-630x420.jpg 630w, https:\/\/www.hoymercedes.com.ar\/principal\/wp-content\/uploads\/2018\/09\/r2-150x100.jpg 150w, https:\/\/www.hoymercedes.com.ar\/principal\/wp-content\/uploads\/2018\/09\/r2.jpg 911w\" sizes=\"auto, (max-width: 630px) 100vw, 630px\" \/><figcaption id=\"caption-attachment-81324\" class=\"wp-caption-text\">Gremios de ferroviarios visitaron la ciudad y el intendente<\/figcaption><\/figure>\n<p style=\"font-weight: 400;\">El intendente municipal, el Dr. Juan Ignacio Ustarroz recibi\u00f3 a los representantes de los trabajadores ferroviarios quienes lo pusieron al tanto de los recortes que sufrir\u00edan algunos servicios de trenes en nuestra ciudad. Jorge Ricardo Paiz, secretario de Pol\u00edtica Ferroviaria, expres\u00f3 \u201cnos reunimos con el intendente de Mercedes, Ustarroz, a ra\u00edz del ajuste que viene realizando el Gobierno nacional, mismo que ahora lleg\u00f3 a los ferrocarriles, algo que nosotros ve\u00edamos lejano\u201d.<\/p>\n<p style=\"font-weight: 400;\">M\u00e1s adelante sostuvo que Jorge Ricardo Paiz \u201cNo cre\u00edamos que fu\u00e9ramos a tener problemas por lo que ven\u00eda diciendo el ministro de Transporte de la Naci\u00f3n Guillermo Dietrich y toda la gente de transporte\u201d y que \u201cestamos todos los sindicatos unidos, ya visitamos a los intendentes del ramal Merlo-Lobos que tambi\u00e9n se ver\u00edan afectados con estos recortes. Mismo que afectar\u00eda a Mercedes, por eso venimos a reunirnos con el Intendente\u201d y a\u00f1adi\u00f3 \u201cdesde los sindicatos le comunicamos a la empresa que nuestra primera medida era hablar e informar a los Intendentes, quienes representan a los usuarios y trabajadores, para ver qu\u00e9 medida se tomar\u00e1. Los servicios a\u00fan no han sido recortados, pero entendemos que si permitimos que comiencen, con al menos un servicio, despu\u00e9s ser\u00e1 imposible poder pararlos\u201d.<\/p>\n<p style=\"font-weight: 400;\"><strong>Quita<\/strong><\/p>\n<p style=\"font-weight: 400;\">Adem\u00e1s, el Secretario Ferroviario brind\u00f3 un panorama de lo que se dijo en un primer momento, lo cual, hoy no se cumple \u201cnosotros ya ten\u00edamos una diagramaci\u00f3n propuesta por la empresa -a ra\u00edz de nuestros pedidos y los de los municipios- donde se iban a incrementar los servicios. Pero cuando nosotros vamos a reclamar esos servicios, nos encontramos que en vez de sumar los sacan. Por este motivo, desde los sindicatos no avalamos las medidas que quieren tomar, ya que la quita de estos perjudicar\u00eda, no solo a los trabajadores ferroviarios, sino, a los usuarios\u201d.<\/p>\n<p style=\"font-weight: 400;\"><strong>Planteos<\/strong><\/p>\n<p style=\"font-weight: 400;\">\u201cLos planteos desde la empresa para este recorte es que con esta media se ahorran 200 litros de gas o\u00edl, algo que considero una verg\u00fcenza, que una empresa de esa envergadura est\u00e9 pensando en esa m\u00ednima cantidad de combustible. Luego aludieron a la falta de usuarios en el servicio de las 02:00 de la ma\u00f1ana, de Buenos Aires a Mercedes, sin tener en cuenta la gran cantidad de gente que viaja en ese mismo tren a las 04.00 de la ma\u00f1ana, de Mercedes a Buenos Aires, muchos de ellos trabajadores\u201d sostuvo Jorge Paiz.<\/p>\n<p style=\"font-weight: 400;\">En ese sentido, el Secretario Ferroviario inform\u00f3 \u201csupuestamente estos servicios iban a ser recortados a partir del 26 de agosto, pero a ra\u00edz de las reuniones con los intendentes y los reclamos, a\u00fan no los han recortado\u201d.<\/p>\n<p style=\"font-weight: 400;\">En la visita, estuvieron presentes Jorge Paiz y Germ\u00e1n Mart\u00edn, de la Fraternidad, Fernando Sarco, Pablo Pastilla y Ram\u00f3n Maldonado, de ASFA, \u00a0Dami\u00e1n Stankanelli, de UPSF y Daniel Schalegel y Daniel Garbarino. Estuvieron tambi\u00e9n presentes el Secretario de Gobierno Municipal, Juan Pablo L\u00f3pez Baggio y el Jefe de Gabinete, Mat\u00edas Dematei.<\/p>\n<p style=\"font-weight: 400;\">Por su parte, al ser consultado por los medios, el Jefe Comunal sostuvo que \u201cEntendemos que el transporte p\u00fablico es esencial para el desarrollo de las comunidades y los pueblos, para defender el poder adquisitivo de los trabajadores\u201d y remarc\u00f3 que \u201centendemos que es esencial para un proyecto de pa\u00eds que no se pierdan puestos de trabajo, por eso entendemos el reclamo de los gremios\u201d.<\/p>\n<p style=\"font-weight: 400;\">\u201cCreemos que no se puede recortar el transporte p\u00fablico, no se deben sacar frecuencias de los servicios, porque esto tiene un impacto negativo en las comunidades. Nosotros lo vivimos con el transporte p\u00fablico de colectivos, que est\u00e1 en una encrucijada muy dif\u00edcil\u201d<\/p>\n<p style=\"font-weight: 400;\">En virtud de ello, el jefe comunal subray\u00f3 \u201cdesde nuestro lugar tratamos de hacer, de juntarnos, llev\u00e1ndole una voz firme, tanto al Gobierno provincial como Nacional, dici\u00e9ndoles que ac\u00e1 hay trabajadores, pueblo y ciudades que necesitan del transporte p\u00fablico\u201d.<\/p>\n","protected":false},"excerpt":{"rendered":"<p>El intendente municipal, el Dr. Juan Ignacio Ustarroz recibi\u00f3 a los representantes de los trabajadores ferroviarios quienes lo pusieron al &#8230; <a title=\"Menos servicios de trenes: gremios se acercaron al municipio a expresar su preocupaci\u00f3n\" class=\"read-more\" href=\"https:\/\/www.hoymercedes.com.ar\/principal\/2018\/09\/19\/menos-servicios-de-trenes-gremios-se-acercaron-al-municipio-a-expresar-su-preocupacion\/\" aria-label=\"Leer m\u00e1s sobre Menos servicios de trenes: gremios se acercaron al municipio a expresar su preocupaci\u00f3n\">Leer m\u00e1s<\/a><\/p>\n","protected":false},"author":1,"featured_media":81324,"comment_status":"closed","ping_status":"open","sticky":false,"template":"","format":"standard","meta":{"_monsterinsights_skip_tracking":false,"_monsterinsights_sitenote_active":false,"_monsterinsights_sitenote_note":"","_monsterinsights_sitenote_category":0,"jetpack_post_was_ever_published":false,"_jetpack_newsletter_access":"","_jetpack_dont_email_post_to_subs":false,"_jetpack_newsletter_tier_id":0,"_jetpack_memberships_contains_paywalled_content":false,"_jetpack_memberships_contains_paid_content":false,"footnotes":"","jetpack_publicize_message":"","jetpack_publicize_feature_enabled":true,"jetpack_social_post_already_shared":true,"jetpack_social_options":{"image_generator_settings":{"template":"highway","default_image_id":0,"font":"","enabled":false},"version":2},"_wpas_customize_per_network":false},"categories":[30],"tags":[13755,424],"class_list":["post-81323","post","type-post","status-publish","format-standard","has-post-thumbnail","hentry","category-municipio","tag-ferroviarios","tag-ustarroz","generate-columns","tablet-grid-50","mobile-grid-100","grid-parent","grid-50"],"jetpack_publicize_connections":[],"jetpack_featured_media_url":"https:\/\/www.hoymercedes.com.ar\/principal\/wp-content\/uploads\/2018\/09\/r2.jpg","wps_subtitle":"Ajuste","jetpack_sharing_enabled":true,"_links":{"self":[{"href":"https:\/\/www.hoymercedes.com.ar\/principal\/wp-json\/wp\/v2\/posts\/81323","targetHints":{"allow":["GET"]}}],"collection":[{"href":"https:\/\/www.hoymercedes.com.ar\/principal\/wp-json\/wp\/v2\/posts"}],"about":[{"href":"https:\/\/www.hoymercedes.com.ar\/principal\/wp-json\/wp\/v2\/types\/post"}],"author":[{"embeddable":true,"href":"https:\/\/www.hoymercedes.com.ar\/principal\/wp-json\/wp\/v2\/users\/1"}],"replies":[{"embeddable":true,"href":"https:\/\/www.hoymercedes.com.ar\/principal\/wp-json\/wp\/v2\/comments?post=81323"}],"version-history":[{"count":0,"href":"https:\/\/www.hoymercedes.com.ar\/principal\/wp-json\/wp\/v2\/posts\/81323\/revisions"}],"wp:featuredmedia":[{"embeddable":true,"href":"https:\/\/www.hoymercedes.com.ar\/principal\/wp-json\/wp\/v2\/media\/81324"}],"wp:attachment":[{"href":"https:\/\/www.hoymercedes.com.ar\/principal\/wp-json\/wp\/v2\/media?parent=81323"}],"wp:term":[{"taxonomy":"category","embeddable":true,"href":"https:\/\/www.hoymercedes.com.ar\/principal\/wp-json\/wp\/v2\/categories?post=81323"},{"taxonomy":"post_tag","embeddable":true,"href":"https:\/\/www.hoymercedes.com.ar\/principal\/wp-json\/wp\/v2\/tags?post=81323"}],"curies":[{"name":"wp","href":"https:\/\/api.w.org\/{rel}","templated":true}]}}