{"id":81328,"date":"2018-09-19T20:46:18","date_gmt":"2018-09-19T23:46:18","guid":{"rendered":"http:\/\/www.hoymercedes.com.ar\/principal\/?p=81328"},"modified":"2018-09-19T20:46:18","modified_gmt":"2018-09-19T23:46:18","slug":"el-coro-kennedy-festeja-sus-35-anos-de-vida-en-mercedes","status":"publish","type":"post","link":"https:\/\/www.hoymercedes.com.ar\/principal\/2018\/09\/19\/el-coro-kennedy-festeja-sus-35-anos-de-vida-en-mercedes\/","title":{"rendered":"El Coro Kennedy festeja sus 35 a\u00f1os de vida en Mercedes"},"content":{"rendered":"<p>A modo de adelanto, el Coro Kennedy anunci\u00f3 que en el mes de noviembre estar\u00e1n haciendo un concierto especial aniversario. Son 35 a\u00f1os desde que comenzaron a trabajar en la ciudad y quieren festejarlo con un renovado y colorido espect\u00e1culo con la direcci\u00f3n de Ra\u00fal Fritzche.\u00a0El concierto ser\u00e1 el domingo 4 de noviembre, a la hora 19, en el Centro Cultural Teatro Argentino \u00abJulio C. Gioscio\u00bb.\u00a0Con el auspicio de la Municipalidad de Mercedes y FM Santa Mar\u00eda 88.1 a total beneficio de CAIDIM el coro de cien integrantes presentar\u00e1n el espect\u00e1culo aniversario.<\/p>\n<p><img loading=\"lazy\" decoding=\"async\" data-attachment-id=\"81329\" data-permalink=\"https:\/\/www.hoymercedes.com.ar\/principal\/2018\/09\/19\/el-coro-kennedy-festeja-sus-35-anos-de-vida-en-mercedes\/19-coro-kennedy\/#main\" data-orig-file=\"https:\/\/www.hoymercedes.com.ar\/principal\/wp-content\/uploads\/2018\/09\/19-coro-kennedy.jpg\" data-orig-size=\"750,629\" data-comments-opened=\"0\" data-image-meta=\"{&quot;aperture&quot;:&quot;0&quot;,&quot;credit&quot;:&quot;&quot;,&quot;camera&quot;:&quot;&quot;,&quot;caption&quot;:&quot;&quot;,&quot;created_timestamp&quot;:&quot;0&quot;,&quot;copyright&quot;:&quot;&quot;,&quot;focal_length&quot;:&quot;0&quot;,&quot;iso&quot;:&quot;0&quot;,&quot;shutter_speed&quot;:&quot;0&quot;,&quot;title&quot;:&quot;&quot;,&quot;orientation&quot;:&quot;0&quot;}\" data-image-title=\"19 coro kennedy\" data-image-description=\"\" data-image-caption=\"\" data-large-file=\"https:\/\/www.hoymercedes.com.ar\/principal\/wp-content\/uploads\/2018\/09\/19-coro-kennedy.jpg\" class=\"aligncenter size-medium wp-image-81329\" src=\"https:\/\/www.hoymercedes.com.ar\/principal\/wp-content\/uploads\/2018\/09\/19-coro-kennedy-630x528.jpg\" alt=\"\" width=\"630\" height=\"528\" srcset=\"https:\/\/www.hoymercedes.com.ar\/principal\/wp-content\/uploads\/2018\/09\/19-coro-kennedy-630x528.jpg 630w, https:\/\/www.hoymercedes.com.ar\/principal\/wp-content\/uploads\/2018\/09\/19-coro-kennedy-150x126.jpg 150w, https:\/\/www.hoymercedes.com.ar\/principal\/wp-content\/uploads\/2018\/09\/19-coro-kennedy.jpg 750w\" sizes=\"auto, (max-width: 630px) 100vw, 630px\" \/><\/p>\n","protected":false},"excerpt":{"rendered":"<p>A modo de adelanto, el Coro Kennedy anunci\u00f3 que en el mes de noviembre estar\u00e1n haciendo un concierto especial aniversario. &#8230; <a title=\"El Coro Kennedy festeja sus 35 a\u00f1os de vida en Mercedes\" class=\"read-more\" href=\"https:\/\/www.hoymercedes.com.ar\/principal\/2018\/09\/19\/el-coro-kennedy-festeja-sus-35-anos-de-vida-en-mercedes\/\" aria-label=\"Leer m\u00e1s sobre El Coro Kennedy festeja sus 35 a\u00f1os de vida en Mercedes\">Leer m\u00e1s<\/a><\/p>\n","protected":false},"author":1,"featured_media":81329,"comment_status":"closed","ping_status":"open","sticky":false,"template":"","format":"standard","meta":{"_monsterinsights_skip_tracking":false,"_monsterinsights_sitenote_active":false,"_monsterinsights_sitenote_note":"","_monsterinsights_sitenote_category":0,"jetpack_post_was_ever_published":false,"_jetpack_newsletter_access":"","_jetpack_dont_email_post_to_subs":false,"_jetpack_newsletter_tier_id":0,"_jetpack_memberships_contains_paywalled_content":false,"_jetpack_memberships_contains_paid_content":false,"footnotes":"","jetpack_publicize_message":"","jetpack_publicize_feature_enabled":true,"jetpack_social_post_already_shared":true,"jetpack_social_options":{"image_generator_settings":{"template":"highway","default_image_id":0,"font":"","enabled":false},"version":2},"_wpas_customize_per_network":false},"categories":[104],"tags":[13757,8727,13756,7805,8651,8539],"class_list":["post-81328","post","type-post","status-publish","format-standard","has-post-thumbnail","hentry","category-cultura","tag-anticipo","tag-coro","tag-coro-kennedy","tag-cultura","tag-espectaculo","tag-musica","generate-columns","tablet-grid-50","mobile-grid-100","grid-parent","grid-50"],"jetpack_publicize_connections":[],"jetpack_featured_media_url":"https:\/\/www.hoymercedes.com.ar\/principal\/wp-content\/uploads\/2018\/09\/19-coro-kennedy.jpg","wps_subtitle":"Para ir agendando","jetpack_sharing_enabled":true,"_links":{"self":[{"href":"https:\/\/www.hoymercedes.com.ar\/principal\/wp-json\/wp\/v2\/posts\/81328","targetHints":{"allow":["GET"]}}],"collection":[{"href":"https:\/\/www.hoymercedes.com.ar\/principal\/wp-json\/wp\/v2\/posts"}],"about":[{"href":"https:\/\/www.hoymercedes.com.ar\/principal\/wp-json\/wp\/v2\/types\/post"}],"author":[{"embeddable":true,"href":"https:\/\/www.hoymercedes.com.ar\/principal\/wp-json\/wp\/v2\/users\/1"}],"replies":[{"embeddable":true,"href":"https:\/\/www.hoymercedes.com.ar\/principal\/wp-json\/wp\/v2\/comments?post=81328"}],"version-history":[{"count":0,"href":"https:\/\/www.hoymercedes.com.ar\/principal\/wp-json\/wp\/v2\/posts\/81328\/revisions"}],"wp:featuredmedia":[{"embeddable":true,"href":"https:\/\/www.hoymercedes.com.ar\/principal\/wp-json\/wp\/v2\/media\/81329"}],"wp:attachment":[{"href":"https:\/\/www.hoymercedes.com.ar\/principal\/wp-json\/wp\/v2\/media?parent=81328"}],"wp:term":[{"taxonomy":"category","embeddable":true,"href":"https:\/\/www.hoymercedes.com.ar\/principal\/wp-json\/wp\/v2\/categories?post=81328"},{"taxonomy":"post_tag","embeddable":true,"href":"https:\/\/www.hoymercedes.com.ar\/principal\/wp-json\/wp\/v2\/tags?post=81328"}],"curies":[{"name":"wp","href":"https:\/\/api.w.org\/{rel}","templated":true}]}}