{"id":81348,"date":"2018-09-20T10:18:56","date_gmt":"2018-09-20T13:18:56","guid":{"rendered":"http:\/\/www.hoymercedes.com.ar\/principal\/?p=81348"},"modified":"2018-09-20T09:32:31","modified_gmt":"2018-09-20T12:32:31","slug":"confirmaron-las-veinte-bandas-que-actuaran-en-el-mercedes-rock","status":"publish","type":"post","link":"https:\/\/www.hoymercedes.com.ar\/principal\/2018\/09\/20\/confirmaron-las-veinte-bandas-que-actuaran-en-el-mercedes-rock\/","title":{"rendered":"Confirmaron las veinte bandas que actuar\u00e1n en el Mercedes Rock"},"content":{"rendered":"<p>Los detalles para la organizaci\u00f3n del Mercedes Rock se est\u00e1n definiendo. Por estos d\u00edas se realiz\u00f3 el sorteo de la bandas que\u00a0tocar\u00e1n el s\u00e1bado 20 y domingo 21 de octubre pr\u00f3ximo, en el ex-Mart\u00edn R\u00f3dr\u00edguez. Ser\u00e1n 19 las bandas locales que participar\u00e1n del festival que cerrar\u00e1 la banda nacional Bersuit Vergarabat (La Bersuit, para muchos). La grilla definitiva del evento se har\u00e1 definir\u00e1 en los pr\u00f3ximos d\u00edas.<\/p>\n<p>Las bandas que fueron sorteadas y confirmaron su presencia son: Don Ust\u00e9, Black Cachivache, Ant\u00edpodas, Ley Seca, Camino a Chinar, Zalhanzan, El Motivo, Buitre y La Otra, La de abajo, Yodo Status, Pata Simonet, Crackerbox, Cuarto Pasajeros, El\u00e9ctrico Lim\u00f3n, Voodoo, Rechifle, F. G Rock, Faz y Delator.<\/p>\n<p>El predio del Mart\u00edn Rodr\u00edguez se abrir\u00e1 al mediod\u00eda. All\u00ed se instalar\u00e1 una \u00abexpo rock\u00bb que permitir\u00e1 la difusi\u00f3n de distintas actividades locales como\u00a0escuelas de m\u00fasica, profesores, talleristas, y vendedores de ropa y CDs de rock (por supuesto).<\/p>\n<figure id=\"attachment_81350\" aria-describedby=\"caption-attachment-81350\" style=\"width: 620px\" class=\"wp-caption aligncenter\"><img loading=\"lazy\" decoding=\"async\" data-attachment-id=\"81350\" data-permalink=\"https:\/\/www.hoymercedes.com.ar\/principal\/2018\/09\/20\/confirmaron-las-veinte-bandas-que-actuaran-en-el-mercedes-rock\/20-muni-rock-1\/#main\" data-orig-file=\"https:\/\/www.hoymercedes.com.ar\/principal\/wp-content\/uploads\/2018\/09\/20-muni-rock-1.jpg\" data-orig-size=\"750,501\" data-comments-opened=\"0\" data-image-meta=\"{&quot;aperture&quot;:&quot;0&quot;,&quot;credit&quot;:&quot;&quot;,&quot;camera&quot;:&quot;&quot;,&quot;caption&quot;:&quot;&quot;,&quot;created_timestamp&quot;:&quot;0&quot;,&quot;copyright&quot;:&quot;&quot;,&quot;focal_length&quot;:&quot;0&quot;,&quot;iso&quot;:&quot;0&quot;,&quot;shutter_speed&quot;:&quot;0&quot;,&quot;title&quot;:&quot;&quot;,&quot;orientation&quot;:&quot;0&quot;}\" data-image-title=\"20 muni rock-1\" data-image-description=\"\" data-image-caption=\"\" data-large-file=\"https:\/\/www.hoymercedes.com.ar\/principal\/wp-content\/uploads\/2018\/09\/20-muni-rock-1.jpg\" class=\"wp-image-81350 size-medium\" src=\"https:\/\/www.hoymercedes.com.ar\/principal\/wp-content\/uploads\/2018\/09\/20-muni-rock-1-630x421.jpg\" alt=\"\" width=\"630\" height=\"421\" srcset=\"https:\/\/www.hoymercedes.com.ar\/principal\/wp-content\/uploads\/2018\/09\/20-muni-rock-1-630x421.jpg 630w, https:\/\/www.hoymercedes.com.ar\/principal\/wp-content\/uploads\/2018\/09\/20-muni-rock-1-150x100.jpg 150w, https:\/\/www.hoymercedes.com.ar\/principal\/wp-content\/uploads\/2018\/09\/20-muni-rock-1.jpg 750w\" sizes=\"auto, (max-width: 630px) 100vw, 630px\" \/><figcaption id=\"caption-attachment-81350\" class=\"wp-caption-text\">El martes pasado se realiz\u00f3 el sorteo que determin\u00f3 qu\u00e9 bandas participar\u00e1n del festival.<\/figcaption><\/figure>\n<p>&nbsp;<\/p>\n<p>&nbsp;<\/p>\n","protected":false},"excerpt":{"rendered":"<p>Los detalles para la organizaci\u00f3n del Mercedes Rock se est\u00e1n definiendo. Por estos d\u00edas se realiz\u00f3 el sorteo de la &#8230; <a title=\"Confirmaron las veinte bandas que actuar\u00e1n en el Mercedes Rock\" class=\"read-more\" href=\"https:\/\/www.hoymercedes.com.ar\/principal\/2018\/09\/20\/confirmaron-las-veinte-bandas-que-actuaran-en-el-mercedes-rock\/\" aria-label=\"Leer m\u00e1s sobre Confirmaron las veinte bandas que actuar\u00e1n en el Mercedes Rock\">Leer m\u00e1s<\/a><\/p>\n","protected":false},"author":1,"featured_media":81350,"comment_status":"closed","ping_status":"open","sticky":false,"template":"","format":"standard","meta":{"_monsterinsights_skip_tracking":false,"_monsterinsights_sitenote_active":false,"_monsterinsights_sitenote_note":"","_monsterinsights_sitenote_category":0,"jetpack_post_was_ever_published":false,"_jetpack_newsletter_access":"","_jetpack_dont_email_post_to_subs":false,"_jetpack_newsletter_tier_id":0,"_jetpack_memberships_contains_paywalled_content":false,"_jetpack_memberships_contains_paid_content":false,"footnotes":"","jetpack_publicize_message":"","jetpack_publicize_feature_enabled":true,"jetpack_social_post_already_shared":true,"jetpack_social_options":{"image_generator_settings":{"template":"highway","default_image_id":0,"font":"","enabled":false},"version":2},"_wpas_customize_per_network":false},"categories":[104],"tags":[7805,13759,8539,13760],"class_list":["post-81348","post","type-post","status-publish","format-standard","has-post-thumbnail","hentry","category-cultura","tag-cultura","tag-mercedes-rock","tag-musica","tag-sorteo-de-bandas","generate-columns","tablet-grid-50","mobile-grid-100","grid-parent","grid-50"],"jetpack_publicize_connections":[],"jetpack_featured_media_url":"https:\/\/www.hoymercedes.com.ar\/principal\/wp-content\/uploads\/2018\/09\/20-muni-rock-1.jpg","wps_subtitle":"20 y 21 de octubre","jetpack_sharing_enabled":true,"_links":{"self":[{"href":"https:\/\/www.hoymercedes.com.ar\/principal\/wp-json\/wp\/v2\/posts\/81348","targetHints":{"allow":["GET"]}}],"collection":[{"href":"https:\/\/www.hoymercedes.com.ar\/principal\/wp-json\/wp\/v2\/posts"}],"about":[{"href":"https:\/\/www.hoymercedes.com.ar\/principal\/wp-json\/wp\/v2\/types\/post"}],"author":[{"embeddable":true,"href":"https:\/\/www.hoymercedes.com.ar\/principal\/wp-json\/wp\/v2\/users\/1"}],"replies":[{"embeddable":true,"href":"https:\/\/www.hoymercedes.com.ar\/principal\/wp-json\/wp\/v2\/comments?post=81348"}],"version-history":[{"count":0,"href":"https:\/\/www.hoymercedes.com.ar\/principal\/wp-json\/wp\/v2\/posts\/81348\/revisions"}],"wp:featuredmedia":[{"embeddable":true,"href":"https:\/\/www.hoymercedes.com.ar\/principal\/wp-json\/wp\/v2\/media\/81350"}],"wp:attachment":[{"href":"https:\/\/www.hoymercedes.com.ar\/principal\/wp-json\/wp\/v2\/media?parent=81348"}],"wp:term":[{"taxonomy":"category","embeddable":true,"href":"https:\/\/www.hoymercedes.com.ar\/principal\/wp-json\/wp\/v2\/categories?post=81348"},{"taxonomy":"post_tag","embeddable":true,"href":"https:\/\/www.hoymercedes.com.ar\/principal\/wp-json\/wp\/v2\/tags?post=81348"}],"curies":[{"name":"wp","href":"https:\/\/api.w.org\/{rel}","templated":true}]}}