{"id":81354,"date":"2018-09-20T15:19:44","date_gmt":"2018-09-20T18:19:44","guid":{"rendered":"http:\/\/www.hoymercedes.com.ar\/principal\/?p=81354"},"modified":"2018-09-20T15:19:44","modified_gmt":"2018-09-20T18:19:44","slug":"carta-abierta-de-oscar-dinova-ante-agresiones-por-la-primavera","status":"publish","type":"post","link":"https:\/\/www.hoymercedes.com.ar\/principal\/2018\/09\/20\/carta-abierta-de-oscar-dinova-ante-agresiones-por-la-primavera\/","title":{"rendered":"Carta Abierta de Oscar Dinova ante agresiones por la primavera"},"content":{"rendered":"<p>Ante qui\u00e9n corresponda;<\/p>\n<p>Ma\u00f1ana es el D\u00eda de la Primavera. Debiera ser el d\u00eda del festejo de la vida, del renacer, de la amistad. Pero algo funciona mal en nuestra sociedad mercedina.<br \/>\nHoy, 20 de Setiembre siendo un poco m\u00e1s de las 10.30 hs estuve adquiriendo productos en la Farmacia de Carlos Milhomme, lindante con el Colegio San Antonio (calle 30 e\/13 y 15).<br \/>\nLos chicos y chicas de secundaria estaban realizando una estudiantina en el play\u00f3n. Humo negro, humo verde, rondas, sal<span class=\"text_exposed_show\">tos y cantos desaforados y cargados de violencia hacia otra instituci\u00f3n privada de nuestro medio. Se acreditaban ser los mejores, los \u00abotros\u00bb eran los peores y adem\u00e1s eran todos p&#8230;.<br \/>\nTodo, frente a la mirada de los adultos a cargo.<br \/>\nDecid\u00ed dar la vuelta, fui hasta la puerta de entrada y le comuniqu\u00e9 a una docente presente mi estupor frente a la pasividad de los mayores y a los desvalores que se propagaban desde esta querida Instituci\u00f3n de mi ciudad.<br \/>\nActo seguido llam\u00e9 a las autoridades educativas y municipales para que hicieran reflexionar a \u00abqui\u00e9n corresponda\u00bb del camino equivocado que se estaba transitando.<br \/>\nMe faltan los padres y por eso estoy usando este medio.<br \/>\nPara que les llegue este desatino y puedan hablar con sus hijos.<br \/>\nLes digan que el 21 de Setiembre hay que festejar la vida y no tentar a la desgracia.<br \/>\nA\u00fan estamos a tiempo.<\/span><\/p>\n<div class=\"text_exposed_show\">\n<p>Oscar A. Dinova<\/p>\n<\/div>\n","protected":false},"excerpt":{"rendered":"<p>Ante qui\u00e9n corresponda; Ma\u00f1ana es el D\u00eda de la Primavera. Debiera ser el d\u00eda del festejo de la vida, del &#8230; <a title=\"Carta Abierta de Oscar Dinova ante agresiones por la primavera\" class=\"read-more\" href=\"https:\/\/www.hoymercedes.com.ar\/principal\/2018\/09\/20\/carta-abierta-de-oscar-dinova-ante-agresiones-por-la-primavera\/\" aria-label=\"Leer m\u00e1s sobre Carta Abierta de Oscar Dinova ante agresiones por la primavera\">Leer m\u00e1s<\/a><\/p>\n","protected":false},"author":1,"featured_media":0,"comment_status":"closed","ping_status":"open","sticky":false,"template":"","format":"standard","meta":{"_monsterinsights_skip_tracking":false,"_monsterinsights_sitenote_active":false,"_monsterinsights_sitenote_note":"","_monsterinsights_sitenote_category":0,"jetpack_post_was_ever_published":false,"_jetpack_newsletter_access":"","_jetpack_dont_email_post_to_subs":false,"_jetpack_newsletter_tier_id":0,"_jetpack_memberships_contains_paywalled_content":false,"_jetpack_memberships_contains_paid_content":false,"footnotes":"","jetpack_publicize_message":"","jetpack_publicize_feature_enabled":true,"jetpack_social_post_already_shared":true,"jetpack_social_options":{"image_generator_settings":{"template":"highway","default_image_id":0,"font":"","enabled":false},"version":2},"_wpas_customize_per_network":false},"categories":[1],"tags":[8748,10031,13761],"class_list":["post-81354","post","type-post","status-publish","format-standard","hentry","category-opinion","tag-opinion","tag-primavera","tag-reflexion","generate-columns","tablet-grid-50","mobile-grid-100","grid-parent","grid-50"],"jetpack_publicize_connections":[],"jetpack_featured_media_url":"","wps_subtitle":"Para Reflexionar","jetpack_sharing_enabled":true,"_links":{"self":[{"href":"https:\/\/www.hoymercedes.com.ar\/principal\/wp-json\/wp\/v2\/posts\/81354","targetHints":{"allow":["GET"]}}],"collection":[{"href":"https:\/\/www.hoymercedes.com.ar\/principal\/wp-json\/wp\/v2\/posts"}],"about":[{"href":"https:\/\/www.hoymercedes.com.ar\/principal\/wp-json\/wp\/v2\/types\/post"}],"author":[{"embeddable":true,"href":"https:\/\/www.hoymercedes.com.ar\/principal\/wp-json\/wp\/v2\/users\/1"}],"replies":[{"embeddable":true,"href":"https:\/\/www.hoymercedes.com.ar\/principal\/wp-json\/wp\/v2\/comments?post=81354"}],"version-history":[{"count":0,"href":"https:\/\/www.hoymercedes.com.ar\/principal\/wp-json\/wp\/v2\/posts\/81354\/revisions"}],"wp:attachment":[{"href":"https:\/\/www.hoymercedes.com.ar\/principal\/wp-json\/wp\/v2\/media?parent=81354"}],"wp:term":[{"taxonomy":"category","embeddable":true,"href":"https:\/\/www.hoymercedes.com.ar\/principal\/wp-json\/wp\/v2\/categories?post=81354"},{"taxonomy":"post_tag","embeddable":true,"href":"https:\/\/www.hoymercedes.com.ar\/principal\/wp-json\/wp\/v2\/tags?post=81354"}],"curies":[{"name":"wp","href":"https:\/\/api.w.org\/{rel}","templated":true}]}}