{"id":81356,"date":"2018-09-20T16:10:16","date_gmt":"2018-09-20T19:10:16","guid":{"rendered":"http:\/\/www.hoymercedes.com.ar\/principal\/?p=81356"},"modified":"2018-09-20T15:42:36","modified_gmt":"2018-09-20T18:42:36","slug":"curso-de-orfebreria-para-los-internos-de-la-unidad-n-5","status":"publish","type":"post","link":"https:\/\/www.hoymercedes.com.ar\/principal\/2018\/09\/20\/curso-de-orfebreria-para-los-internos-de-la-unidad-n-5\/","title":{"rendered":"Curso de orfebrer\u00eda para los internos de la Unidad N\u00b0 5"},"content":{"rendered":"<p>En los talleres de la Unidad 5, de Mercedes, se esta llevando a cabo un curso donde aprenden plater\u00eda y joyer\u00eda criolla. Todos los martes, durante 3 horas viene Carlos Crespo, joyero de oficio, -as\u00ed se define- y de manera gratuita ense\u00f1a lo que con mucho sacrificio ha aprendido a personas privadas de su libertad.<\/p>\n<p><img loading=\"lazy\" decoding=\"async\" data-attachment-id=\"81357\" data-permalink=\"https:\/\/www.hoymercedes.com.ar\/principal\/2018\/09\/20\/curso-de-orfebreria-para-los-internos-de-la-unidad-n-5\/20-internos-orfebreria\/#main\" data-orig-file=\"https:\/\/www.hoymercedes.com.ar\/principal\/wp-content\/uploads\/2018\/09\/20-internos-orfebreria.jpg\" data-orig-size=\"750,422\" data-comments-opened=\"0\" data-image-meta=\"{&quot;aperture&quot;:&quot;0&quot;,&quot;credit&quot;:&quot;&quot;,&quot;camera&quot;:&quot;&quot;,&quot;caption&quot;:&quot;&quot;,&quot;created_timestamp&quot;:&quot;0&quot;,&quot;copyright&quot;:&quot;&quot;,&quot;focal_length&quot;:&quot;0&quot;,&quot;iso&quot;:&quot;0&quot;,&quot;shutter_speed&quot;:&quot;0&quot;,&quot;title&quot;:&quot;&quot;,&quot;orientation&quot;:&quot;0&quot;}\" data-image-title=\"20 internos orfebreria\" data-image-description=\"\" data-image-caption=\"\" data-large-file=\"https:\/\/www.hoymercedes.com.ar\/principal\/wp-content\/uploads\/2018\/09\/20-internos-orfebreria.jpg\" class=\"aligncenter size-medium wp-image-81357\" src=\"https:\/\/www.hoymercedes.com.ar\/principal\/wp-content\/uploads\/2018\/09\/20-internos-orfebreria-630x354.jpg\" alt=\"\" width=\"630\" height=\"354\" srcset=\"https:\/\/www.hoymercedes.com.ar\/principal\/wp-content\/uploads\/2018\/09\/20-internos-orfebreria-630x354.jpg 630w, https:\/\/www.hoymercedes.com.ar\/principal\/wp-content\/uploads\/2018\/09\/20-internos-orfebreria-150x84.jpg 150w, https:\/\/www.hoymercedes.com.ar\/principal\/wp-content\/uploads\/2018\/09\/20-internos-orfebreria.jpg 750w\" sizes=\"auto, (max-width: 630px) 100vw, 630px\" \/><\/p>\n<p>Con planchas de alpaca, bronce y cobre, les ense\u00f1a a darles formas, recortar soldar y pulir y hacen llaveros, hebillas de cintos, pulseras entre otras artesan\u00edas. Tambi\u00e9n entre sus materiales hay mates de aluminio que llegan lisos y despu\u00e9s de unas cuantas horas de clases, se convierten en obras talladas con diversos dibujos, guardas, y letras.<\/p>\n<p>Crespo, llega muy temprano por la ma\u00f1ana, y nos dice que no hay obst\u00e1culo que no se venza, \u00e9l se moviliza en silla de ruedas, \u00a0por eso decidi\u00f3 desde chico que sus brazos lo ayudar\u00edan y aprendi\u00f3 el oficio que hoy esta trasmitiendo, en este momento lo que m\u00e1s fabrica de manera particular son chucillos artesanales, y con respecto de esta experiencia, comenta que es muy enriquecedora y \u00a0que con pocas horas y no muchos materiales han aprendido mucho mas de lo que el mismo imaginaba. El curso contin\u00faa hasta fin de a\u00f1o y tiene planes de ense\u00f1ar otras t\u00e9cnicas.<\/p>\n<p>El Director del establecimiento,\u00a0Ricardo Mendez, agradece la voluntad y sacrificio que realiza el se\u00f1or Carlos Crespo para llevar adelante este taller, y resalt\u00f3 los avances que han tenido los asistentes al curso, y la importancia\u00a0que tiene formarse en el trayecto carcelario para luego, aplicarlo en la\u00a0b\u00fasqueda de oportunidades que puedan ser empleadas al\u00a0momento de su egreso.<\/p>\n<p>Fuente: Unidad 5<\/p>\n","protected":false},"excerpt":{"rendered":"<p>En los talleres de la Unidad 5, de Mercedes, se esta llevando a cabo un curso donde aprenden plater\u00eda y &#8230; <a title=\"Curso de orfebrer\u00eda para los internos de la Unidad N\u00b0 5\" class=\"read-more\" href=\"https:\/\/www.hoymercedes.com.ar\/principal\/2018\/09\/20\/curso-de-orfebreria-para-los-internos-de-la-unidad-n-5\/\" aria-label=\"Leer m\u00e1s sobre Curso de orfebrer\u00eda para los internos de la Unidad N\u00b0 5\">Leer m\u00e1s<\/a><\/p>\n","protected":false},"author":1,"featured_media":81357,"comment_status":"closed","ping_status":"open","sticky":false,"template":"","format":"standard","meta":{"_monsterinsights_skip_tracking":false,"_monsterinsights_sitenote_active":false,"_monsterinsights_sitenote_note":"","_monsterinsights_sitenote_category":0,"jetpack_post_was_ever_published":false,"_jetpack_newsletter_access":"","_jetpack_dont_email_post_to_subs":false,"_jetpack_newsletter_tier_id":0,"_jetpack_memberships_contains_paywalled_content":false,"_jetpack_memberships_contains_paid_content":false,"footnotes":"","jetpack_publicize_message":"","jetpack_publicize_feature_enabled":true,"jetpack_social_post_already_shared":true,"jetpack_social_options":{"image_generator_settings":{"template":"highway","default_image_id":0,"font":"","enabled":false},"version":2},"_wpas_customize_per_network":false},"categories":[8],"tags":[1011,9922,10,7802,113],"class_list":["post-81356","post","type-post","status-publish","format-standard","has-post-thumbnail","hentry","category-sociedad","tag-carcel","tag-cursos","tag-mercedes","tag-sociedad","tag-unidad-5","generate-columns","tablet-grid-50","mobile-grid-100","grid-parent","grid-50"],"jetpack_publicize_connections":[],"jetpack_featured_media_url":"https:\/\/www.hoymercedes.com.ar\/principal\/wp-content\/uploads\/2018\/09\/20-internos-orfebreria.jpg","wps_subtitle":"Talleres en la c\u00e1rcel","jetpack_sharing_enabled":true,"_links":{"self":[{"href":"https:\/\/www.hoymercedes.com.ar\/principal\/wp-json\/wp\/v2\/posts\/81356","targetHints":{"allow":["GET"]}}],"collection":[{"href":"https:\/\/www.hoymercedes.com.ar\/principal\/wp-json\/wp\/v2\/posts"}],"about":[{"href":"https:\/\/www.hoymercedes.com.ar\/principal\/wp-json\/wp\/v2\/types\/post"}],"author":[{"embeddable":true,"href":"https:\/\/www.hoymercedes.com.ar\/principal\/wp-json\/wp\/v2\/users\/1"}],"replies":[{"embeddable":true,"href":"https:\/\/www.hoymercedes.com.ar\/principal\/wp-json\/wp\/v2\/comments?post=81356"}],"version-history":[{"count":0,"href":"https:\/\/www.hoymercedes.com.ar\/principal\/wp-json\/wp\/v2\/posts\/81356\/revisions"}],"wp:featuredmedia":[{"embeddable":true,"href":"https:\/\/www.hoymercedes.com.ar\/principal\/wp-json\/wp\/v2\/media\/81357"}],"wp:attachment":[{"href":"https:\/\/www.hoymercedes.com.ar\/principal\/wp-json\/wp\/v2\/media?parent=81356"}],"wp:term":[{"taxonomy":"category","embeddable":true,"href":"https:\/\/www.hoymercedes.com.ar\/principal\/wp-json\/wp\/v2\/categories?post=81356"},{"taxonomy":"post_tag","embeddable":true,"href":"https:\/\/www.hoymercedes.com.ar\/principal\/wp-json\/wp\/v2\/tags?post=81356"}],"curies":[{"name":"wp","href":"https:\/\/api.w.org\/{rel}","templated":true}]}}