{"id":81359,"date":"2018-09-20T17:04:12","date_gmt":"2018-09-20T20:04:12","guid":{"rendered":"http:\/\/www.hoymercedes.com.ar\/principal\/?p=81359"},"modified":"2018-09-20T16:16:01","modified_gmt":"2018-09-20T19:16:01","slug":"kelly-estamos-organizando-todo-como-para-que-los-dos-eventos-funcionen-como-corresponde","status":"publish","type":"post","link":"https:\/\/www.hoymercedes.com.ar\/principal\/2018\/09\/20\/kelly-estamos-organizando-todo-como-para-que-los-dos-eventos-funcionen-como-corresponde\/","title":{"rendered":"Kelly: \u201cEstamos organizando todo como para que los dos eventos funcionen como corresponde\u201d"},"content":{"rendered":"<p>La Secretaria de Seguridad Municipal, Josefina Kelly, dio cuenta de las medidas preventivas a tomar para este 21 de septiembre en donde se celebrar\u00e1 el inicio de la Fiesta del Salame y los festejos por el d\u00eda del estudiante y la primavera.<\/p>\n<p><img loading=\"lazy\" decoding=\"async\" data-attachment-id=\"81349\" data-permalink=\"https:\/\/www.hoymercedes.com.ar\/principal\/2018\/09\/20\/confirmaron-las-veinte-bandas-que-actuaran-en-el-mercedes-rock\/20-josefina-kelly\/#main\" data-orig-file=\"https:\/\/www.hoymercedes.com.ar\/principal\/wp-content\/uploads\/2018\/09\/20-josefina-kelly.jpeg\" data-orig-size=\"750,500\" data-comments-opened=\"0\" data-image-meta=\"{&quot;aperture&quot;:&quot;2&quot;,&quot;credit&quot;:&quot;&quot;,&quot;camera&quot;:&quot;Moto G (5S) Plus&quot;,&quot;caption&quot;:&quot;&quot;,&quot;created_timestamp&quot;:&quot;1537357882&quot;,&quot;copyright&quot;:&quot;&quot;,&quot;focal_length&quot;:&quot;3.59&quot;,&quot;iso&quot;:&quot;144&quot;,&quot;shutter_speed&quot;:&quot;0.033333333333333&quot;,&quot;title&quot;:&quot;&quot;,&quot;orientation&quot;:&quot;1&quot;}\" data-image-title=\"20 josefina kelly\" data-image-description=\"\" data-image-caption=\"\" data-large-file=\"https:\/\/www.hoymercedes.com.ar\/principal\/wp-content\/uploads\/2018\/09\/20-josefina-kelly.jpeg\" class=\"aligncenter size-medium wp-image-81349\" src=\"https:\/\/www.hoymercedes.com.ar\/principal\/wp-content\/uploads\/2018\/09\/20-josefina-kelly-630x420.jpeg\" alt=\"\" width=\"630\" height=\"420\" srcset=\"https:\/\/www.hoymercedes.com.ar\/principal\/wp-content\/uploads\/2018\/09\/20-josefina-kelly-630x420.jpeg 630w, https:\/\/www.hoymercedes.com.ar\/principal\/wp-content\/uploads\/2018\/09\/20-josefina-kelly-150x100.jpeg 150w, https:\/\/www.hoymercedes.com.ar\/principal\/wp-content\/uploads\/2018\/09\/20-josefina-kelly.jpeg 750w\" sizes=\"auto, (max-width: 630px) 100vw, 630px\" \/><\/p>\n<p>Este viernes se celebra el d\u00eda del estudiante y la llegada de la primavera y eso provoca en los vecinos gran preocupaci\u00f3n teniendo en cuenta diferentes conflictos que han sucedido a\u00f1os anteriores entre los j\u00f3venes que celebran su d\u00eda en diferentes puntos del a ciudad. La Secretaria de Seguridad, Josefina Kelly, dio cuenta del trabajo previo y las medidas que tomar\u00e1n para este 21 de septiembre, al que tambi\u00e9n se le suma el hecho de que est\u00e9 la Fiesta del Salame Quintero.<\/p>\n<p>\u201cHace tres a\u00f1os que venimos trabajando por una primavera segura. Estamos trabajando fuertemente con la coordinaci\u00f3n de juventud que tiene un buen v\u00ednculo con los estudiantes y eso nos facilita la articulaci\u00f3n con los chicos. Adem\u00e1s nos facilita la planificaci\u00f3n con mayor facilidad. Tanto ellos, los chicos, como nosotros, como los padres, queremos que sea un d\u00eda de diversi\u00f3n y de festejo\u201d, expres\u00f3 la funcionaria de Seguridad.<\/p>\n<p>Es as\u00ed que cont\u00f3 que los d\u00edas previos mantuvieron reuniones con las instituciones educativas. \u201cConsideramos que las instituciones son actores importantes. Independientemente de que el festejo no lo hagan en la escuela, ni lo organice la escuela, s\u00ed los estudiantes se identifican y sienten pertenencia a una instituci\u00f3n. Tambi\u00e9n convocamos a los padres y a los j\u00f3venes. Vemos que a\u00f1o a a\u00f1o hay m\u00e1s presencia de los padres, significa que estamos formando una buena red y hay una relaci\u00f3n de confianza entre padres y estudiantes y poder disfrutar en conjunto ese d\u00eda\u201d, agreg\u00f3 Kelly.<\/p>\n<p>\u201cEs importante y valioso que los chicos se pusieron de acuerdo en el horario de ingreso a las quintas de Acceso Sur. En la \u00faltima reuni\u00f3n definieron esto. Celebramos que sean ellos mismos los que lo hayan determinado. Son menos las reuniones. Est\u00e1n diagramadas de otra manera. Hoy no hay una norma con respecto a este tipo de eventos. Nos remitimos a la norma que pide el cumplimiento de requisitos que cumplen todos. Uno de los grupos hace la fiesta en un boliche habilitado, que tiene otros requisitos. Para la noche espec\u00edficamente diagramamos corredores de seguridad, fuerte presencia de parte de la Secretar\u00eda, de SEDRONAR, de pol\u00edticas juveniles\u201d, marc\u00f3 la funcionaria.<\/p>\n<p>\u201cEste a\u00f1o rige la ordenanza de prohibici\u00f3n de pirotecnia sonora. Esperamos que los chicos lo hayan entendido. Lo hemos trabajado con la coordinaci\u00f3n de discapacidad. Sabemos que es cultural, que puede llevar mucho tiempo. Nos pas\u00f3 con las fiestas de fin de a\u00f1o, nos pasa con los eventos de futbol. Hay gente que est\u00e1 de acuerdo, hay gente que est\u00e1 en contra. La ordenanza fue votada por la unanimidad de los concejales. Como ejecutivo tenemos que hacer cumplir la norma y estuvimos capacitando para que se cumpla esta norma\u201d, destac\u00f3.<\/p>\n<p>\u201cEste a\u00f1o vamos a tener la Fiesta del Salame Quintero. Pero estamos organizando todo como para que los dos eventos funcionen como corresponde\u201d, concluy\u00f3 la Secretaria de Seguridad, Josefina Kelly, sobre el trabajo del \u00e1rea para este viernes, sobre todo despu\u00e9s de las 18 horas que es cuando en paralelo la ciudad tendr\u00e1 a los estudiantes festejando su d\u00eda y la primavera y en el Mart\u00edn Rodr\u00edguez en el inicio de la fiesta del salame quintero.<\/p>\n","protected":false},"excerpt":{"rendered":"<p>La Secretaria de Seguridad Municipal, Josefina Kelly, dio cuenta de las medidas preventivas a tomar para este 21 de septiembre &#8230; <a title=\"Kelly: \u201cEstamos organizando todo como para que los dos eventos funcionen como corresponde\u201d\" class=\"read-more\" href=\"https:\/\/www.hoymercedes.com.ar\/principal\/2018\/09\/20\/kelly-estamos-organizando-todo-como-para-que-los-dos-eventos-funcionen-como-corresponde\/\" aria-label=\"Leer m\u00e1s sobre Kelly: \u201cEstamos organizando todo como para que los dos eventos funcionen como corresponde\u201d\">Leer m\u00e1s<\/a><\/p>\n","protected":false},"author":1,"featured_media":81349,"comment_status":"closed","ping_status":"open","sticky":false,"template":"","format":"standard","meta":{"_monsterinsights_skip_tracking":false,"_monsterinsights_sitenote_active":false,"_monsterinsights_sitenote_note":"","_monsterinsights_sitenote_category":0,"jetpack_post_was_ever_published":false,"_jetpack_newsletter_access":"","_jetpack_dont_email_post_to_subs":false,"_jetpack_newsletter_tier_id":0,"_jetpack_memberships_contains_paywalled_content":false,"_jetpack_memberships_contains_paid_content":false,"footnotes":"","jetpack_publicize_message":"","jetpack_publicize_feature_enabled":true,"jetpack_social_post_already_shared":true,"jetpack_social_options":{"image_generator_settings":{"template":"highway","default_image_id":0,"font":"","enabled":false},"version":2},"_wpas_customize_per_network":false},"categories":[30],"tags":[1002,13762,8437,10,802],"class_list":["post-81359","post","type-post","status-publish","format-standard","has-post-thumbnail","hentry","category-municipio","tag-dia-de-la-primavera","tag-dia-del-estudiante","tag-josefina-kelly","tag-mercedes","tag-seguridad","generate-columns","tablet-grid-50","mobile-grid-100","grid-parent","grid-50"],"jetpack_publicize_connections":[],"jetpack_featured_media_url":"https:\/\/www.hoymercedes.com.ar\/principal\/wp-content\/uploads\/2018\/09\/20-josefina-kelly.jpeg","wps_subtitle":"Para este 21","jetpack_sharing_enabled":true,"_links":{"self":[{"href":"https:\/\/www.hoymercedes.com.ar\/principal\/wp-json\/wp\/v2\/posts\/81359","targetHints":{"allow":["GET"]}}],"collection":[{"href":"https:\/\/www.hoymercedes.com.ar\/principal\/wp-json\/wp\/v2\/posts"}],"about":[{"href":"https:\/\/www.hoymercedes.com.ar\/principal\/wp-json\/wp\/v2\/types\/post"}],"author":[{"embeddable":true,"href":"https:\/\/www.hoymercedes.com.ar\/principal\/wp-json\/wp\/v2\/users\/1"}],"replies":[{"embeddable":true,"href":"https:\/\/www.hoymercedes.com.ar\/principal\/wp-json\/wp\/v2\/comments?post=81359"}],"version-history":[{"count":0,"href":"https:\/\/www.hoymercedes.com.ar\/principal\/wp-json\/wp\/v2\/posts\/81359\/revisions"}],"wp:featuredmedia":[{"embeddable":true,"href":"https:\/\/www.hoymercedes.com.ar\/principal\/wp-json\/wp\/v2\/media\/81349"}],"wp:attachment":[{"href":"https:\/\/www.hoymercedes.com.ar\/principal\/wp-json\/wp\/v2\/media?parent=81359"}],"wp:term":[{"taxonomy":"category","embeddable":true,"href":"https:\/\/www.hoymercedes.com.ar\/principal\/wp-json\/wp\/v2\/categories?post=81359"},{"taxonomy":"post_tag","embeddable":true,"href":"https:\/\/www.hoymercedes.com.ar\/principal\/wp-json\/wp\/v2\/tags?post=81359"}],"curies":[{"name":"wp","href":"https:\/\/api.w.org\/{rel}","templated":true}]}}