{"id":81381,"date":"2018-09-21T09:26:45","date_gmt":"2018-09-21T12:26:45","guid":{"rendered":"http:\/\/www.hoymercedes.com.ar\/principal\/?p=81381"},"modified":"2018-09-21T09:26:45","modified_gmt":"2018-09-21T12:26:45","slug":"los-jubilados-celebraron-su-dia-con-las-autoridades-locales-del-pami-y-anses","status":"publish","type":"post","link":"https:\/\/www.hoymercedes.com.ar\/principal\/2018\/09\/21\/los-jubilados-celebraron-su-dia-con-las-autoridades-locales-del-pami-y-anses\/","title":{"rendered":"Los jubilados celebraron su d\u00eda con las autoridades locales del PAMI y ANSES"},"content":{"rendered":"<p>Anticipando los festejos de su d\u00eda, los jubilados de Mercedes celebraron su d\u00eda en el Centro de Jubilados Renacer con la organizaci\u00f3n de la agencia local de PAMI y la colaboraci\u00f3n del ANSES local. Los siete centros y clubes sumaron cerca de cien jubilados para conmemorar junto a\u00a0Nicol\u00e1s Farias (PAMI) y Jorge Aguirre (Gerente Regional de ANSES)<\/p>\n<p><img loading=\"lazy\" decoding=\"async\" data-attachment-id=\"81395\" data-permalink=\"https:\/\/www.hoymercedes.com.ar\/principal\/2018\/09\/21\/los-jubilados-celebraron-su-dia-con-las-autoridades-locales-del-pami-y-anses\/21-jubilados-3\/#main\" data-orig-file=\"https:\/\/www.hoymercedes.com.ar\/principal\/wp-content\/uploads\/2018\/09\/21-jubilados-3.jpg\" data-orig-size=\"750,563\" data-comments-opened=\"0\" data-image-meta=\"{&quot;aperture&quot;:&quot;0&quot;,&quot;credit&quot;:&quot;&quot;,&quot;camera&quot;:&quot;&quot;,&quot;caption&quot;:&quot;&quot;,&quot;created_timestamp&quot;:&quot;0&quot;,&quot;copyright&quot;:&quot;&quot;,&quot;focal_length&quot;:&quot;0&quot;,&quot;iso&quot;:&quot;0&quot;,&quot;shutter_speed&quot;:&quot;0&quot;,&quot;title&quot;:&quot;&quot;,&quot;orientation&quot;:&quot;0&quot;}\" data-image-title=\"21 jubilados 3\" data-image-description=\"\" data-image-caption=\"\" data-large-file=\"https:\/\/www.hoymercedes.com.ar\/principal\/wp-content\/uploads\/2018\/09\/21-jubilados-3.jpg\" class=\"aligncenter size-medium wp-image-81395\" src=\"https:\/\/www.hoymercedes.com.ar\/principal\/wp-content\/uploads\/2018\/09\/21-jubilados-3-630x473.jpg\" alt=\"\" width=\"630\" height=\"473\" srcset=\"https:\/\/www.hoymercedes.com.ar\/principal\/wp-content\/uploads\/2018\/09\/21-jubilados-3-630x473.jpg 630w, https:\/\/www.hoymercedes.com.ar\/principal\/wp-content\/uploads\/2018\/09\/21-jubilados-3-150x113.jpg 150w, https:\/\/www.hoymercedes.com.ar\/principal\/wp-content\/uploads\/2018\/09\/21-jubilados-3.jpg 750w\" sizes=\"auto, (max-width: 630px) 100vw, 630px\" \/><\/p>\n<p>Durante los festejos, se realiz\u00f3 la presentaci\u00f3n de un grupo de salsa. Profesora y alumnas mostraron las coreograf\u00edas de las clases semanales. Luego, el tango, el recitado y la payada se hizo centro del festejo de todos los presentes.<\/p>\n<p>Las autoridades de PAMI y ANSES expresaron palabras de agradecimiento y felicitaci\u00f3n a los jubilados de MErcedes. \u00abEs muy lindo compartir estos momentos junto a todos ustedes, y sepan que desde ANSES tenemos un \u00e1rea destinada a los adultos mayores, para brindarles herramientas, en ese sentido siempre estamos dispuestos a participar junto a ustedes, expres\u00f3 Aguirre.<\/p>\n<p>Por su parte, Far\u00edas invit\u00f3 a representantes de los sietes Centros de Jubilados de Mercedes y entreg\u00f3 certificados de reconocimiento\u00a0para cada uno por su labor diaria. \u00abEs una gran alegr\u00eda que ya por tercer a\u00f1o consecutivo podamos desde PAMI realizar este festejo. Sabemos lo importante que es la tarea que realizan en los centros de jubilados. Quienes estamos en una funci\u00f3n de administraci\u00f3n debemos aprender mucho de ustedes, de las ganas que tienen d\u00eda a d\u00eda de seguir demostrando que cada uno puede desde su lugar cambiar la realidad\u00bb agradeci\u00f3 Farias en los momentos finales del festejo.<\/p>\n<p><img loading=\"lazy\" decoding=\"async\" data-attachment-id=\"81393\" data-permalink=\"https:\/\/www.hoymercedes.com.ar\/principal\/2018\/09\/21\/los-jubilados-celebraron-su-dia-con-las-autoridades-locales-del-pami-y-anses\/21-jubilados-1\/#main\" data-orig-file=\"https:\/\/www.hoymercedes.com.ar\/principal\/wp-content\/uploads\/2018\/09\/21-jubilados-1.jpg\" data-orig-size=\"750,499\" data-comments-opened=\"0\" data-image-meta=\"{&quot;aperture&quot;:&quot;0&quot;,&quot;credit&quot;:&quot;&quot;,&quot;camera&quot;:&quot;&quot;,&quot;caption&quot;:&quot;&quot;,&quot;created_timestamp&quot;:&quot;0&quot;,&quot;copyright&quot;:&quot;&quot;,&quot;focal_length&quot;:&quot;0&quot;,&quot;iso&quot;:&quot;0&quot;,&quot;shutter_speed&quot;:&quot;0&quot;,&quot;title&quot;:&quot;&quot;,&quot;orientation&quot;:&quot;0&quot;}\" data-image-title=\"21 jubilados 1\" data-image-description=\"\" data-image-caption=\"\" data-large-file=\"https:\/\/www.hoymercedes.com.ar\/principal\/wp-content\/uploads\/2018\/09\/21-jubilados-1.jpg\" class=\"aligncenter size-medium wp-image-81393\" src=\"https:\/\/www.hoymercedes.com.ar\/principal\/wp-content\/uploads\/2018\/09\/21-jubilados-1-630x419.jpg\" alt=\"\" width=\"630\" height=\"419\" srcset=\"https:\/\/www.hoymercedes.com.ar\/principal\/wp-content\/uploads\/2018\/09\/21-jubilados-1-630x419.jpg 630w, https:\/\/www.hoymercedes.com.ar\/principal\/wp-content\/uploads\/2018\/09\/21-jubilados-1-150x100.jpg 150w, https:\/\/www.hoymercedes.com.ar\/principal\/wp-content\/uploads\/2018\/09\/21-jubilados-1.jpg 750w\" sizes=\"auto, (max-width: 630px) 100vw, 630px\" \/><\/p>\n","protected":false},"excerpt":{"rendered":"<p>Anticipando los festejos de su d\u00eda, los jubilados de Mercedes celebraron su d\u00eda en el Centro de Jubilados Renacer con &#8230; <a title=\"Los jubilados celebraron su d\u00eda con las autoridades locales del PAMI y ANSES\" class=\"read-more\" href=\"https:\/\/www.hoymercedes.com.ar\/principal\/2018\/09\/21\/los-jubilados-celebraron-su-dia-con-las-autoridades-locales-del-pami-y-anses\/\" aria-label=\"Leer m\u00e1s sobre Los jubilados celebraron su d\u00eda con las autoridades locales del PAMI y ANSES\">Leer m\u00e1s<\/a><\/p>\n","protected":false},"author":1,"featured_media":81394,"comment_status":"closed","ping_status":"open","sticky":false,"template":"","format":"standard","meta":{"_monsterinsights_skip_tracking":false,"_monsterinsights_sitenote_active":false,"_monsterinsights_sitenote_note":"","_monsterinsights_sitenote_category":0,"jetpack_post_was_ever_published":false,"_jetpack_newsletter_access":"","_jetpack_dont_email_post_to_subs":false,"_jetpack_newsletter_tier_id":0,"_jetpack_memberships_contains_paywalled_content":false,"_jetpack_memberships_contains_paid_content":false,"footnotes":"","jetpack_publicize_message":"","jetpack_publicize_feature_enabled":true,"jetpack_social_post_already_shared":true,"jetpack_social_options":{"image_generator_settings":{"template":"highway","default_image_id":0,"font":"","enabled":false},"version":2},"_wpas_customize_per_network":false},"categories":[8],"tags":[4,2598,2769,9437,2781],"class_list":["post-81381","post","type-post","status-publish","format-standard","has-post-thumbnail","hentry","category-sociedad","tag-anses","tag-centro-de-jubilados","tag-dia-del-jubilado","tag-festejos","tag-pami","generate-columns","tablet-grid-50","mobile-grid-100","grid-parent","grid-50"],"jetpack_publicize_connections":[],"jetpack_featured_media_url":"https:\/\/www.hoymercedes.com.ar\/principal\/wp-content\/uploads\/2018\/09\/21-jubilados-2.jpg","wps_subtitle":"Siete centros de jubilados","jetpack_sharing_enabled":true,"_links":{"self":[{"href":"https:\/\/www.hoymercedes.com.ar\/principal\/wp-json\/wp\/v2\/posts\/81381","targetHints":{"allow":["GET"]}}],"collection":[{"href":"https:\/\/www.hoymercedes.com.ar\/principal\/wp-json\/wp\/v2\/posts"}],"about":[{"href":"https:\/\/www.hoymercedes.com.ar\/principal\/wp-json\/wp\/v2\/types\/post"}],"author":[{"embeddable":true,"href":"https:\/\/www.hoymercedes.com.ar\/principal\/wp-json\/wp\/v2\/users\/1"}],"replies":[{"embeddable":true,"href":"https:\/\/www.hoymercedes.com.ar\/principal\/wp-json\/wp\/v2\/comments?post=81381"}],"version-history":[{"count":0,"href":"https:\/\/www.hoymercedes.com.ar\/principal\/wp-json\/wp\/v2\/posts\/81381\/revisions"}],"wp:featuredmedia":[{"embeddable":true,"href":"https:\/\/www.hoymercedes.com.ar\/principal\/wp-json\/wp\/v2\/media\/81394"}],"wp:attachment":[{"href":"https:\/\/www.hoymercedes.com.ar\/principal\/wp-json\/wp\/v2\/media?parent=81381"}],"wp:term":[{"taxonomy":"category","embeddable":true,"href":"https:\/\/www.hoymercedes.com.ar\/principal\/wp-json\/wp\/v2\/categories?post=81381"},{"taxonomy":"post_tag","embeddable":true,"href":"https:\/\/www.hoymercedes.com.ar\/principal\/wp-json\/wp\/v2\/tags?post=81381"}],"curies":[{"name":"wp","href":"https:\/\/api.w.org\/{rel}","templated":true}]}}