{"id":8139,"date":"2011-10-09T07:44:11","date_gmt":"2011-10-09T07:44:11","guid":{"rendered":"http:\/\/www.hoymercedes.com.ar\/principal\/?p=8139"},"modified":"2011-10-09T08:04:07","modified_gmt":"2011-10-09T08:04:07","slug":"baranao%e2%80%9dmercedes-puede-posicionarse-como-un-polo-biotecnologico-a-nivel-nacional","status":"publish","type":"post","link":"https:\/\/www.hoymercedes.com.ar\/principal\/2011\/10\/09\/baranao%e2%80%9dmercedes-puede-posicionarse-como-un-polo-biotecnologico-a-nivel-nacional\/","title":{"rendered":"Bara\u00f1ao:\u201dMercedes puede posicionarse como un polo Biotecnol\u00f3gico a nivel nacional\u00bb"},"content":{"rendered":"<p><a href=\"https:\/\/www.hoymercedes.com.ar\/principal\/wp-content\/uploads\/2011\/10\/Bara\u00f1ao-Ustarroz.jpg\"><img loading=\"lazy\" decoding=\"async\" data-attachment-id=\"8141\" data-permalink=\"https:\/\/www.hoymercedes.com.ar\/principal\/2011\/10\/09\/baranao%e2%80%9dmercedes-puede-posicionarse-como-un-polo-biotecnologico-a-nivel-nacional\/baranao-ustarroz-2\/#main\" data-orig-file=\"https:\/\/www.hoymercedes.com.ar\/principal\/wp-content\/uploads\/2011\/10\/Bara\u00f1ao-Ustarroz.jpg\" data-orig-size=\"612,406\" data-comments-opened=\"1\" data-image-meta=\"{&quot;aperture&quot;:&quot;4.5&quot;,&quot;credit&quot;:&quot;Moreira Mario Hugo    FOTOGRAFIA&quot;,&quot;camera&quot;:&quot;NIKON D300&quot;,&quot;caption&quot;:&quot;&quot;,&quot;created_timestamp&quot;:&quot;1317994471&quot;,&quot;copyright&quot;:&quot;AW Fotografia   Moreira Mario Hugo&quot;,&quot;focal_length&quot;:&quot;40&quot;,&quot;iso&quot;:&quot;3200&quot;,&quot;shutter_speed&quot;:&quot;0.016666666666667&quot;,&quot;title&quot;:&quot;&quot;}\" data-image-title=\"Bara\u00f1ao-Ustarroz\" data-image-description=\"\" data-image-caption=\"\" data-large-file=\"https:\/\/www.hoymercedes.com.ar\/principal\/wp-content\/uploads\/2011\/10\/Bara\u00f1ao-Ustarroz.jpg\" class=\"aligncenter size-full wp-image-8141\" title=\"Bara\u00f1ao-Ustarroz\" src=\"https:\/\/www.hoymercedes.com.ar\/principal\/wp-content\/uploads\/2011\/10\/Bara\u00f1ao-Ustarroz.jpg\" alt=\"\" width=\"612\" height=\"406\" \/><\/a><\/p>\n<p>El viernes pasado estuvo en Mercedes el Ministro de Ciencia, Tecnologia e innovaci\u00f3n Lino Bara\u00f1ao junto al candidato del Frente Mercedino para la Victoria Juan Ignacio Ustarroz, junto a ellos compartieron la mesa principal de esta disertaci\u00f3n el vicepresidente de Aerolineas Argentinas y candidato a diputado Nacional Eduardo \u201cWado\u201d De Pedro y el subsecretario de Coordinaci\u00f3n Administrativa del Ministerio de Ciencia, Tecnolog\u00eda e Innovaci\u00f3n de la Naci\u00f3n Rodolfo Blasco.<\/p>\n<p>Antes de comenzar con la disertaci\u00f3n Juan Ustarroz y su equipo de trabajo hicieron una distinci\u00f3n al paleont\u00f3logo Jose Bonaparte, uno de los mas destacados a nivel mundial:\u201dCelebro la visita del ministro de Ciencia y Tecnologia y agradezco a Juan Ustarroz por este reconocimiento, hoy el desarrollo de la ciencia en la Argentina es felizmente muy positivo y progresa de acuerdo a los requerimientos cient\u00edficos que cada vez son mayores en nuestra sociedad, la ciencia juega un papel fundamental en la sociedad moderna y lo va a seguir haciendo en el futuro por eso creo que esta visita puede ser muy beneficiosa para nuestra comunidad\u201d<\/p>\n<p>Luego el encargado de tomar la palabra fue Juan Ustarroz, impulsor de esta gesti\u00f3n tecnologica que dijo:\u201dla verdad que el dia de hoy es un dia de mucha alegr\u00eda , de mucha esperanza que se fundamenta en avanzar y profundizar en esto que nosotros planteamos que Mercedes debe adquirir un nivel productivo, debemos desarrollar nuestra ciudad en consonancia con el modelo productivo y cient\u00edfico que tiene nuestro pa\u00eds y en ese sentido nada mas apropiado que articular con el ministerio de Ciencia y tecnolog\u00eda, celebramos los trabajos que vienen realizando los equipos t\u00e9cnicos del Frente Mercedino con los equipos del ministerio\u201d<\/p>\n<p>\u201cQueremos generar un espacio donde se pueda desarrollar el conocimiento cient\u00edfico, donde los j\u00f3venes se puedan capacitar, donde los emprendedores tambi\u00e9n puedan hacerlo, esto es el marco de una nueva mirada con respecto al rol de un municipio que este vinculado a la ciencia y a la tecnolog\u00eda\u201d.<\/p>\n<p>Luego el Ministro Lino Bara\u00f1ao se dirijio a los presentes:\u201dHoy nos llena de alegr\u00eda estar en Mercedes lanzando esta idea, este nuevo estilo de polo tecnol\u00f3gico,a nivel nacional nos abocamos a tareas concretas fundamentales primero a concretar el proceso de fortalecimiento del sistema, incorporado mas investigadores, comprando equipamiento, fortalecimos el Conicet, ya que en este pa\u00eds durante muchos a\u00f1os no se invirti\u00f3 ni un ladrillo para la investigaci\u00f3n cient\u00edfica del pa\u00eds, hoy es otra la realidad, el estado tiene que intervenir a trav\u00e9s de la incorporaci\u00f3n de nuevas tecnolog\u00edas \u201c<\/p>\n<p><a href=\"https:\/\/www.hoymercedes.com.ar\/principal\/wp-content\/uploads\/2011\/10\/Bara\u00f1ao-Mercedes.jpg\"><img loading=\"lazy\" decoding=\"async\" data-attachment-id=\"8142\" data-permalink=\"https:\/\/www.hoymercedes.com.ar\/principal\/2011\/10\/09\/baranao%e2%80%9dmercedes-puede-posicionarse-como-un-polo-biotecnologico-a-nivel-nacional\/baranao-mercedes\/#main\" data-orig-file=\"https:\/\/www.hoymercedes.com.ar\/principal\/wp-content\/uploads\/2011\/10\/Bara\u00f1ao-Mercedes.jpg\" data-orig-size=\"612,406\" data-comments-opened=\"1\" data-image-meta=\"{&quot;aperture&quot;:&quot;4&quot;,&quot;credit&quot;:&quot;Moreira Mario Hugo    FOTOGRAFIA&quot;,&quot;camera&quot;:&quot;NIKON D300&quot;,&quot;caption&quot;:&quot;&quot;,&quot;created_timestamp&quot;:&quot;1317993933&quot;,&quot;copyright&quot;:&quot;AW Fotografia   Moreira Mario Hugo&quot;,&quot;focal_length&quot;:&quot;18&quot;,&quot;iso&quot;:&quot;3200&quot;,&quot;shutter_speed&quot;:&quot;0.0125&quot;,&quot;title&quot;:&quot;&quot;}\" data-image-title=\"Bara\u00f1ao-Mercedes\" data-image-description=\"\" data-image-caption=\"\" data-large-file=\"https:\/\/www.hoymercedes.com.ar\/principal\/wp-content\/uploads\/2011\/10\/Bara\u00f1ao-Mercedes.jpg\" class=\"aligncenter size-full wp-image-8142\" title=\"Bara\u00f1ao-Mercedes\" src=\"https:\/\/www.hoymercedes.com.ar\/principal\/wp-content\/uploads\/2011\/10\/Bara\u00f1ao-Mercedes.jpg\" alt=\"\" width=\"612\" height=\"406\" srcset=\"https:\/\/www.hoymercedes.com.ar\/principal\/wp-content\/uploads\/2011\/10\/Bara\u00f1ao-Mercedes.jpg 612w, https:\/\/www.hoymercedes.com.ar\/principal\/wp-content\/uploads\/2011\/10\/Bara\u00f1ao-Mercedes-300x199.jpg 300w\" sizes=\"auto, (max-width: 612px) 100vw, 612px\" \/><\/a><\/p>\n<p>\u201cMercedes va a tener un rol protagonico, est\u00e1n dadas las condiciones, porque para que esta pol\u00edtica de innovaci\u00f3n inclusiva tenga \u00e9xito es imprescindible una conexi\u00f3n con los gobiernos locales, es el gobierno local el que conoce las necesidades, la idiosincrasia de la poblaci\u00f3n y esta en contacto directo con los ciudadanos y puede garantizar que un emprendimiento innovador tenga \u00e9xito, esto puede posicionar a Mercedes como un polo biotecnol\u00f3gico a nivel nacional, nosotros asumimos el compromiso de apoyar esta iniciativa\u201d<\/p>\n<p>Recordemos que la creaci\u00f3n de este polo cient\u00edfico y tecnol\u00f3gico esta pensado para ser llevado adelante en la Colonia Capit\u00e1n Sarmiento en el pueblo vecino de Olivera.<\/p>\n<p>El pre proyecto de ciencia y tecnolog\u00eda que pretende llevar adelante Ustarroz cuenta de tres pilares: Incubadoras de empresas vinculadas a la biotecnolog\u00eda, esto se trata de que se les permite a las empresas que trabajan en esta tematica a hacer uso de las instalaciones por un tiempo hasta que este en condiciones de consolidarse la nueva empresa, Capacitacion, d\u00e1ndole entrenamiento a los t\u00e9cnicos\/profesionales y ayuda a los emprendedores mediante una vista de sus proyectos y asi vincularlos con instituciones gubernamentales, caso FONTAR, Exportar, Ministerio de Industria, INTI, INTA, etc.<\/p>\n<p>La idea es que en ese predio convivan la universidad tecnol\u00f3gica y proyectos vinculados a las altas tecnolog\u00edas, una especie de ciudad inteligente.<\/p>\n<p>Tambien desde el Ministerio se busca capacitar a los colegios t\u00e9cnicos, como ya hace unos d\u00edas se hizo con la ENET n\u00b0 1 con la entrega de robots capacitadores, adem\u00e1s de capacitar a los docentes para la utilizaci\u00f3n de estos.<\/p>\n<p>Otro de los puntos destacables del ministerio es el acercamiento hacia las herramientas financieras mediante el Fondo Tecnologico Argentino (FONTAR) por medio de capacitaciones, ayuda con la formulaci\u00f3n de proyectos, visitando las empresas, en Mercedes ya han sido beneficiadas varias empresas y hay muchas que est\u00e1n interesadas en alguna l\u00ednea.<\/p>\n","protected":false},"excerpt":{"rendered":"<p>El viernes pasado estuvo en Mercedes el Ministro de Ciencia, Tecnologia e innovaci\u00f3n Lino Bara\u00f1ao junto al candidato del Frente &#8230; <a title=\"Bara\u00f1ao:\u201dMercedes puede posicionarse como un polo Biotecnol\u00f3gico a nivel nacional\u00bb\" class=\"read-more\" href=\"https:\/\/www.hoymercedes.com.ar\/principal\/2011\/10\/09\/baranao%e2%80%9dmercedes-puede-posicionarse-como-un-polo-biotecnologico-a-nivel-nacional\/\" aria-label=\"Leer m\u00e1s sobre Bara\u00f1ao:\u201dMercedes puede posicionarse como un polo Biotecnol\u00f3gico a nivel nacional\u00bb\">Leer m\u00e1s<\/a><\/p>\n","protected":false},"author":1,"featured_media":0,"comment_status":"open","ping_status":"open","sticky":false,"template":"","format":"standard","meta":{"_monsterinsights_skip_tracking":false,"_monsterinsights_sitenote_active":false,"_monsterinsights_sitenote_note":"","_monsterinsights_sitenote_category":0,"jetpack_post_was_ever_published":false,"_jetpack_newsletter_access":"","_jetpack_dont_email_post_to_subs":false,"_jetpack_newsletter_tier_id":0,"_jetpack_memberships_contains_paywalled_content":false,"_jetpack_memberships_contains_paid_content":false,"footnotes":"","jetpack_publicize_message":"","jetpack_publicize_feature_enabled":true,"jetpack_social_post_already_shared":false,"jetpack_social_options":{"image_generator_settings":{"template":"highway","default_image_id":0,"font":"","enabled":false},"version":2},"_wpas_customize_per_network":false},"categories":[5],"tags":[1385,10,1280,424],"class_list":["post-8139","post","type-post","status-publish","format-standard","hentry","category-politica","tag-baranao","tag-mercedes","tag-polo-tecnologico","tag-ustarroz","generate-columns","tablet-grid-50","mobile-grid-100","grid-parent","grid-50"],"jetpack_publicize_connections":[],"jetpack_featured_media_url":"","wps_subtitle":"","jetpack_sharing_enabled":true,"_links":{"self":[{"href":"https:\/\/www.hoymercedes.com.ar\/principal\/wp-json\/wp\/v2\/posts\/8139","targetHints":{"allow":["GET"]}}],"collection":[{"href":"https:\/\/www.hoymercedes.com.ar\/principal\/wp-json\/wp\/v2\/posts"}],"about":[{"href":"https:\/\/www.hoymercedes.com.ar\/principal\/wp-json\/wp\/v2\/types\/post"}],"author":[{"embeddable":true,"href":"https:\/\/www.hoymercedes.com.ar\/principal\/wp-json\/wp\/v2\/users\/1"}],"replies":[{"embeddable":true,"href":"https:\/\/www.hoymercedes.com.ar\/principal\/wp-json\/wp\/v2\/comments?post=8139"}],"version-history":[{"count":0,"href":"https:\/\/www.hoymercedes.com.ar\/principal\/wp-json\/wp\/v2\/posts\/8139\/revisions"}],"wp:attachment":[{"href":"https:\/\/www.hoymercedes.com.ar\/principal\/wp-json\/wp\/v2\/media?parent=8139"}],"wp:term":[{"taxonomy":"category","embeddable":true,"href":"https:\/\/www.hoymercedes.com.ar\/principal\/wp-json\/wp\/v2\/categories?post=8139"},{"taxonomy":"post_tag","embeddable":true,"href":"https:\/\/www.hoymercedes.com.ar\/principal\/wp-json\/wp\/v2\/tags?post=8139"}],"curies":[{"name":"wp","href":"https:\/\/api.w.org\/{rel}","templated":true}]}}