{"id":81413,"date":"2018-09-21T16:01:17","date_gmt":"2018-09-21T19:01:17","guid":{"rendered":"http:\/\/www.hoymercedes.com.ar\/principal\/?p=81413"},"modified":"2018-09-21T16:18:30","modified_gmt":"2018-09-21T19:18:30","slug":"concejal-cabral-opino-que-habria-que-reconsiderar-el-veto-a-la-adhesion-del-pacto-fiscal","status":"publish","type":"post","link":"https:\/\/www.hoymercedes.com.ar\/principal\/2018\/09\/21\/concejal-cabral-opino-que-habria-que-reconsiderar-el-veto-a-la-adhesion-del-pacto-fiscal\/","title":{"rendered":"Concejal Cabral propone la reconsideraci\u00f3n del veto a la adhesi\u00f3n del pacto fiscal"},"content":{"rendered":"<p>Ante un nuevo decreto del gobierno nacional publicado el d\u00eda mi\u00e9rcoles \u00faltimos, la Concejal Evangelina Cabral, del Frente Cambiemos, destac\u00f3 que ser\u00e1 necesario rever el veto que en su momento realiz\u00f3 el Intendente Municipal con la ordenanza adhirieron al pacto fiscal. En la nueva norma se establece c\u00f3mo se distribuir\u00e1 un fondo nacional entre qui\u00e9nes adhirieron al \u201cconsenso federal\u201d de noviembre del a\u00f1o pasado.<\/p>\n<figure id=\"attachment_81415\" aria-describedby=\"caption-attachment-81415\" style=\"width: 620px\" class=\"wp-caption aligncenter\"><img loading=\"lazy\" decoding=\"async\" data-attachment-id=\"81415\" data-permalink=\"https:\/\/www.hoymercedes.com.ar\/principal\/2018\/09\/21\/concejal-cabral-opino-que-habria-que-reconsiderar-el-veto-a-la-adhesion-del-pacto-fiscal\/21-evangelina-cabral\/#main\" data-orig-file=\"https:\/\/www.hoymercedes.com.ar\/principal\/wp-content\/uploads\/2018\/09\/21-evangelina-cabral.jpg\" data-orig-size=\"750,500\" data-comments-opened=\"0\" data-image-meta=\"{&quot;aperture&quot;:&quot;2&quot;,&quot;credit&quot;:&quot;&quot;,&quot;camera&quot;:&quot;Moto G (5S) Plus&quot;,&quot;caption&quot;:&quot;&quot;,&quot;created_timestamp&quot;:&quot;1537441729&quot;,&quot;copyright&quot;:&quot;&quot;,&quot;focal_length&quot;:&quot;3.59&quot;,&quot;iso&quot;:&quot;309&quot;,&quot;shutter_speed&quot;:&quot;0.03030303030303&quot;,&quot;title&quot;:&quot;&quot;,&quot;orientation&quot;:&quot;1&quot;}\" data-image-title=\"21 evangelina cabral\" data-image-description=\"\" data-image-caption=\"&lt;p&gt;Concejal Evangelina Cabral. Frente Cambiemos&lt;\/p&gt;\n\" data-large-file=\"https:\/\/www.hoymercedes.com.ar\/principal\/wp-content\/uploads\/2018\/09\/21-evangelina-cabral.jpg\" class=\"size-medium wp-image-81415\" src=\"https:\/\/www.hoymercedes.com.ar\/principal\/wp-content\/uploads\/2018\/09\/21-evangelina-cabral-630x420.jpg\" alt=\"\" width=\"630\" height=\"420\" srcset=\"https:\/\/www.hoymercedes.com.ar\/principal\/wp-content\/uploads\/2018\/09\/21-evangelina-cabral-630x420.jpg 630w, https:\/\/www.hoymercedes.com.ar\/principal\/wp-content\/uploads\/2018\/09\/21-evangelina-cabral-150x100.jpg 150w, https:\/\/www.hoymercedes.com.ar\/principal\/wp-content\/uploads\/2018\/09\/21-evangelina-cabral.jpg 750w\" sizes=\"auto, (max-width: 630px) 100vw, 630px\" \/><figcaption id=\"caption-attachment-81415\" class=\"wp-caption-text\">Concejal Evangelina Cabral. Frente Cambiemos<\/figcaption><\/figure>\n<p>\u201cEl mi\u00e9rcoles se public\u00f3 un decreto que crea el Programa de Asistencia Financiera a Provincias y Municipios para hacer un uso m\u00e1s eficiente de los recursos para las obras de infraestructura. Este decreto establece que habr\u00e1 4.125 millones de pesos para transferir en cuatro cuotas iguales, mensuales y consecutivas a las provincias que hayan aprobado el consenso fiscal de noviembre. Establece tambi\u00e9n que el 50% de ese monto se destinar\u00e1 a los municipios. Entendemos que es para esos municipios que hayan adherido al pacto fiscal\u201d, explic\u00f3 la concejala Cabral.<\/p>\n<p>\u201cLa provincia aprob\u00f3 la adhesi\u00f3n. Pero la ciudad de Mercedes, no. Al menos no a\u00fan. La provincia a\u00fan no anunci\u00f3 la norma respecto a este decreto. Pero suponemos que tendr\u00e1 que hacer una adecuaci\u00f3n. \u00bfQu\u00e9 pasar\u00eda en Mercedes? El Concejo Deliberante aprob\u00f3 una ordenanza por mayor\u00eda adhiriendo al pacto fiscal. Esa ordenanza, el Intendente la vet\u00f3. Todav\u00eda no sea ratificado ni rectificado el veto\u201d, agreg\u00f3<\/p>\n<p>\u201cActualmente no estamos ni adheridos ni se rechaz\u00f3 totalmente. Al aplicarse este decreto, Mercedes no recibir\u00eda nada en la situaci\u00f3n en la que estamos. Si el veto vuelve de la comisi\u00f3n al recinto y queda firme, Mercedes se ver\u00eda perjudicada. La realidad cambi\u00f3. Con este programa de asistencia financiera las comunas que adhieran podr\u00e1n terminar las obras que han comenzado\u201d, explic\u00f3 la contadora, concejal por el Frente Cambiemos.<\/p>\n<p>De esta forma, la Concejal de Cambiemos destaca que ser\u00e1 necesario rever el veto, tanto el Jefe Comunal como los Concejales. \u201cEste decreto a su vez, tiene que ver con el Fondo Solidario, modifica ese fondo. Lo que el Municipio recibi\u00f3 de ese fondo, en 2016 s\u00f3lo gast\u00f3 el 20%, y en 2017, el 60%. El resto lo puso en intereses en vez de iniciar o terminar las obras, prefiri\u00f3 ponerlo en plazo fijo\u201d, agreg\u00f3 Evangelina Cabral.<\/p>\n<p>\u201cNos deber\u00eda convocar el intendente, que fue el que decidi\u00f3 que no era lo m\u00e1s conveniente adherir al Pacto Fiscal\u2026 Cuando uno tiene el objetivo puesto en el bien com\u00fan todo es posible de revertir. Cambiaron las circunstancias, si el municipio realmente quiere hacer obras relacionadas con Mercedes, tendr\u00e1 que reevaluar las condiciones de la adhesi\u00f3n al Pacto Fiscal. El intendente y el bloque de los concejales de Unidad Ciudadana deben evaluar esto porque hay que revertir el veto. Creo que es algo posible, el tema est\u00e1 en comisiones a\u00fan y debe volver al recinto\u201d, resalt\u00f3 la concejal del Frente Cambiemos.<\/p>\n<p>Cabe destacar que luego de la sesi\u00f3n del 29 de mayo pasado en que por mayor\u00eda se aprob\u00f3 la ordenanza para adherir al \u201cpacto fiscal\u201d con los gobierno nacional, el Jefe Comunal vet\u00f3 la decisi\u00f3n legislativa que no se ratific\u00f3 ni rectific\u00f3 por los legisladores mercedinos.<\/p>\n","protected":false},"excerpt":{"rendered":"<p>Ante un nuevo decreto del gobierno nacional publicado el d\u00eda mi\u00e9rcoles \u00faltimos, la Concejal Evangelina Cabral, del Frente Cambiemos, destac\u00f3 &#8230; <a title=\"Concejal Cabral propone la reconsideraci\u00f3n del veto a la adhesi\u00f3n del pacto fiscal\" class=\"read-more\" href=\"https:\/\/www.hoymercedes.com.ar\/principal\/2018\/09\/21\/concejal-cabral-opino-que-habria-que-reconsiderar-el-veto-a-la-adhesion-del-pacto-fiscal\/\" aria-label=\"Leer m\u00e1s sobre Concejal Cabral propone la reconsideraci\u00f3n del veto a la adhesi\u00f3n del pacto fiscal\">Leer m\u00e1s<\/a><\/p>\n","protected":false},"author":1,"featured_media":81415,"comment_status":"closed","ping_status":"open","sticky":false,"template":"","format":"standard","meta":{"_monsterinsights_skip_tracking":false,"_monsterinsights_sitenote_active":false,"_monsterinsights_sitenote_note":"","_monsterinsights_sitenote_category":0,"jetpack_post_was_ever_published":false,"_jetpack_newsletter_access":"","_jetpack_dont_email_post_to_subs":false,"_jetpack_newsletter_tier_id":0,"_jetpack_memberships_contains_paywalled_content":false,"_jetpack_memberships_contains_paid_content":false,"footnotes":"","jetpack_publicize_message":"","jetpack_publicize_feature_enabled":true,"jetpack_social_post_already_shared":true,"jetpack_social_options":{"image_generator_settings":{"template":"highway","default_image_id":0,"font":"","enabled":false},"version":2},"_wpas_customize_per_network":false},"categories":[5],"tags":[13765,7492,15,10,12495,5319],"class_list":["post-81413","post","type-post","status-publish","format-standard","has-post-thumbnail","hentry","category-politica","tag-evangelina-cabral","tag-frente-cambiemos","tag-hcd","tag-mercedes","tag-pacto-fiscal","tag-politica-2","generate-columns","tablet-grid-50","mobile-grid-100","grid-parent","grid-50"],"jetpack_publicize_connections":[],"jetpack_featured_media_url":"https:\/\/www.hoymercedes.com.ar\/principal\/wp-content\/uploads\/2018\/09\/21-evangelina-cabral.jpg","wps_subtitle":"Cambios en el fondo nacional","jetpack_sharing_enabled":true,"_links":{"self":[{"href":"https:\/\/www.hoymercedes.com.ar\/principal\/wp-json\/wp\/v2\/posts\/81413","targetHints":{"allow":["GET"]}}],"collection":[{"href":"https:\/\/www.hoymercedes.com.ar\/principal\/wp-json\/wp\/v2\/posts"}],"about":[{"href":"https:\/\/www.hoymercedes.com.ar\/principal\/wp-json\/wp\/v2\/types\/post"}],"author":[{"embeddable":true,"href":"https:\/\/www.hoymercedes.com.ar\/principal\/wp-json\/wp\/v2\/users\/1"}],"replies":[{"embeddable":true,"href":"https:\/\/www.hoymercedes.com.ar\/principal\/wp-json\/wp\/v2\/comments?post=81413"}],"version-history":[{"count":0,"href":"https:\/\/www.hoymercedes.com.ar\/principal\/wp-json\/wp\/v2\/posts\/81413\/revisions"}],"wp:featuredmedia":[{"embeddable":true,"href":"https:\/\/www.hoymercedes.com.ar\/principal\/wp-json\/wp\/v2\/media\/81415"}],"wp:attachment":[{"href":"https:\/\/www.hoymercedes.com.ar\/principal\/wp-json\/wp\/v2\/media?parent=81413"}],"wp:term":[{"taxonomy":"category","embeddable":true,"href":"https:\/\/www.hoymercedes.com.ar\/principal\/wp-json\/wp\/v2\/categories?post=81413"},{"taxonomy":"post_tag","embeddable":true,"href":"https:\/\/www.hoymercedes.com.ar\/principal\/wp-json\/wp\/v2\/tags?post=81413"}],"curies":[{"name":"wp","href":"https:\/\/api.w.org\/{rel}","templated":true}]}}